{"id":34724,"date":"2021-06-21T21:28:48","date_gmt":"2021-06-21T19:28:48","guid":{"rendered":"http:\/\/e-anjelik.sk\/?p=34724"},"modified":"2021-06-21T21:28:48","modified_gmt":"2021-06-21T19:28:48","slug":"gp-rokovalo-16-6-2021","status":"publish","type":"post","link":"https:\/\/www.e-anjelik.sk\/index.php\/2021\/06\/21\/gp-rokovalo-16-6-2021\/","title":{"rendered":"GP rokovalo 16.6.2021"},"content":{"rendered":"\n<h1 class=\"wp-block-heading\">Zo zasadnutia Gener\u00e1lneho presbyterstva ECAV 16.6.2021<\/h1>\n\n\n\n<figure class=\"wp-block-image\"><a href=\"https:\/\/www.ecav.sk\/rails\/active_storage\/blobs\/eyJfcmFpbHMiOnsibWVzc2FnZSI6IkJBaHBBZ3FrIiwiZXhwIjpudWxsLCJwdXIiOiJibG9iX2lkIn19--38fd640289878ffccd2a233a2ef6705ad203318b\/lutherova_ruza.jpg\"><img decoding=\"async\" src=\"https:\/\/www.ecav.sk\/rails\/active_storage\/representations\/eyJfcmFpbHMiOnsibWVzc2FnZSI6IkJBaHBBZ3FrIiwiZXhwIjpudWxsLCJwdXIiOiJibG9iX2lkIn19--38fd640289878ffccd2a233a2ef6705ad203318b\/eyJfcmFpbHMiOnsibWVzc2FnZSI6IkJBaDdCam9MY21WemFYcGxTU0lJT1RBd0Jqb0dSVlE9IiwiZXhwIjpudWxsLCJwdXIiOiJ2YXJpYXRpb24ifX0=--f83398908a42570f1be2d2870fc3e62f317d893b\/lutherova_ruza.jpg\" alt=\"Zo zasadnutia Gener\u00e1lneho presbyterstva ECAV 16.6.2021\"\/><\/a><\/figure>\n\n\n\n<ul class=\"wp-block-list\"><li>&nbsp;21.06.21<\/li><li>&nbsp;&nbsp;Zuzana Pol\u00e1kov\u00e1, sekreteri\u00e1t ECAV<\/li><li>&nbsp;<a href=\"https:\/\/www.ecav.sk\/aktuality\/oznamy\">&nbsp;Oznamy<\/a><\/li><\/ul>\n\n\n\n<p>Za\u010diatok rokovania Gener\u00e1lneho presbyterstva ECAV na Slovensku, ktor\u00e9 sa konalo d\u0148a 16. j\u00fana, bol venovan\u00fd stretnutiu \u010dlenov presbyterstva s \u010dlenmi Spr\u00e1vnej rady Evanjelickej diakonie ECAV na Slovensku, pracovn\u00edkmi \u00fastredia, riadite\u013emi a spr\u00e1vcami jednotliv\u00fdch stred\u00edsk Evanjelickej diakonie. V Evanjelickom kostole v Banskej Bystrici sa spolo\u010dne dopoludnia venovali ot\u00e1zkam p\u00f4sobenia Evanjelickej diakonie v s\u00fa\u010dasnosti, ako aj v\u00fdh\u013eadu a potreb\u00e1m pre jej \u010dinnos\u0165 do bud\u00facnosti.<\/p>\n\n\n\n<p>Gener\u00e1lne presbyterstvo n\u00e1sledne pokra\u010dovalo vo svojom rokovan\u00ed v priestoroch zborovej miestnosti ev. farsk\u00e9ho \u00faradu, kde v r\u00e1mci programu nadviazalo na zasadnutie, konan\u00e9 d\u0148a 4.6.2021 vo Zvolene.<\/p>\n\n\n\n<p>Prerokovan\u00fd bol \u010dasov\u00fd a obsahov\u00fd harmonogram Synody ECAV a gener\u00e1lne presbyterstvo prijalo aj harmonogram volieb a pokyny pre vykonanie volieb na upr\u00e1zdnen\u00e9 miesto gener\u00e1lneho dozorcu ECAV na Slovensku. Vo\u013eby sa uskuto\u010dnia na volebn\u00fdch konventoch v\u0161etk\u00fdch cirkevn\u00fdch zborov Evanjelickej cirkvi augsbursk\u00e9ho vyznania na Slovensku v nasleduj\u00facich term\u00ednoch: 25. j\u00fala 2021, alebo 1. augusta 2021, alebo 8. augusta 2021.<\/p>\n\n\n\n<p>B\u00fdval\u00e9mu gener\u00e1lnemu dozorcovi Ing. J\u00e1novi Brozmanovi \u010dlenovia gener\u00e1lneho presbyterstva z\u00e1rove\u0148 vyjadruj\u00fa po\u010fakovanie za jeho obetav\u00fa slu\u017ebu v prospech Evanjelickej cirkvi augsbursk\u00e9ho vyznania a praj\u00fa mu v jeho pracovnom i osobnom \u017eivote hojnos\u0165 Bo\u017eieho po\u017eehnania.<\/p>\n\n\n\n<p>Z h\u013eadiska person\u00e1lnych z\u00e1le\u017eitost\u00ed rozhodli gener\u00e1lni presbyteri na vlastn\u00fa \u017eiados\u0165 JUDr. Igora Bartha odvola\u0165 ho z funkcie riadite\u013ea Gener\u00e1lneho biskupsk\u00e9ho \u00faradu ECAV ku d\u0148u 31.08.2021. \u010clenovia gener\u00e1lneho presbyterstva n\u00e1sledne do tejto funkcie menovali Mgr. J\u00e1na Bun\u010d\u00e1ka a to od 1.09.2021.<\/p>\n\n\n\n<p>V r\u00e1mci rozsiahlej diskusie \u010falej gener\u00e1lni presbyteri schv\u00e1lili doplnenie Z\u00e1sad odme\u0148ovania duchovn\u00fdch, ktor\u00e9 boli schv\u00e1len\u00e9 na predch\u00e1dzaj\u00facom zasadnut\u00ed d\u0148a 4.6.2021, s \u00fa\u010dinnos\u0165ou od 1.7.2021 a rozhodli o post\u00fapen\u00ed n\u00e1vrhov tabuliek odme\u0148ovania duchovn\u00fdch ECAV predlo\u017een\u00fdch Zdru\u017een\u00edm evanjelick\u00fdch duchovn\u00fdch a Gener\u00e1lnym hospod\u00e1rskym v\u00fdborom ECAV na rokovanie synode. Z\u00e1rove\u0148 presbyterstvo navrhuje zachova\u0165 s\u00fa\u010dasn\u00fd model finan\u010dn\u00e9ho pr\u00edspevku do Fondu finan\u010dn\u00e9ho zabezpe\u010denia ECAV.<\/p>\n\n\n\n<p>V \u010fal\u0161om bode programu zobrali presbyteri na vedomie inform\u00e1ciu br. J\u00e1na Hru\u0161ku o vzdan\u00ed sa funkcie predsedu Komisie pre zjednodu\u0161enie \u0161trukt\u00fary ECAV, ktor\u00e9mu presbyteri t\u00fdmto \u010fakuj\u00fa za jeho slu\u017ebu a veden\u00edm tejto komisie \u010falej poveruj\u00fa Predsedn\u00edctvo ECAV.<\/p>\n\n\n\n<p>Gener\u00e1lni presbyteri \u010falej rozhodli o schv\u00e1len\u00ed finan\u010dnej podpory z Podporn\u00e9ho fondu Gener\u00e1lnej podporovne z prostriedkov z\u00edskan\u00fdch z ofery vyhl\u00e1senej pre rok 2020. Finan\u010dn\u00e1 podpora sa t\u00fdka dvoch ve\u013ek\u00fdch projektov: Cirkevn\u00e9ho zboru \u0160v\u00e1bovce na zaplatenie evanjelickej fary vo \u0160v\u00e1bovciach a Cirkevn\u00e9ho zboruTorna\u013ea na misijn\u00e9 centrum \u2013 zborov\u00fd dom v Tornali a jedn\u00e9ho mal\u00e9ho projektu: pre Cirkevn\u00fd zbor \u0160ahy na opravu oporn\u00e9ho m\u00fara pod strechou farskej budovy a dokon\u010denie elektroin\u0161tal\u00e1cie.<\/p>\n\n\n\n<p>Gener\u00e1lne presbyterstvo taktie\u017e schv\u00e1lilo vyhodnotenie medi\u00e1lnej kampane ECAV pri s\u010d\u00edtan\u00ed obyvate\u013estva, pri\u010dom v tejto s\u00favislosti vyjadrili \u010dlenovia presbyterstva po\u010fakovanie Medi\u00e1lnemu v\u00fdboru ECAV za profesion\u00e1lnu realiz\u00e1ciu celej kampane.<\/p>\n\n\n\n<p>Najbli\u017e\u0161ie zasadnutie Gener\u00e1lneho presbyterstva ECAV je napl\u00e1novan\u00e9 na 6. augusta 2021.<\/p>\n\n\n\n<p><em>O presnom znen\u00ed prijat\u00fdch uznesen\u00ed bud\u00fa dotknut\u00e9 COJ a osoby informovan\u00e9 \u00faradn\u00fdm postupom.&nbsp;<\/em><\/p>\n","protected":false},"excerpt":{"rendered":"<p>Zo zasadnutia Gener\u00e1lneho presbyterstva ECAV 16.6.2021 &nbsp;21.06.21 &nbsp;&nbsp;Zuzana Pol\u00e1kov\u00e1, sekreteri\u00e1t ECAV &nbsp;&nbsp;Oznamy Za\u010diatok rokovania Gener\u00e1lneho presbyterstva ECAV na Slovensku, ktor\u00e9 sa konalo d\u0148a 16. j\u00fana, bol venovan\u00fd stretnutiu \u010dlenov presbyterstva s \u010dlenmi Spr\u00e1vnej rady Evanjelickej diakonie ECAV na Slovensku, pracovn\u00edkmi \u00fastredia, riadite\u013emi a spr\u00e1vcami jednotliv\u00fdch stred\u00edsk Evanjelickej diakonie. V Evanjelickom kostole v Banskej Bystrici sa &#8230; <a title=\"GP rokovalo 16.6.2021\" class=\"read-more\" href=\"https:\/\/www.e-anjelik.sk\/index.php\/2021\/06\/21\/gp-rokovalo-16-6-2021\/\" aria-label=\"Pre\u010d\u00edtajte si viac o GP rokovalo 16.6.2021\">\u010c\u00edta\u0165 viac<\/a><\/p>\n","protected":false},"author":4,"featured_media":0,"comment_status":"open","ping_status":"open","sticky":false,"template":"","format":"standard","meta":{"footnotes":""},"categories":[193,177,104],"tags":[],"class_list":["post-34724","post","type-post","status-publish","format-standard","hentry","category-co-pisu-ini","category-gbu","category-synoda"],"_links":{"self":[{"href":"https:\/\/www.e-anjelik.sk\/index.php\/wp-json\/wp\/v2\/posts\/34724","targetHints":{"allow":["GET"]}}],"collection":[{"href":"https:\/\/www.e-anjelik.sk\/index.php\/wp-json\/wp\/v2\/posts"}],"about":[{"href":"https:\/\/www.e-anjelik.sk\/index.php\/wp-json\/wp\/v2\/types\/post"}],"author":[{"embeddable":true,"href":"https:\/\/www.e-anjelik.sk\/index.php\/wp-json\/wp\/v2\/users\/4"}],"replies":[{"embeddable":true,"href":"https:\/\/www.e-anjelik.sk\/index.php\/wp-json\/wp\/v2\/comments?post=34724"}],"version-history":[{"count":1,"href":"https:\/\/www.e-anjelik.sk\/index.php\/wp-json\/wp\/v2\/posts\/34724\/revisions"}],"predecessor-version":[{"id":34725,"href":"https:\/\/www.e-anjelik.sk\/index.php\/wp-json\/wp\/v2\/posts\/34724\/revisions\/34725"}],"wp:attachment":[{"href":"https:\/\/www.e-anjelik.sk\/index.php\/wp-json\/wp\/v2\/media?parent=34724"}],"wp:term":[{"taxonomy":"category","embeddable":true,"href":"https:\/\/www.e-anjelik.sk\/index.php\/wp-json\/wp\/v2\/categories?post=34724"},{"taxonomy":"post_tag","embeddable":true,"href":"https:\/\/www.e-anjelik.sk\/index.php\/wp-json\/wp\/v2\/tags?post=34724"}],"curies":[{"name":"wp","href":"https:\/\/api.w.org\/{rel}","templated":true}]}}