{"id":3473,"date":"2011-04-01T10:07:34","date_gmt":"2011-04-01T10:07:34","guid":{"rendered":"http:\/\/e-anjelik.sk\/?p=3473"},"modified":"2011-04-01T10:07:34","modified_gmt":"2011-04-01T10:07:34","slug":"biskup-m-bunker-vizituje-diecezu-salzburg-tirol","status":"publish","type":"post","link":"https:\/\/www.e-anjelik.sk\/index.php\/2011\/04\/01\/biskup-m-bunker-vizituje-diecezu-salzburg-tirol\/","title":{"rendered":"Biskup M. Bunker vizituje diec\u00e9zu Salzburg-Tirol"},"content":{"rendered":"<p>Biskup Evanjelickej cirkvi v Rak&uacute;sku Michael Bunker v \u010dase od 3. do 10. apr&iacute;la nav&scaron;t&iacute;vi diec&eacute;zu Salzburg -Tirol. &quot;Je to najmlad&scaron;ia diec&eacute;za evanjelikov \u017eij&uacute;cich v diaspore. Ich dejiny s&uacute; pozna\u010den&eacute; vyhnan&iacute;m protestantov a diskrimin&aacute;ciou a\u017e do 20.storo\u010dia. Dnes je tu \u010dul&aacute; diakonick&aacute; pr&aacute;ca a pr&iacute;kladn&eacute; ekumenick&eacute; vz\u0165ahy.&quot; povedal pre tla\u010d biskup. Po\u010das&nbsp; n&aacute;v&scaron;tevy&nbsp;biskup nav&scaron;t&iacute;vi diakonick&eacute;&nbsp;zariadenia, stretne sa na rozhovoroch s pracovn&iacute;kmi cirkvi, politikmi i z&aacute;stupcami katol&iacute;ckej a pravosl&aacute;vnej cirkvi. Z&aacute;ver vizit&aacute;cie bud&uacute; tvori\u0165&nbsp;slu\u017eby Bo\u017eie v nede\u013eu 10. apr&iacute;la v Innsbrucku. V tejto diec&eacute;ze \u017eije do 30&nbsp;tis&iacute;c evanjelikov v 16 cirkevn&yacute;ch zboroch. S&iacute;dlom superintendent&uacute;ry je mesto Innsbruck.&nbsp;<\/p>\n<p>(<a href=\"http:\/\/www.evang.at\">www.evang.at<\/a>)&nbsp;<\/p>\n","protected":false},"excerpt":{"rendered":"<p>Biskup Evanjelickej cirkvi v Rak&uacute;sku Michael Bunker v \u010dase od 3. do 10. apr&iacute;la nav&scaron;t&iacute;vi diec&eacute;zu Salzburg -Tirol. &quot;Je to najmlad&scaron;ia diec&eacute;za evanjelikov \u017eij&uacute;cich v diaspore. Ich dejiny s&uacute; pozna\u010den&eacute; vyhnan&iacute;m protestantov a diskrimin&aacute;ciou a\u017e do 20.storo\u010dia. Dnes je tu \u010dul&aacute; diakonick&aacute; pr&aacute;ca a pr&iacute;kladn&eacute; ekumenick&eacute; vz\u0165ahy.&quot; povedal pre tla\u010d biskup. Po\u010das&nbsp; n&aacute;v&scaron;tevy&nbsp;biskup nav&scaron;t&iacute;vi diakonick&eacute;&nbsp;zariadenia, &#8230; <a title=\"Biskup M. Bunker vizituje diec\u00e9zu Salzburg-Tirol\" class=\"read-more\" href=\"https:\/\/www.e-anjelik.sk\/index.php\/2011\/04\/01\/biskup-m-bunker-vizituje-diecezu-salzburg-tirol\/\" aria-label=\"Pre\u010d\u00edtajte si viac o Biskup M. Bunker vizituje diec\u00e9zu Salzburg-Tirol\">\u010c\u00edta\u0165 viac<\/a><\/p>\n","protected":false},"author":22,"featured_media":0,"comment_status":"open","ping_status":"open","sticky":false,"template":"","format":"standard","meta":{"footnotes":""},"categories":[9,10],"tags":[],"class_list":["post-3473","post","type-post","status-publish","format-standard","hentry","category-europa","category-zo-sveta"],"_links":{"self":[{"href":"https:\/\/www.e-anjelik.sk\/index.php\/wp-json\/wp\/v2\/posts\/3473","targetHints":{"allow":["GET"]}}],"collection":[{"href":"https:\/\/www.e-anjelik.sk\/index.php\/wp-json\/wp\/v2\/posts"}],"about":[{"href":"https:\/\/www.e-anjelik.sk\/index.php\/wp-json\/wp\/v2\/types\/post"}],"author":[{"embeddable":true,"href":"https:\/\/www.e-anjelik.sk\/index.php\/wp-json\/wp\/v2\/users\/22"}],"replies":[{"embeddable":true,"href":"https:\/\/www.e-anjelik.sk\/index.php\/wp-json\/wp\/v2\/comments?post=3473"}],"version-history":[{"count":0,"href":"https:\/\/www.e-anjelik.sk\/index.php\/wp-json\/wp\/v2\/posts\/3473\/revisions"}],"wp:attachment":[{"href":"https:\/\/www.e-anjelik.sk\/index.php\/wp-json\/wp\/v2\/media?parent=3473"}],"wp:term":[{"taxonomy":"category","embeddable":true,"href":"https:\/\/www.e-anjelik.sk\/index.php\/wp-json\/wp\/v2\/categories?post=3473"},{"taxonomy":"post_tag","embeddable":true,"href":"https:\/\/www.e-anjelik.sk\/index.php\/wp-json\/wp\/v2\/tags?post=3473"}],"curies":[{"name":"wp","href":"https:\/\/api.w.org\/{rel}","templated":true}]}}