{"id":34738,"date":"2021-06-26T19:31:08","date_gmt":"2021-06-26T17:31:08","guid":{"rendered":"http:\/\/e-anjelik.sk\/?p=34738"},"modified":"2021-06-26T19:32:49","modified_gmt":"2021-06-26T17:32:49","slug":"papez-a-av","status":"publish","type":"post","link":"https:\/\/www.e-anjelik.sk\/index.php\/2021\/06\/26\/papez-a-av\/","title":{"rendered":"P\u00e1pe\u017e a AV"},"content":{"rendered":"\n<figure class=\"wp-block-image size-large\"><img decoding=\"async\" src=\"http:\/\/e-anjelik.sk\/wp-content\/uploads\/2021\/06\/safe_image.php_.jpeg\" alt=\"\" class=\"wp-image-34739\"\/><figcaption>P\u00e1pe\u017e prijal Svetov\u00fd luter\u00e1nsky zv\u00e4z: Augsbursk\u00e9 vyznanie a ekumenizmus<br>Pomaly sa pribli\u017euj\u00face 500. v\u00fdro\u010die Augsbursk\u00e9ho vyznania bolo hlavnou t\u00e9mou n\u00e1v\u0161tevy predstavite\u013eov Svetov\u00e9ho luter\u00e1nskeho zv\u00e4zu vo Vatik\u00e1ne. Deleg\u00e1ciu, ktor\u00fa prijal p\u00e1pe\u017e Franti\u0161ek v piatok 25. j\u00fana, viedli prezident organiz\u00e1cie arcibiskup Musa Panti Filibus z Nig\u00e9rie a gener\u00e1lny sekret\u00e1r Martin Junge z \u010cile.<br><br><br>P\u00e1pe\u017e si pri stretnut\u00ed zaspom\u00ednal na svoju n\u00e1v\u0161tevu v&nbsp;roku 2016 v Lunde, \u0161v\u00e9dskom meste, kde bol Svetov\u00fd luter\u00e1nsky zv\u00e4z zalo\u017een\u00fd a&nbsp;pr\u00e1ve sl\u00e1vil 70 rokov \u010dinnosti. Zacitoval slov\u00e1 Spolo\u010dnej deklar\u00e1cie podp\u00edsanej pri vtedaj\u0161om ekumenickom stretnut\u00ed: <em>\u201eProstredn\u00edctvom dial\u00f3gu a&nbsp;zdie\u013ean\u00e9ho svedectva si u\u017e nie sme cudz\u00edmi.\u201c \u201eNie sme si viac cudz\u00edmi, ale bratmi,\u201c <\/em>zd\u00f4raznil p\u00e1pe\u017e Franti\u0161ek.<br>\u00dastredn\u00e1 \u010das\u0165 <a href=\"https:\/\/www.vatican.va\/content\/francesco\/en\/speeches\/2021\/june\/documents\/20210625-federazione-luterana.html\">pr\u00edhovoru<\/a> Sv\u00e4t\u00e9ho Otca<br>\u201eDrah\u00ed bratia a&nbsp;sestry, na ceste od konfliktu ku spolo\u010denstvu ste v de\u0148 pamiatky <em>Augsbursk\u00e9ho vyznania<\/em> pri\u0161li do R\u00edma, aby r\u00e1stla jednota medzi nami. \u010eakujem v\u00e1m za to a vyjadrujem svoju n\u00e1dej, \u017ee spolo\u010dn\u00e9 uva\u017eovanie o <em>Augsburskom vyznan\u00ed <\/em>(<em>Confessio Augustana<\/em>), s poh\u013eadom na 500. v\u00fdro\u010die jeho prednesenia, 25. j\u00fana 2030 prinesie \u00fa\u017eitok na na\u0161ej ekumenickej ceste. Povedal som \u201ena ceste od konfliktu ku spolo\u010denstvu\u201c a&nbsp;toto napredovanie sa uskuto\u010d\u0148uje iba v kr\u00edze: v kr\u00edze, ktor\u00e1 n\u00e1m pom\u00e1ha dozrie\u0165 k tomu, \u010do h\u013ead\u00e1me.<br>Od konfliktu, ktor\u00fd sme pre\u017e\u00edvali po\u010das storo\u010d\u00ed, k spolo\u010denstvu, ktor\u00e9 chceme, a&nbsp;aby sme to dosiahli, vstupujeme do kr\u00edzy. Je to kr\u00edza, ktor\u00e1 je po\u017eehnan\u00edm od P\u00e1na. Vo svojej dobe predstavovalo <em>Augsbursk\u00e9 vyznanie<\/em> pokus zmari\u0165 hrozbu roz\u0161tiepenia v z\u00e1padnom kres\u0165anstve; p\u00f4vodne zam\u00fd\u0161\u013ean\u00fd ako vn\u00fatrokatol\u00edcky dokument zmierenia, a\u017e nesk\u00f4r nadobudol charakter textu luter\u00e1nskeho vierovyznania.<br>U\u017e v roku 1980, pri pr\u00edle\u017eitosti jeho 450. v\u00fdro\u010dia, luter\u00e1ni a katol\u00edci potvrdili: \u00abTo, \u010do sme v <em>Augsburskom vyznan\u00ed<\/em> uznali ako spolo\u010dn\u00fa vieru, n\u00e1m m\u00f4\u017ee pom\u00f4c\u0165 spolo\u010dne vyzna\u0165 t\u00fato vieru nov\u00fdm sp\u00f4sobom aj v na\u0161ej dobe\u00bb (<em>Spolo\u010dn\u00e9 vyhl\u00e1senie \u201eV\u0161etci pod jedn\u00fdm Kristom\u201c<\/em>, \u010d. 27).<br>Spolo\u010dne vyzn\u00e1va\u0165 to, \u010do n\u00e1s sp\u00e1ja vo viere. Prich\u00e1dzaj\u00fa mi na myse\u013e slov\u00e1 apo\u0161tola Pavla, ktor\u00fd nap\u00edsal: \u00abJedno je telo [&#8230;] jeden krst. Jeden je Boh\u00bb (Ef 4,4-6).<br>Jeden Boh. V&nbsp;prvom \u010dl\u00e1nku Augsbursk\u00e9 vyznanie vyzn\u00e1va vieru v Trojjedin\u00e9ho Boha, odvol\u00e1vaj\u00fac sa vyslovene na Nicejsk\u00fd koncil. Nicejsk\u00e9 kr\u00e9do je z\u00e1v\u00e4zn\u00fdm vyjadren\u00edm viery nielen pre katol\u00edkov a luter\u00e1nov, ale aj pre pravosl\u00e1vnych bratov a pre mnoho \u010fal\u0161\u00edch kres\u0165ansk\u00fdch komun\u00edt. Je to spolo\u010dn\u00fd poklad: pracujme na tom, aby 1700. v\u00fdro\u010die tohto ve\u013ek\u00e9ho koncilu, ktor\u00e9 bude v roku 2025, dalo nov\u00fd impulz pre ekumenick\u00fa cestu, ktor\u00e1 je darom od Boha a pre n\u00e1s je cestou nevratnou.<br>Jeden krst. Drah\u00ed bratia a sestry, v\u0161etko, \u010d\u00edm n\u00e1m Bo\u017eia milos\u0165 d\u00e1va rados\u0165 zak\u00fasi\u0165 a&nbsp;deli\u0165 sa \u2013 rast\u00face prekon\u00e1vanie rozdelen\u00ed, postupn\u00e9 uzdravovanie pam\u00e4ti, zmieren\u00e1 a bratsk\u00e1 spolupr\u00e1ca medzi nami \u2013, nach\u00e1dza svoj z\u00e1klad pr\u00e1ve v \u00abjednom krste na odpustenie hriechov\u00bb (<em>Nicejsko-carihradsk\u00e9 vyznanie viery<\/em>).<br>Sv\u00e4t\u00fd krst je prvotn\u00fd Bo\u017e\u00ed dar, ktor\u00fd je z\u00e1kladom ka\u017ed\u00e9ho n\u00e1\u0161ho n\u00e1bo\u017eensk\u00e9ho \u00fasilia a ka\u017ed\u00e9ho \u00fasilia o dosiahnutie plnej jednoty. \u00c1no, preto\u017ee ekumenizmus nie je v\u00fdkonom cirkevnej diplomacie, ale <em>cestou milosti.<\/em> Nezaklad\u00e1 sa na \u013eudsk\u00fdch sprostredkovaniach a dohod\u00e1ch, ale na Bo\u017eej milosti, ktor\u00e1 o\u010dis\u0165uje pam\u00e4\u0165 a srdce, prekon\u00e1va strnulos\u0165 a nasmer\u00fava k obnoven\u00e9mu spolo\u010denstvu: nie k z\u013eav\u0148uj\u00facim dohod\u00e1m alebo \u00fastupn\u00fdm synkretizmom, ale k <em>zmierenej jednote v rozdieloch.<\/em><br>V&nbsp;tomto svetle by som chcel povzbudi\u0165 v\u0161etk\u00fdch t\u00fdch, ktor\u00ed sa anga\u017euj\u00fa v katol\u00edcko-luter\u00e1nskom dial\u00f3gu, aby s d\u00f4verou pokra\u010dovali v ne\u00fanavnej modlitbe, v praktizovan\u00ed zdie\u013eanej dobro\u010dinnej l\u00e1sky a&nbsp;v zap\u00e1lenosti pre h\u013eadanie zacielen\u00e9 na v\u00e4\u010d\u0161iu jednotu medzi r\u00f4znymi \u00fadmi Kristovho tela.<br>Jedno telo. V tomto oh\u013eade Regula Taiz\u00e9 obsahuje kr\u00e1sne povzbudenie: \u00abMajte pasiu pre&nbsp;jednotu Kristovho tela\u00bb. Nad\u0161enie pre jednotu dozrieva prostredn\u00edctvom utrpenia, ktor\u00e9 sa zakusuje zo\u010di-vo\u010di ran\u00e1m, ktor\u00e9 sme sp\u00f4sobili Kristovmu telu. Ke\u010f c\u00edtime boles\u0165 kv\u00f4li rozdeleniu kres\u0165anov, bl\u00ed\u017eime sa k tomu, \u010do pre\u017e\u00edva Je\u017ei\u0161, ke\u010f na\u010falej vid\u00ed svojich u\u010den\u00edkov nejednotn\u00fdch a jeho r\u00facho roztrhan\u00e9 (porov. Jn 19,23).<br>Dnes ste mi podarovali pat\u00e9nu a&nbsp;kalich, poch\u00e1dzaj\u00face pr\u00e1ve z dieln\u00ed Taiz\u00e9. \u010eakujem v\u00e1m za tieto dary, ktor\u00e9 evokuj\u00fa na\u0161u spolu\u00fa\u010das\u0165 na P\u00e1nov\u00fdch pa\u0161i\u00e1ch. V skuto\u010dnosti aj my \u017eijeme ak\u00fdmsi druhom pa\u0161i\u00ed, v ich dvojitom v\u00fdzname: na jednej strane utrpenie, lebo e\u0161te nie je mo\u017en\u00e9 zhroma\u017edi\u0165 sa okolo toho ist\u00e9ho olt\u00e1ra, toho ist\u00e9ho kalicha; na druhej strane horlivos\u0165 v slu\u017ebe pre jednotu, za ktor\u00fa sa P\u00e1n modlil a obetoval svoj \u017eivot.\u201c<br>-mh, jb-<br><\/figcaption><\/figure>\n","protected":false},"excerpt":{"rendered":"","protected":false},"author":4,"featured_media":0,"comment_status":"open","ping_status":"open","sticky":false,"template":"","format":"standard","meta":{"footnotes":""},"categories":[193,2,41,43],"tags":[],"class_list":["post-34738","post","type-post","status-publish","format-standard","hentry","category-co-pisu-ini","category-ekumena","category-papez","category-rimsko-katolicka-cirkev"],"_links":{"self":[{"href":"https:\/\/www.e-anjelik.sk\/index.php\/wp-json\/wp\/v2\/posts\/34738","targetHints":{"allow":["GET"]}}],"collection":[{"href":"https:\/\/www.e-anjelik.sk\/index.php\/wp-json\/wp\/v2\/posts"}],"about":[{"href":"https:\/\/www.e-anjelik.sk\/index.php\/wp-json\/wp\/v2\/types\/post"}],"author":[{"embeddable":true,"href":"https:\/\/www.e-anjelik.sk\/index.php\/wp-json\/wp\/v2\/users\/4"}],"replies":[{"embeddable":true,"href":"https:\/\/www.e-anjelik.sk\/index.php\/wp-json\/wp\/v2\/comments?post=34738"}],"version-history":[{"count":2,"href":"https:\/\/www.e-anjelik.sk\/index.php\/wp-json\/wp\/v2\/posts\/34738\/revisions"}],"predecessor-version":[{"id":34741,"href":"https:\/\/www.e-anjelik.sk\/index.php\/wp-json\/wp\/v2\/posts\/34738\/revisions\/34741"}],"wp:attachment":[{"href":"https:\/\/www.e-anjelik.sk\/index.php\/wp-json\/wp\/v2\/media?parent=34738"}],"wp:term":[{"taxonomy":"category","embeddable":true,"href":"https:\/\/www.e-anjelik.sk\/index.php\/wp-json\/wp\/v2\/categories?post=34738"},{"taxonomy":"post_tag","embeddable":true,"href":"https:\/\/www.e-anjelik.sk\/index.php\/wp-json\/wp\/v2\/tags?post=34738"}],"curies":[{"name":"wp","href":"https:\/\/api.w.org\/{rel}","templated":true}]}}