{"id":3474,"date":"2011-04-01T10:54:51","date_gmt":"2011-04-01T10:54:51","guid":{"rendered":"http:\/\/e-anjelik.sk\/?p=3474"},"modified":"2011-04-01T10:54:51","modified_gmt":"2011-04-01T10:54:51","slug":"nove-nab-programy-na-webe-a-v-mobile-v-dansku","status":"publish","type":"post","link":"https:\/\/www.e-anjelik.sk\/index.php\/2011\/04\/01\/nove-nab-programy-na-webe-a-v-mobile-v-dansku\/","title":{"rendered":"Nov\u00e9 n\u00e1b. programy na webe a v mobile v D\u00e1nsku"},"content":{"rendered":"<p>D&aacute;nsky rozhlas (DR) v s&uacute;\u010dasnosti vysiela v t&yacute;\u017edni, vr&aacute;tane nedele, sedem druhov n&aacute;bo\u017eensk&yacute;ch programov. Drviv&aacute; v&auml;\u010d&scaron;ina posluch&aacute;\u010dov s&uacute; seniori. Po\u010d&uacute;vanos\u0165 v \u010d&iacute;slach kol&iacute;&scaron;e od 38 tis&iacute;c do 120 tis&iacute;c posluch&aacute;\u010dov. Aby sa tento po\u010det zv&yacute;&scaron;il a aby n&aacute;bo\u017eensk&eacute; programy zasiahli aj mlad&scaron;&iacute;ch, rozhodli sa redakcia n&aacute;b. programu DR a webov&aacute; str&aacute;nka \u013dudovej cirkvi <a href=\"http:\/\/www.folkekirken.dk\">www.folkekirken.dk<\/a> vyu\u017ei\u0165 webov&uacute; str&aacute;nku a mobil. Chc&uacute; pon&uacute;ka\u0165: Slovo ku d\u0148u k rannej k&aacute;ve, rann&uacute; modlitbu cez telef&oacute;n, jednomin&uacute;tov&uacute; k&aacute;ze\u0148 na webe cez poludnie, po\u017eehnanie cez iPad pred span&iacute;m.<\/p>\n<p>(<a href=\"http:\/\/www.folkekirken.dk\">www.folkekirken.dk<\/a>)<\/p>\n","protected":false},"excerpt":{"rendered":"<p>D&aacute;nsky rozhlas (DR) v s&uacute;\u010dasnosti vysiela v t&yacute;\u017edni, vr&aacute;tane nedele, sedem druhov n&aacute;bo\u017eensk&yacute;ch programov. Drviv&aacute; v&auml;\u010d&scaron;ina posluch&aacute;\u010dov s&uacute; seniori. Po\u010d&uacute;vanos\u0165 v \u010d&iacute;slach kol&iacute;&scaron;e od 38 tis&iacute;c do 120 tis&iacute;c posluch&aacute;\u010dov. Aby sa tento po\u010det zv&yacute;&scaron;il a aby n&aacute;bo\u017eensk&eacute; programy zasiahli aj mlad&scaron;&iacute;ch, rozhodli sa redakcia n&aacute;b. programu DR a webov&aacute; str&aacute;nka \u013dudovej cirkvi www.folkekirken.dk vyu\u017ei\u0165 &#8230; <a title=\"Nov\u00e9 n\u00e1b. programy na webe a v mobile v D\u00e1nsku\" class=\"read-more\" href=\"https:\/\/www.e-anjelik.sk\/index.php\/2011\/04\/01\/nove-nab-programy-na-webe-a-v-mobile-v-dansku\/\" aria-label=\"Pre\u010d\u00edtajte si viac o Nov\u00e9 n\u00e1b. programy na webe a v mobile v D\u00e1nsku\">\u010c\u00edta\u0165 viac<\/a><\/p>\n","protected":false},"author":22,"featured_media":0,"comment_status":"open","ping_status":"open","sticky":false,"template":"","format":"standard","meta":{"footnotes":""},"categories":[9,10],"tags":[187],"class_list":["post-3474","post","type-post","status-publish","format-standard","hentry","category-europa","category-zo-sveta","tag-mladez-3"],"_links":{"self":[{"href":"https:\/\/www.e-anjelik.sk\/index.php\/wp-json\/wp\/v2\/posts\/3474","targetHints":{"allow":["GET"]}}],"collection":[{"href":"https:\/\/www.e-anjelik.sk\/index.php\/wp-json\/wp\/v2\/posts"}],"about":[{"href":"https:\/\/www.e-anjelik.sk\/index.php\/wp-json\/wp\/v2\/types\/post"}],"author":[{"embeddable":true,"href":"https:\/\/www.e-anjelik.sk\/index.php\/wp-json\/wp\/v2\/users\/22"}],"replies":[{"embeddable":true,"href":"https:\/\/www.e-anjelik.sk\/index.php\/wp-json\/wp\/v2\/comments?post=3474"}],"version-history":[{"count":0,"href":"https:\/\/www.e-anjelik.sk\/index.php\/wp-json\/wp\/v2\/posts\/3474\/revisions"}],"wp:attachment":[{"href":"https:\/\/www.e-anjelik.sk\/index.php\/wp-json\/wp\/v2\/media?parent=3474"}],"wp:term":[{"taxonomy":"category","embeddable":true,"href":"https:\/\/www.e-anjelik.sk\/index.php\/wp-json\/wp\/v2\/categories?post=3474"},{"taxonomy":"post_tag","embeddable":true,"href":"https:\/\/www.e-anjelik.sk\/index.php\/wp-json\/wp\/v2\/tags?post=3474"}],"curies":[{"name":"wp","href":"https:\/\/api.w.org\/{rel}","templated":true}]}}