{"id":34748,"date":"2021-06-29T00:20:00","date_gmt":"2021-06-28T22:20:00","guid":{"rendered":"http:\/\/e-anjelik.sk\/?p=34748"},"modified":"2021-06-28T16:54:43","modified_gmt":"2021-06-28T14:54:43","slug":"martin-braxatoris-k-cielu","status":"publish","type":"post","link":"https:\/\/www.e-anjelik.sk\/index.php\/2021\/06\/29\/martin-braxatoris-k-cielu\/","title":{"rendered":"Martin Braxatoris \u2014 K cie\u013eu!"},"content":{"rendered":"\n<p class=\"has-text-align-left\">(F 3, 12-14)<\/p>\n\n\n\n<p>\u00d3 mu\u017eu ve\u013ek\u00fd z Tarzu, mu\u017eu Bo\u017e\u00ed, sv\u00e4t\u00fd,<br>na teba, apo\u0161tole Pavle, spom\u00ednam:<br>jak be\u017e\u00ed\u0161, n\u00e1hli\u0161 t\u00fa\u017ebou sv\u00e4tou silno jat\u00fd,<br>cestou, \u010do vedie k sp\u00e1sy, k sl\u00e1vy v\u00fd\u0161in\u00e1m.<br>\u010co za tebou je, na to zapom\u00edna\u0161 cele;<br>\u010do pred tebou je, to tvoj z\u00e1ujem najvy\u0161\u0161\u00ed:<br>ta uprels\u2018 zrak i du\u0161u \u2014 be\u017e\u00ed\u0161, n\u00e1hli\u0161 smele<br>ku cie\u013eu sp\u00e1sy, sl\u00e1vy v Kristu Je\u017ei\u0161i . . .<\/p>\n\n\n\n<p>Spom\u00ednam \u2014 H\u013ead\u00edm v\u00f4kol s \u017eia\u013enym prem\u00fd\u0161\u013ean\u00edm<br>jak mnoh\u00fd za tebou ni v\u00f4bec nekro\u010dil:<br>svet tento zdr\u017eal, zd\u0155\u017ea m\u00e1rniv\u00fdm ho zvan\u00edm,<br>a on, h\u013ea, ostal, stoj\u00ed, v chl\u00e1dok zabo\u010dil,<br>v rozko\u0161e sveta toho ponoril sa cele<br>a v jeho p\u00e9\u010de, z\u00e1ujmy \u2014 klesol do hriecha,<br>a na cie\u013e sl\u00e1vy \u2014 (ach, ve\u010f m\u00e1 on in\u00e9 ciele)<br>nie nepom\u00fd\u0161\u013ea, tob\u00f4\u017e k nemu nespiecha . . .<\/p>\n\n\n\n<p>In\u00fd zas mnoh\u00fd zat\u00fa\u017eil po tom cieli sl\u00e1vy<br>i rozbehol sa k nemu \u2014 v\u0161ak, h\u013ea, ust\u00e1va<br>a kles\u00e1, kles\u00e1, pad\u00e1. \u2014 Jako b\u00fd\u013ea tr\u00e1vy<br>je viera jeho slab\u00e1, mdl\u00e1 a maznav\u00e1,<br>a sv\u00e4t\u00e1 t\u00fa\u017eba v \u0148adr\u00e1ch jeho v\u017edy viac hasne,<br>pred matn\u00fdm jeho zrakom sa mu str\u00e1ca cie\u013e<br>h\u013ea, zaost\u00e1va \u2014 ostal, a hoc z\u00fapel hlasne<br>nad sebou, \u2014 nevie \u010falej, \u010do by ako chcel . . .<\/p>\n\n\n\n<p>Tvoj pr\u00edklad, apo\u0161tole, svieti z\u00e1palisto<br>i sv\u00e4t\u00fa t\u00fa\u017ebu sp\u00e1sy, sl\u00e1vy nieti v n\u00e1s,<br>tvoj pr\u00edklad u\u010d\u00ed st\u00e1le, bezpe\u010dne a isto<br>ta k cie\u013eu t\u00fa\u017een\u00e9mu vzhliada\u0165 v ka\u017ed\u00fd \u010das,<br>tvoj pr\u00edklad ukazuje, ako be\u017ea\u0165 na\u010dim<br>v\u0161ak, ajh\u013ea, zd\u0155\u017ea n\u00e1s v tom mdloba preve\u013ek\u00e1,<br>svet, diabol, telo v\u017edy n\u00e1s p\u00e4t\u00ed, hat\u00ed da\u010d\u00edm<br>i ust\u00e1vame, slab\u00ed, len \u010do du\u0161a lk\u00e1 . . .<\/p>\n\n\n\n<p>My v svojej mdlobe ve\u013ekej vol\u00e1me na Teba,<br>\u00f3 Jezu Kriste! Tvoja moc a dobrota<br>n\u00e1\u0161 obr\u00e1\u0165 zrak na jedno, \u010do n\u00e1m je treba<br>a vznie\u0165 v n\u00e1s t\u00fa\u017ebu sp\u00e1sy, sl\u00e1vy, \u017eivota<br>a zachy\u0165, zachy\u0165 n\u00e1s a tiahni st\u00e1le, iste,<br>aby tak ka\u017ed\u00fd cie\u013ea toho dosiahol<br>a ztriumfoval: Sl\u00e1va Tebe, Jezu Kriste,<br>i ja som tu, kde Ty, kde ve\u013ek\u00fd apo\u0161tol!<\/p>\n","protected":false},"excerpt":{"rendered":"<p>(F 3, 12-14) \u00d3 mu\u017eu ve\u013ek\u00fd z Tarzu, mu\u017eu Bo\u017e\u00ed, sv\u00e4t\u00fd,na teba, apo\u0161tole Pavle, spom\u00ednam:jak be\u017e\u00ed\u0161, n\u00e1hli\u0161 t\u00fa\u017ebou sv\u00e4tou silno jat\u00fd,cestou, \u010do vedie k sp\u00e1sy, k sl\u00e1vy v\u00fd\u0161in\u00e1m.\u010co za tebou je, na to zapom\u00edna\u0161 cele;\u010do pred tebou je, to tvoj z\u00e1ujem najvy\u0161\u0161\u00ed:ta uprels\u2018 zrak i du\u0161u \u2014 be\u017e\u00ed\u0161, n\u00e1hli\u0161 smeleku cie\u013eu sp\u00e1sy, sl\u00e1vy v Kristu &#8230; <a title=\"Martin Braxatoris \u2014 K cie\u013eu!\" class=\"read-more\" href=\"https:\/\/www.e-anjelik.sk\/index.php\/2021\/06\/29\/martin-braxatoris-k-cielu\/\" aria-label=\"Pre\u010d\u00edtajte si viac o Martin Braxatoris \u2014 K cie\u013eu!\">\u010c\u00edta\u0165 viac<\/a><\/p>\n","protected":false},"author":3,"featured_media":0,"comment_status":"open","ping_status":"open","sticky":false,"template":"","format":"standard","meta":{"footnotes":""},"categories":[165],"tags":[],"class_list":["post-34748","post","type-post","status-publish","format-standard","hentry","category-poezia-2"],"_links":{"self":[{"href":"https:\/\/www.e-anjelik.sk\/index.php\/wp-json\/wp\/v2\/posts\/34748","targetHints":{"allow":["GET"]}}],"collection":[{"href":"https:\/\/www.e-anjelik.sk\/index.php\/wp-json\/wp\/v2\/posts"}],"about":[{"href":"https:\/\/www.e-anjelik.sk\/index.php\/wp-json\/wp\/v2\/types\/post"}],"author":[{"embeddable":true,"href":"https:\/\/www.e-anjelik.sk\/index.php\/wp-json\/wp\/v2\/users\/3"}],"replies":[{"embeddable":true,"href":"https:\/\/www.e-anjelik.sk\/index.php\/wp-json\/wp\/v2\/comments?post=34748"}],"version-history":[{"count":1,"href":"https:\/\/www.e-anjelik.sk\/index.php\/wp-json\/wp\/v2\/posts\/34748\/revisions"}],"predecessor-version":[{"id":34749,"href":"https:\/\/www.e-anjelik.sk\/index.php\/wp-json\/wp\/v2\/posts\/34748\/revisions\/34749"}],"wp:attachment":[{"href":"https:\/\/www.e-anjelik.sk\/index.php\/wp-json\/wp\/v2\/media?parent=34748"}],"wp:term":[{"taxonomy":"category","embeddable":true,"href":"https:\/\/www.e-anjelik.sk\/index.php\/wp-json\/wp\/v2\/categories?post=34748"},{"taxonomy":"post_tag","embeddable":true,"href":"https:\/\/www.e-anjelik.sk\/index.php\/wp-json\/wp\/v2\/tags?post=34748"}],"curies":[{"name":"wp","href":"https:\/\/api.w.org\/{rel}","templated":true}]}}