{"id":34755,"date":"2021-07-06T19:29:54","date_gmt":"2021-07-06T17:29:54","guid":{"rendered":"http:\/\/e-anjelik.sk\/?p=34755"},"modified":"2021-07-06T19:29:54","modified_gmt":"2021-07-06T17:29:54","slug":"sviatok-apostolov-petra-a-pavla-2","status":"publish","type":"post","link":"https:\/\/www.e-anjelik.sk\/index.php\/2021\/07\/06\/sviatok-apostolov-petra-a-pavla-2\/","title":{"rendered":"Sviatok apo\u0161tolov Petra a Pavla"},"content":{"rendered":"\n<p><em>&nbsp;&nbsp; &nbsp; &nbsp; &nbsp; &nbsp; &nbsp; &nbsp; &nbsp; &nbsp; &nbsp; &nbsp; <\/em><strong><em>&nbsp; <\/em>Sviatok apo\u0161tolov Petra a Pavla<\/strong><\/p>\n\n\n\n<p><em>Za pravdu Tvoju, Bo\u017ee,<\/em><\/p>\n\n\n\n<p><em>tak mnoh\u00fd \u017eil i mrel,<\/em><\/p>\n\n\n\n<p><em>by sme ju aj my znali<\/em><\/p>\n\n\n\n<p><em>a na\u0161li \u017eitia cie\u013e.<\/em><\/p>\n\n\n\n<p><em>\u00d3, posil\u0148, Bo\u017ee, \u013eud svoj &#8211;<\/em><\/p>\n\n\n\n<p><em>t\u00fa pravdu milova\u0165<\/em><\/p>\n\n\n\n<p><em>a keby bolo \u00eds\u0165 v boj,<\/em><\/p>\n\n\n\n<p><em>v\u017edy vieru zachova\u0165!&nbsp; Amen (M.R.)<\/em><\/p>\n\n\n\n<p><strong>Gal 1, 18 &#8211; 19; 2, 1 &#8211; 2, 11:<\/strong><\/p>\n\n\n\n<p><strong>&nbsp;&nbsp;<\/strong><em> \u201cPotom, po troch rokoch, odi\u0161iel som do Jeruzalema, aby som poznal Petra, a p\u00e4tn\u00e1s\u0165 dn\u00ed zostal som u\u0148ho. (19) In\u00e9ho z apo\u0161tolov som nevidel, ak len nie Jakuba, brata P\u00e1novho. &#8211; (1) Potom po \u0161trn\u00e1stich rokoch vy\u0161iel som znovu do Jeruzalema s Barnab\u00e1\u0161om a pojal som so sebou aj T\u00edta. (2) A pohnut\u00fd zjaven\u00edm \u0161iel som a vylo\u017eil som im a osobitne t\u00fdm, ktor\u00fdch pokladaj\u00fa za nie\u010do, evanjelium, ktor\u00e9 zvestujem medzi pohanmi, \u010di nebe\u017e\u00edm alebo \u010di om nebe\u017eal nadarmo\u201d.&nbsp; &#8211; (11) Ale ke\u010f potom K\u00e9fas pri\u0161iel do Antiochie, osobne som sa postavil proti nemu, lebo zasl\u00fa\u017eil si ods\u00fadenie\u201d. Amen<\/em><\/p>\n\n\n\n<p><strong>&nbsp;&nbsp; <\/strong>Mil\u00ed bratia a sestry!<\/p>\n\n\n\n<p>&nbsp; V \u017eivote n\u00e1\u0161ho n\u00e1roda a na\u0161ej cirkvi s\u00fa viacer\u00e9 men\u00e1, ktor\u00e9 vyslovujeme akoby jedn\u00fdm dychom, preto\u017ee \u017eili a pracovali na spolo\u010dnej veci. Ako pr\u00edklad m\u00f4\u017eeme spomen\u00fa\u0165 men\u00e1: Hurban, \u0160t\u00far, a Hod\u017ea, alebo Kon\u0161tant\u00edn a Metod. V duchovn\u00fdch bojoch a z\u00e1pasoch st\u00e1li v jednom \u0161\u00edku, bok po boku a ke\u010f spomenieme meno jedn\u00e9ho, s\u00fa\u010dasne mysl\u00edme aj jeho spoluslu\u017eobn\u00edka. Tak\u00fdmi menami s\u00fa aj men\u00e1 apo\u0161tolov Petra a Pavla, ktor\u00fdch slu\u017ebu a pamiatku ako mu\u010den\u00edkov cirkvi si dnes pripom\u00edname.&nbsp;<\/p>\n\n\n\n<p>&nbsp;&nbsp; Neznamen\u00e1 to, \u017ee obaja boli vo v\u0161etkom rovnak\u00ed, \u017ee mali rovnak\u00e9 obdarovanie, alebo \u00faplne rovnak\u00e9 n\u00e1zory na v\u0161etky ot\u00e1zky. Mo\u017eno poveda\u0165, \u017ee aj apo\u0161tolovia Peter a Pavol boli v mnohm rozdielni. Ka\u017ed\u00fd z nich bol in\u00fd, ka\u017ed\u00fd obdaren\u00fd in\u00fdmi hrivnami a duchovn\u00fdmi darmi. Na druhej strane boli obaja st\u00e1li vo viere v Je\u017ei\u0161a a v slu\u017ebe Jeho evanjelia. Ka\u017ed\u00fd sl\u00fa\u017eil cirkvi in\u00fdm sp\u00f4sobom, ale napriek tomu kres\u0165ansk\u00e1 cirkev ich pamiatku sl\u00e1vi v jeden de\u0148. Najm\u00e4 preto, \u017ee miesto ich mu\u010den\u00edckej smrti bolo rovnak\u00e9, toti\u017e pohansk\u00fd R\u00edm.<\/p>\n\n\n\n<p>&nbsp; &nbsp; Pred viacer\u00fdmi rokmi nav\u0161t\u00edvil senick\u00fd spev\u00e1cky zbor Cantilena Taliansko a zav\u00edtal aj do R\u00edma, do chr\u00e1mu sv.Petra. Jeden \u010dlen zboru, ktor\u00fd sa zhodou okolnost\u00ed volal Pavol sa op\u00fdtal kolegov:&nbsp;<\/p>\n\n\n\n<p>\u201c<em>A kto to bol vlastne ten Peter?<\/em> \u201c Zrejme by sme dnes podobn\u00fa ot\u00e1zku po\u010duli od viacer\u00fdch \u013eud\u00ed. Sme si vedom\u00ed, \u017ee mnoh\u00ed \u013eudia dne\u0161n\u00fd de\u0148 nevn\u00edmaj\u00fa ako sviatok a ani netu\u0161ia, pre\u010do maj\u00fa dnes meniny spolo\u010dne pr\u00e1ve Peter a Pavol.<\/p>\n\n\n\n<p>&nbsp;&nbsp; Mo\u017eno poveda\u0165, \u017ee men\u00e1 t\u00fdchto apo\u0161tolov s\u00fa v cirkvi symbolom jednoty v r\u00f4znosti. Apo\u0161tol Peter bol p\u00f4vodne oby\u010dajn\u00fd galilejsk\u00fd ryb\u00e1r, ktor\u00e9ho P\u00e1n Je\u017ei\u0161 povolal do svojej slu\u017eby spolu s bratom Ondrejom a bratmi Jakubom a J\u00e1nom Zebedeovcami. Je\u017ei\u0161 vtedy Petrovi povedal: \u201cNeboj sa, <em>odteraz \u013eud\u00ed bude\u0161 lovi\u0165!\u201d. ( L 5, 10) <\/em>Jeho p\u00f4vodn\u00e9 meno bolo: \u0160imon, syn Jon\u00e1\u0161ov a meno Peter (skala) mu dal s\u00e1m Je\u017ei\u0161.<em>&nbsp;<\/em><\/p>\n\n\n\n<p><em>&nbsp; &nbsp; <\/em>Peter sa nesk\u00f4r svojou horlivos\u0165ou stal v\u00fdznamn\u00fdm apo\u0161tolom v kruhu dvan\u00e1stich, do ktor\u00e9ho Pavol p\u00f4vodne v\u00f4bec nepatril. Pavol, p\u00f4vodn\u00fdm menom Saul bol povolan\u00fd P\u00e1nom a\u017e po Jeho nabovst\u00fapen\u00ed, tak \u017ee osobne Je\u017ei\u0161a nevidel a nepoznal. Bol ve\u013emi vzdelan\u00fdm teol\u00f3gom zo \u0161koly sl\u00e1vneho Gamaliela. \u010co je v\u0161ak zvl\u00e1\u0161\u0165 pozoruhodn\u00e9, je to, \u017ee bol p\u00f4vodne ve\u013ek\u00fdm nepriate\u013eom kres\u0165anskej cirkvi ktor\u00fa prenasledoval. Nemal r\u00e1d kres\u0165anov a vieru v Je\u017ei\u0161a, ktor\u00fa vyzn\u00e1vali. Jeho obr\u00e1tenie na ceste do Dama\u0161ku je pr\u00edslove\u010dn\u00e9 a pomerne zn\u00e1me.<\/p>\n\n\n\n<p><em>&nbsp; &nbsp; <\/em>Skuto\u010dnos\u0165ou je, \u017ee aj Peter potreboval obr\u00e1tenie, to znamen\u00e1 skuto\u010dne \u00faprimn\u00fa a siln\u00fa vieru v Je\u017ei\u0161a ako Spasite\u013ea a V\u00ed\u0165aza nad smr\u0165ou. Preto mu Ja\u017ei\u0161 osobne kl\u00e1dol na srdce:<em> \u201c A ty, Peter, \u010dasom, a\u017e sa obr\u00e1ti\u0161, utvrdzuj svojich bratov!\u201d.<\/em><\/p>\n\n\n\n<p><em>&nbsp;&nbsp; <\/em>Z povedan\u00e9ho jasne vypl\u00fdva, \u017ee na t\u00fdchto mu\u017eov, aj ke\u010f ich pr\u00e1vom vol\u00e1me sv\u00e4t\u00fdmi apo\u0161tolomi, netreba pozera\u0165 ako na bezhrie\u0161nych \u013eud\u00ed. Peter pri svojom povolan\u00ed vyznal:\u201d Od\u00ed\u010f odo m\u0148a, Pane, lebo&nbsp; som hrie\u0161ny \u010dlovek\u201d. (L 5, 8) Ani Petra, ani Pavla preto nevz\u00fdvame a k nim sa nemodl\u00edme, ale len a v\u00fdlu\u010dne Je\u017ei\u0161a Krista, ktor\u00fd bol ich a je i na\u0161\u00edm P\u00e1nom, Synom Bo\u017e\u00edm a Spasite\u013eom.<\/p>\n\n\n\n<p>&nbsp;&nbsp; Bratia a sestry!<\/p>\n\n\n\n<p>&nbsp;&nbsp; V de\u0148 spomienky na apo\u0161tolov Petra a Pavla sa v\u0161ak m\u00f4\u017eme nau\u010di\u0165 od nich viacer\u00fdm d\u00f4le\u017eit\u00fdm veciam. Na z\u00e1klade slov z listu Galatsk\u00fdm vid\u00edme ich vz\u00e1jomn\u00fd re\u0161pekt jedn\u00e9ho vo\u010di druh\u00e9mu, vz\u00e1jomn\u00e9 uzn\u00e1vanie ich slu\u017eby, ale aj tolerovanie pr\u00edpadn\u00fdch ch\u00fdb a nedostatkov. Apo\u0161tol Pavol galatsk\u00fdm p\u00ed\u0161e nasledovn\u00e9 slov\u00e1:&nbsp; <em>\u201cAle potom, po troch rokoch &#8211; tj. po&nbsp; svojom obr\u00e1ten\u00ed &#8211; \u201codi\u0161iel som do Jeruzalamen, aby som poznal Petra a p\u00e4tn\u00e1s\u0165 dn\u00ed som zostal u\u0148ho. In\u00e9ho z apo\u0161tolov som nevidel, ak len nie Jakuba, brata P\u00e1novho\u201d.<\/em>&nbsp;<\/p>\n\n\n\n<p>&nbsp;&nbsp; &nbsp; Tu je jasne vidie\u0165, ako Pavol re\u0161pektoval postavenie Petra medzi dvan\u00e1stimi a svoje \u201cprv\u00e9 \u00fa\u010dty\u201d z misijnej pr\u00e1ce predklad\u00e1 na pos\u00fadenie apo\u0161tolom v Jeruzaleme. Rozhovor, alebo diskusia s Petrom, ktor\u00fd najsk\u00f4r p\u00f4sobil v Jeruzaleme a Judsku sa t\u00fdkala ich spolo\u010dnej slu\u017eby, konanej na r\u00f4znych miestach. T\u00e1to situ\u00e1cia sa zopakovala aj po 14 rokoch, ke\u010f Pavol hovor\u00ed, \u017ee sa op\u00e4\u0165 vybral k Petrovi do Jeruzalema spolu so svojimi spolupracovn\u00edkmi Barnab\u00e1\u0161om a T\u00edtom a vylo\u017eil apo\u0161tolom v Jeruzaleme sp\u00f4sob hl\u00e1sania evanjelia, ktor\u00fd uplatnil medzi pohanmi. S\u00e1m o tom nap\u00edsal: aby sa u t\u00fdhto jeruzalemsk\u00fdch autor\u00edt presved\u010dil,<em> \u201c\u010di nebe\u017e\u00edm, alebo \u010di som nebe\u017eal nadarmo\u201d.<\/em><\/p>\n\n\n\n<p>&nbsp;&nbsp; Pre n\u00e1s z toho plynie d\u00f4le\u017eit\u00e9 poznanie, \u017ee sp\u00f4sob hl\u00e1sania evanjelia mo\u017ee by\u0165 \u010diasto\u010dne odli\u0161n\u00fd. Z\u00e1vis\u00ed na okolnostiach, toti\u017e na duchovnom stave a kult\u00farnom a vzdelanostnom pozad\u00ed posluch\u00e1\u010dov.<\/p>\n\n\n\n<p>&nbsp; &nbsp; Apo\u0161tol Peter dok\u00e1zal Pavla aj jemne kritizova\u0165, ako u\u010denca a mo\u017eno poveda\u0165 teol\u00f3ga, ke\u010f nap\u00edsal, \u017ee niektor\u00fdm veciam v jeho listoch je \u0165a\u017eko rozumie\u0165, lebo \u201cPavol p\u00ed\u0161e pod\u013ea m\u00fadrosti P\u00e1nom mu danej\u201d\u2026Je ist\u00e9, \u017ee \u010dlovek pr\u00e1ce ak\u00fdm bol ryb\u00e1r Peter pou\u017e\u00edval jednoduch\u0161ie vyjadrovanie a jednodzch\u0161\u00ed sp\u00f4sob zvestovania evanjelia.<\/p>\n\n\n\n<p>&nbsp;&nbsp; Aj z druhej strany, toti\u017e zo strany Pavla nech\u00fdbala aj otvoren\u00e1 kritika, ke\u010f Pavol nap\u00edsal: <em>\u201dKe\u010f pri\u0161iel Peter do Antiochie, osobne som sa postavil proti nemu, lebo zasl\u00fa\u017eil si ods\u00fadenie\u201d<\/em>. Peter toti\u017e najsk\u00f4r aj s\u00e1m stoloval s pohanmi a nevy\u017eadoval od nich obriezku, ani prestup na \u017eidovsk\u00fa vieru. Ale pod vplyvom in\u00fdch, najm\u00e4 Jakuba a jeho \u017eiakov t\u00fato cestu priamosti a slobody opustil. To mu Pavol otvorene vy\u010d\u00edtal, preto\u017ee to bolo v z\u00e1ujme \u00faspe\u0161nosti zvesti evanjelia.&nbsp;<\/p>\n\n\n\n<p>&nbsp;&nbsp; Bratia a sestry v P\u00e1novi!<\/p>\n\n\n\n<p>&nbsp; Dodnes je v cirkvi v\u0161eobecnej kres\u0165anskej, ale aj v na\u0161ej evajelickej cirkvi mnoho teologick\u00fdch diskusi\u00ed o sp\u00f4sobe hl\u00e1sania evanjelia, ale aj o in\u00fdch otvoren\u00fdchot\u00e1zkach. Pozn\u00e1me aj mnoh\u00e9 kontraverzn\u00e9 diskusie i rozli\u010dn\u00e9 sp\u00f4soby pr\u00e1ce. Sami o sebe nie s\u00fa nie\u010d\u00edm mimoriadym a zvl\u00e1\u0161tnym. V\u017edy je v\u0161ak d\u00f4le\u017eit\u00e9a rozhodujce to, ab r\u00f4znos\u0165 n\u00e1zorov a poh\u013eadov nesmerovala k nevra\u017eivosti, polariz\u00e1cii a rozkolu v cirkvi, alebo v cirkevnom zbore. Ak n\u00e1m ide o poslu\u0161nos\u0165 na\u0161ej \u201chlave\u201d, ktorou je s\u00e1m P\u00e1n, ak n\u00e1m ide o budovanie Jeho cirkvi a duchovn\u00e9 ob\u017eivenie a \u201crozvla\u017eenie\u201d cirkvi, alebo cirkevn\u00e9ho zboru, otvorenos\u0165 a priamos\u0165, i ke\u010f znamen\u00e1 niekedy kritiku, je opr\u00e1vnen\u00e1. V\u017edy je d\u00f4le\u017eit\u00e9, aby sa v cirkvi, alebo v zbore \u201cv\u0161etko dialo slu\u0161ne a v poriadku\u201d. Jednota \u201ctela Kristovho\u201d m\u00e1 by\u0165 na\u0161\u00edm najvy\u0161\u0161\u00edm z\u00e1ujmom, lebo je to z\u00e1ujem P\u00e1na a Hlavy cirkvi.&nbsp;<\/p>\n\n\n\n<p>&nbsp;&nbsp; &nbsp; Vid\u00edme, \u017ee aj apo\u0161tolovia mali niekedy rozli\u010dn\u00e9 n\u00e1zory, alebo postoje, ale v\u017edy mali na mysli vernos\u0165 Tomu, ktor\u00fd je skuto\u010dnou <em>\u201cSkalou\u201d<\/em> cirkvi a <em>\u201cSkalou vekov\u201d<\/em>.&nbsp;<\/p>\n\n\n\n<p>&nbsp;&nbsp; Na\u0161i Slov\u00e1ci na Dolnej zemi maj\u00fa pr\u00edslovie:<em> \u201cNinto tak\u00e9ho kochu, z ktor\u00e9ho by sa ob\u010das nezakedilo\u201d. <\/em>Pr\u00edslovie sa vz\u0165ahuje najm\u00e4 na dom\u00e1cnos\u0165, man\u017eelstvo, alebo rodinu, ale plat\u00ed aj o rodine Bo\u017e\u00edch det\u00ed. To znamen\u00e1, \u017ee nap\u00e4tia a r\u00f4zne postoje sa m\u00f4\u017eu vyskytn\u00fa\u0165 aj medzi kres\u0165anmi, ale slu\u017eba a pr\u00e1ca pre cirkev n\u00e1s m\u00e1 vies\u0165 k zodpovednosti a l\u00e1ska Kristova n\u00e1s v\u017edy sp\u00e1ja, ak On zostav\u00e1va na\u0161\u00edm skuto\u010dn\u00fdm P\u00e1nom.<\/p>\n\n\n\n<p>&nbsp;&nbsp; &nbsp; Nech je aj pre n\u00e1s, tak ako pre apo\u0161tolov Je\u017ei\u0161 P\u00e1nom a Skalou, na ktorej v\u017edy stoj\u00edme a iste aj obstoj\u00edme v Jeho slu\u017ebe, ku ktorej aj n\u00e1s a na\u0161ich bratov a sestry povol\u00e1va. Sviatok a pr\u00edklad apo\u0161tolov Petra a Pavla je preto vz\u00e1cnym odkazom a svedectvom pre n\u00e1s i v\u00fdzvou k nasledovaniu Kristov\u00fdch vern\u00fdch svedkov a mu\u010den\u00edkov. Amen<\/p>\n\n\n\n<p>&nbsp;&nbsp; &nbsp; Sviatol Petra a Pavla &nbsp; &#8211; &nbsp; Myjava 2021 &#8211;&nbsp; &nbsp; Mgr.\u013dubom\u00edr Batka st.<\/p>\n","protected":false},"excerpt":{"rendered":"<p>&nbsp;&nbsp; &nbsp; &nbsp; &nbsp; &nbsp; &nbsp; &nbsp; &nbsp; &nbsp; &nbsp; &nbsp; &nbsp; Sviatok apo\u0161tolov Petra a Pavla Za pravdu Tvoju, Bo\u017ee, tak mnoh\u00fd \u017eil i mrel, by sme ju aj my znali a na\u0161li \u017eitia cie\u013e. \u00d3, posil\u0148, Bo\u017ee, \u013eud svoj &#8211; t\u00fa pravdu milova\u0165 a keby bolo \u00eds\u0165 v boj, v\u017edy vieru zachova\u0165!&nbsp; Amen &#8230; <a title=\"Sviatok apo\u0161tolov Petra a Pavla\" class=\"read-more\" href=\"https:\/\/www.e-anjelik.sk\/index.php\/2021\/07\/06\/sviatok-apostolov-petra-a-pavla-2\/\" aria-label=\"Pre\u010d\u00edtajte si viac o Sviatok apo\u0161tolov Petra a Pavla\">\u010c\u00edta\u0165 viac<\/a><\/p>\n","protected":false},"author":4,"featured_media":0,"comment_status":"open","ping_status":"open","sticky":false,"template":"","format":"standard","meta":{"footnotes":""},"categories":[121,118,6,566,95],"tags":[],"class_list":["post-34755","post","type-post","status-publish","format-standard","hentry","category-kazne","category-myjava","category-myjavsky-seniorat","category-petra-a-pavla","category-sobotiste"],"_links":{"self":[{"href":"https:\/\/www.e-anjelik.sk\/index.php\/wp-json\/wp\/v2\/posts\/34755","targetHints":{"allow":["GET"]}}],"collection":[{"href":"https:\/\/www.e-anjelik.sk\/index.php\/wp-json\/wp\/v2\/posts"}],"about":[{"href":"https:\/\/www.e-anjelik.sk\/index.php\/wp-json\/wp\/v2\/types\/post"}],"author":[{"embeddable":true,"href":"https:\/\/www.e-anjelik.sk\/index.php\/wp-json\/wp\/v2\/users\/4"}],"replies":[{"embeddable":true,"href":"https:\/\/www.e-anjelik.sk\/index.php\/wp-json\/wp\/v2\/comments?post=34755"}],"version-history":[{"count":1,"href":"https:\/\/www.e-anjelik.sk\/index.php\/wp-json\/wp\/v2\/posts\/34755\/revisions"}],"predecessor-version":[{"id":34756,"href":"https:\/\/www.e-anjelik.sk\/index.php\/wp-json\/wp\/v2\/posts\/34755\/revisions\/34756"}],"wp:attachment":[{"href":"https:\/\/www.e-anjelik.sk\/index.php\/wp-json\/wp\/v2\/media?parent=34755"}],"wp:term":[{"taxonomy":"category","embeddable":true,"href":"https:\/\/www.e-anjelik.sk\/index.php\/wp-json\/wp\/v2\/categories?post=34755"},{"taxonomy":"post_tag","embeddable":true,"href":"https:\/\/www.e-anjelik.sk\/index.php\/wp-json\/wp\/v2\/tags?post=34755"}],"curies":[{"name":"wp","href":"https:\/\/api.w.org\/{rel}","templated":true}]}}