{"id":34757,"date":"2021-07-06T20:32:50","date_gmt":"2021-07-06T18:32:50","guid":{"rendered":"http:\/\/e-anjelik.sk\/?p=34757"},"modified":"2021-07-06T20:32:50","modified_gmt":"2021-07-06T18:32:50","slug":"spomienkove-slb-na-branci-boli","status":"publish","type":"post","link":"https:\/\/www.e-anjelik.sk\/index.php\/2021\/07\/06\/spomienkove-slb-na-branci-boli\/","title":{"rendered":"Spomienkov\u00e9 SLB na Bran\u010di boli"},"content":{"rendered":"\n<h1 class=\"wp-block-heading\">SPOMIENKOV\u00c9 SLU\u017dBY BO\u017dIE NA BRAN\u010cI, 5.7.2021<\/h1>\n\n\n\n<figure class=\"wp-block-image\"><a href=\"https:\/\/www.ecav.sk\/rails\/active_storage\/blobs\/eyJfcmFpbHMiOnsibWVzc2FnZSI6IkJBaHBBaVdsIiwiZXhwIjpudWxsLCJwdXIiOiJibG9iX2lkIn19--e881874971a2b08d88ae068a95c39e0e9462e291\/branc2021.png\"><img decoding=\"async\" src=\"https:\/\/www.ecav.sk\/rails\/active_storage\/representations\/eyJfcmFpbHMiOnsibWVzc2FnZSI6IkJBaHBBaVdsIiwiZXhwIjpudWxsLCJwdXIiOiJibG9iX2lkIn19--e881874971a2b08d88ae068a95c39e0e9462e291\/eyJfcmFpbHMiOnsibWVzc2FnZSI6IkJBaDdCam9MY21WemFYcGxTU0lJT1RBd0Jqb0dSVlE9IiwiZXhwIjpudWxsLCJwdXIiOiJ2YXJpYXRpb24ifX0=--f83398908a42570f1be2d2870fc3e62f317d893b\/branc2021.png\" alt=\"SPOMIENKOV\u00c9 SLU\u017dBY BO\u017dIE NA BRAN\u010cI, 5.7.2021\"\/><\/a><\/figure>\n\n\n\n<ul class=\"wp-block-list\"><li>&nbsp;24.06.21<\/li><li>&nbsp;&nbsp;Lenka Sedl\u00e1\u010dkov\u00e1, administr\u00e1torka CZ ECAV Soboti\u0161te<\/li><li>&nbsp;<a href=\"https:\/\/www.ecav.sk\/aktuality\/pozvanky\">&nbsp;Pozv\u00e1nky<\/a><\/li><\/ul>\n\n\n\n<p>V pondelok, 5. 7. 2021 sa uskuto\u010dnia Spomienkov\u00e9 slu\u017eby Bo\u017eie na Bran\u010di.<br>Tento rok cel\u00fa organiz\u00e1ciu podujatia zobral do svojich r\u00fak cirkevn\u00fd zbor ECAV v Soboti\u0161ti spolu s Myjavsk\u00fdm senior\u00e1tom.<\/p>\n\n\n\n<p><strong>Srde\u010dne poz\u00fdvame v\u0161etk\u00fdch, ktor\u00ed pravidelne nav\u0161tevuj\u00fa toto mil\u00e9 stretnutie, ale aj t\u00fdch, ktor\u00ed chc\u00fa po\u017eehnan\u00fa atmosf\u00e9ru za\u017ei\u0165 prv\u00fdkr\u00e1t.<\/strong><\/p>\n\n\n\n<p>K\u00e1z\u0148ou slova Bo\u017eieho posl\u00fa\u017ei brat biskup ZD J\u00e1n Hrobo\u0148, prihovor\u00ed sa aj gener\u00e1lny duchovn\u00fd Viktor Sabo a \u010fal\u0161\u00ed hostia.<br>Chceme spom\u00edna\u0165 aj na brata far\u00e1ra Ras\u0165a Hvo\u017e\u010faru, ktor\u00fd bol du\u0161ou t\u00fdchto podujat\u00ed a ka\u017edoro\u010dne pri nich st\u00e1l svojou obetavou pomocou a zanietenou \u00fa\u010das\u0165ou.<\/p>\n","protected":false},"excerpt":{"rendered":"<p>SPOMIENKOV\u00c9 SLU\u017dBY BO\u017dIE NA BRAN\u010cI, 5.7.2021 &nbsp;24.06.21 &nbsp;&nbsp;Lenka Sedl\u00e1\u010dkov\u00e1, administr\u00e1torka CZ ECAV Soboti\u0161te &nbsp;&nbsp;Pozv\u00e1nky V pondelok, 5. 7. 2021 sa uskuto\u010dnia Spomienkov\u00e9 slu\u017eby Bo\u017eie na Bran\u010di.Tento rok cel\u00fa organiz\u00e1ciu podujatia zobral do svojich r\u00fak cirkevn\u00fd zbor ECAV v Soboti\u0161ti spolu s Myjavsk\u00fdm senior\u00e1tom. Srde\u010dne poz\u00fdvame v\u0161etk\u00fdch, ktor\u00ed pravidelne nav\u0161tevuj\u00fa toto mil\u00e9 stretnutie, ale aj t\u00fdch, &#8230; <a title=\"Spomienkov\u00e9 SLB na Bran\u010di boli\" class=\"read-more\" href=\"https:\/\/www.e-anjelik.sk\/index.php\/2021\/07\/06\/spomienkove-slb-na-branci-boli\/\" aria-label=\"Pre\u010d\u00edtajte si viac o Spomienkov\u00e9 SLB na Bran\u010di boli\">\u010c\u00edta\u0165 viac<\/a><\/p>\n","protected":false},"author":4,"featured_media":0,"comment_status":"open","ping_status":"open","sticky":false,"template":"","format":"standard","meta":{"footnotes":""},"categories":[4,193,281,95],"tags":[],"class_list":["post-34757","post","type-post","status-publish","format-standard","hentry","category-akcie","category-co-pisu-ini","category-pamiatka-zosnulych","category-sobotiste"],"_links":{"self":[{"href":"https:\/\/www.e-anjelik.sk\/index.php\/wp-json\/wp\/v2\/posts\/34757","targetHints":{"allow":["GET"]}}],"collection":[{"href":"https:\/\/www.e-anjelik.sk\/index.php\/wp-json\/wp\/v2\/posts"}],"about":[{"href":"https:\/\/www.e-anjelik.sk\/index.php\/wp-json\/wp\/v2\/types\/post"}],"author":[{"embeddable":true,"href":"https:\/\/www.e-anjelik.sk\/index.php\/wp-json\/wp\/v2\/users\/4"}],"replies":[{"embeddable":true,"href":"https:\/\/www.e-anjelik.sk\/index.php\/wp-json\/wp\/v2\/comments?post=34757"}],"version-history":[{"count":1,"href":"https:\/\/www.e-anjelik.sk\/index.php\/wp-json\/wp\/v2\/posts\/34757\/revisions"}],"predecessor-version":[{"id":34758,"href":"https:\/\/www.e-anjelik.sk\/index.php\/wp-json\/wp\/v2\/posts\/34757\/revisions\/34758"}],"wp:attachment":[{"href":"https:\/\/www.e-anjelik.sk\/index.php\/wp-json\/wp\/v2\/media?parent=34757"}],"wp:term":[{"taxonomy":"category","embeddable":true,"href":"https:\/\/www.e-anjelik.sk\/index.php\/wp-json\/wp\/v2\/categories?post=34757"},{"taxonomy":"post_tag","embeddable":true,"href":"https:\/\/www.e-anjelik.sk\/index.php\/wp-json\/wp\/v2\/tags?post=34757"}],"curies":[{"name":"wp","href":"https:\/\/api.w.org\/{rel}","templated":true}]}}