{"id":3476,"date":"2011-04-03T20:08:43","date_gmt":"2011-04-03T20:08:43","guid":{"rendered":"http:\/\/e-anjelik.sk\/?p=3476"},"modified":"2011-04-03T20:08:43","modified_gmt":"2011-04-03T20:08:43","slug":"nehanbime-sa-za-evanjelium","status":"publish","type":"post","link":"https:\/\/www.e-anjelik.sk\/index.php\/2011\/04\/03\/nehanbime-sa-za-evanjelium\/","title":{"rendered":"Nehanbime sa za evanjelium"},"content":{"rendered":"<p style=\"margin: 0px; font: 18px Helvetica\"><span style=\"letter-spacing: 0px\"><b>Mk 8,38:&nbsp;<\/b><\/span><\/p>\n<p style=\"margin: 0px; font: 18px Helvetica\"><span style=\"letter-spacing: 0px\"><b><i>&ldquo;Kto by sa v tomto cudzolo\u017enom, hrie&scaron;nom pokolen&iacute; hanbil za m\u0148a a za moje re\u010di, za toho sa bude hanbi\u0165 aj Syn \u010dloveka, ke\u010f pr&iacute;de v sl&aacute;ve svojho Otca a so sv&auml;t&yacute;mi anjelmi&quot;. Amen<\/i><\/b><\/span><\/p>\n<p style=\"min-height: 22px; margin: 0px; font: 18px Helvetica\"><span style=\"letter-spacing: 0px\"><b><i>&nbsp;&nbsp; &nbsp; &nbsp; &nbsp;<\/i><\/b><\/span><\/p>\n<p style=\"margin: 0px; font: 18px Helvetica\"><span style=\"letter-spacing: 0px\"><b><i>&nbsp;&nbsp; &nbsp; &nbsp; &nbsp; <\/i><\/b><i>Kaj&uacute;ci bratia a sestry v P&aacute;novi !<\/i><\/span><\/p>\n<p style=\"min-height: 22px; margin: 0px; font: 18px Helvetica\">&nbsp;<\/p>\n<p style=\"margin: 0px; font: 18px Helvetica\"><span style=\"letter-spacing: 0px\"><b><i>&nbsp; &nbsp; &nbsp; &nbsp;<\/i><\/b><\/span><span style=\"font: 12px Helvetica; letter-spacing: 0px\"> &nbsp; <\/span><span style=\"letter-spacing: 0px\">V &scaron;tyridsa\u0165d\u0148ovom p&ocirc;stnom \u010dase sa v cirkvi ve\u013ea kr&aacute;t pripom&iacute;na Je\u017ei&scaron;ovo pon&iacute;\u017eenie, utrpenie a ukri\u017eovanie. To samo o sebe m&ocirc;\u017ee navodi\u0165 dojem, \u017ee v tomto Bo\u017eom konan&iacute; s Je\u017ei&scaron;om ide o hist&oacute;riu, ktor&uacute; si iba opakujeme. Lebo &ldquo;opakovanie je matka m&uacute;drosti&rdquo;. Je celkom be\u017en&eacute;, a \u017eia\u013e aj medzi kres\u0165anmi \u010dast&eacute;, \u017ee nebad&aacute;me a nevn&iacute;mame s&uacute;vis P&aacute;novho utrpenia a cesty na kr&iacute;\u017e s nami osobne. S na&scaron;&iacute;m \u017eivotom, ktor&yacute; \u017eijeme. Neraz \u017eijeme celkom auton&oacute;mne a nez&aacute;visle od moh&yacute;ch vec&iacute; okolo n&aacute;s, ktor&eacute; sa tu dej&uacute;, t&yacute;m viac od vec&iacute;, ktor&eacute; sa udiali v minulosti, \u010di dokonca v d&aacute;vnej minulosti, akou je aj Je\u017ei&scaron;ovi ukri\u017eovanie.&nbsp;<\/span><\/p>\n<p style=\"margin: 0px; font: 18px Helvetica\"><span style=\"letter-spacing: 0px\">&nbsp;&nbsp; &nbsp; Dne&scaron;n&aacute; druh&aacute; p&ocirc;stna nede\u013ea&nbsp; n&aacute;m chce poveda\u0165 nie\u010do in&eacute;. Chce pouk&aacute;za\u0165 na <b>s&uacute;vis s udalos\u0165ami Golgoty s na&scaron;&iacute;m \u017eivotom osobn&yacute;m i \u017eivotom cel&eacute;ho sveta.&nbsp;<\/b><\/span><\/p>\n<p style=\"margin: 0px; font: 18px Helvetica\"><span style=\"letter-spacing: 0px\">Ako ko\u013evek je svet okolo n&aacute;s hrd&yacute; a neraz a\u017e py&scaron;n&yacute; na seba, na svoje v&yacute;dobytky, na svoje tzv. istoty, na svoju m&uacute;dros\u0165 a schopnosti zaisti\u0165 si \u017eivot, prosperitu&nbsp; a bohatstvo, nie je to celkom tak.<\/span><\/p>\n<p style=\"margin: 0px; font: 18px Helvetica\"><span style=\"letter-spacing: 0px\">&nbsp;&nbsp; &nbsp; Dianie okolo n&aacute;s n&aacute;s tie\u017e presvied\u010da o tom, ak&yacute; je modern&yacute; a vyspel&yacute; svet <b>zranite\u013en&yacute;<\/b>. \u010clovek v \u0148om iba jeho nepatrnou s&uacute;\u010das\u0165ou a zrnkom prachu. &ldquo;Parou, ktor&aacute; sa nakr&aacute;tko uk&aacute;\u017ee a potom zmizne (JK 4,14)&nbsp; Aj mno\u017estvo \u017eiveln&yacute;ch pohr&ocirc;m vo svete, a nech&yacute;baj&uacute; aj u n&aacute;s i ke\u010f zatia\u013e&nbsp; v men&scaron;om rozsahu, ukazuj&uacute; na nezaistenos\u0165 a zranite\u013enos\u0165 na&scaron;ej existencie. Sta\u010d&iacute; azda mal&yacute; pr&iacute;klad: M&aacute;me st&aacute;le viac automobilov na cest&aacute;ch a st&aacute;le silnej&scaron;ie a r&yacute;chlej&scaron;ie motory, ale aj st&aacute;le &scaron;kared&scaron;ie a tragickej&scaron;ie hav&aacute;rie a zlyhania. In&yacute; pr&iacute;klad: Ot&aacute;zka t&yacute;chto dn&iacute; vo svete znie: vybuchne, nevybuchne jadrov&aacute; elektr&aacute;re\u0148 v Japonsku? &nbsp;<\/span><\/p>\n<p style=\"margin: 0px; font: 18px Helvetica\"><span style=\"letter-spacing: 0px\">Navy&scaron;e&nbsp;<\/span><span style=\"letter-spacing: 0px\">sa n&aacute;m zd&aacute;, \u017ee je st&aacute;le menej z&aacute;kladnej slu&scaron;nosti, vz&aacute;jomnej &uacute;cty a oh\u013eaduplnosti, ale aj st&aacute;le viac rozdelenia, sv&aacute;rov, nepriate\u013estiev a nap&auml;t&iacute;. Menej \u017eivotnej m&uacute;drosti a vn&iacute;mavosti u\u010di\u0165 sa z ch&yacute;b minulosti i pr&iacute;tomnosti.<\/span><\/p>\n<p style=\"margin: 0px; font: 18px Helvetica\"><span style=\"letter-spacing: 0px\">&nbsp; &nbsp; &nbsp; <\/span><\/p>\n<p style=\"margin: 0px; font: 18px Helvetica\"><span style=\"letter-spacing: 0px\">&nbsp;&nbsp; &nbsp; P&aacute;n Je\u017ei&scaron; n&aacute;m dnes hovor&iacute;, \u017ee pokolenie Adama a Evy po p&aacute;de nie je tak m&uacute;dre, ako si mysl&iacute;. Nie je ani tak schopn&eacute; rozli&scaron;ova\u0165 dobro a zlo, ako sa domnieva. Nie je tak samostatn&eacute; a auton&oacute;mne, ako by chcelo. Ani nie je tak schopn&eacute; ma\u0165 svoj \u017eivot vo svojich ruk&aacute;ch, ako by si prialo.&nbsp;<\/span><span style=\"letter-spacing: 0px\">Pokolenie po prvom, starom Adamovi je pokolen&iacute;m hrie&scaron;nikov, pokolen&iacute;m \u013eud&iacute; straten&yacute;ch Bohu. P&aacute;n Je\u017ei&scaron; toto opustenie Boha vyjadruje slovom<b> cudzolo\u017estvo.<\/b>&nbsp;Cudzolo\u017estvo nie je iba hriech v man\u017eelstve a v telesnej oblasti medzi mu\u017eom a \u017eenou, ale aj stavom naru&scaron;enej l&aacute;sky a d&ocirc;very k P&aacute;nu Bohu. U\u017e Moj\u017ei&scaron; hovoril svojmu \u013eudu, \u017ee zr&aacute;dza Hospodina, op&uacute;&scaron;\u0165a Ho a je Mu \u010dasto nevern&yacute;. Podobne aj proroci hovorili o duchovnom smilstve: <i>&rdquo;pod ka\u017ed&yacute;m zelen&yacute;m stromom smiln&iacute;te&rdquo;<\/i>&#8211; a t&yacute;m mysleli na r&ocirc;zne cudzie viery, kulty a n&aacute;bo\u017eensk&eacute; predstavy, ktor&eacute; sa prie\u010dili a boli v protive k tej &ldquo;prvej l&aacute;ske&rdquo;, vz\u0165ahu k Hospodinu. Ozna\u010dovali t&yacute;m opustenie Bo\u017eej l&aacute;sky k svetu a k \u013eudu Izraela zvl&aacute;&scaron;\u0165.<\/span><\/p>\n<p style=\"margin: 0px; font: 18px Helvetica\"><span style=\"letter-spacing: 0px\">&nbsp;&nbsp; &nbsp; Cudzolo\u017en&eacute; a hrie&scaron;ne pokolenie je ka\u017ed&eacute; pokolenie po p&aacute;de. V \u0148om sa takto jav&iacute; ka\u017ed&yacute; \u010dlovek, ktor&yacute; sa hanb&iacute; za vz\u0165ah k Bohu Otcovi a zvl&aacute;&scaron;\u0165 k Jeho Synovi a za Jeho re\u010di.<\/span><\/p>\n<p style=\"margin: 0px; font: 18px Helvetica\"><span style=\"letter-spacing: 0px\">&nbsp; &nbsp; Tento vs\u0165ah je chor&yacute;m vz\u0165ahom. Neraz pripom&iacute;name onoho chlapca z evanjelia Mk 9,14-29, kor&eacute; sme \u010d&iacute;tali v &uacute;vodnej liturgii. V&scaron;elijako dokr&uacute;ten&eacute;ho, ktor&yacute;m lomcuj&uacute; zl&eacute; sily a zl&yacute; duch, ktor&yacute; ho vedie a h&aacute;d\u017ee kam nechce ani on, ani jeho rodi\u010dia. <i>&ldquo;Odkedy sa mu to st&aacute;va?&rdquo;<\/i>&#8211; znie ot&aacute;zka P&aacute;na Je\u017ei&scaron;a. Odpove\u010f otca je pravdiv&aacute;:<i> &ldquo;od detstva&rdquo;<\/i>. Ani my, ani na&scaron;e deti nie s&uacute; vy\u0148at&eacute; z toho zl&eacute;ho a naru&scaron;en&eacute;ho vz\u0165ahu k P&aacute;nu Bohu a k Je\u017ei&scaron;ovi. Ke\u010f ide o deti, sme mo\u017eno ochotn&iacute; veri\u0165, \u017ee s&uacute; dobr&eacute; a nevinn&eacute;. V skuto\u010dnosti iba pre ich mal&uacute; silu a mo\u017enosti nevidie\u0165 to, \u010do je HRIECH. V &uacute;tlom a ranom detstve e&scaron;te tak ve\u013emi nevidie\u0165 to, \u010do sa za\u010d&iacute;na viac ukazova\u0165 pri dospievaj&uacute;cich, pri star&scaron;&iacute;ch a star&yacute;ch. \u010casto vid&iacute;me, \u017ee \u010d&iacute;m je \u010dlovek star&scaron;&iacute;, t&yacute;m viac hre&scaron;&iacute;. Neraz sa iba viac skr&yacute;va a hanb&iacute; za svoje chyby, nevedomos\u0165, omyly a hriechy. T&yacute;m \u0165a\u017e&scaron;ie zn&aacute;&scaron;a napomenutie a usved\u010denie z hriechu.<\/span><\/p>\n<p style=\"min-height: 22px; margin: 0px; font: 18px Helvetica\"><span style=\"letter-spacing: 0px\">&nbsp; &nbsp; &nbsp;<\/span><\/p>\n<p style=\"margin: 0px; font: 18px Helvetica\"><span style=\"letter-spacing: 0px\">&nbsp;&nbsp; &nbsp; Ot&aacute;zka teda m&ocirc;\u017ee znie\u0165 aj tak, \u010di je, <b>a ak&aacute; je cesta z tohoto stavu, ktor&yacute; je v&scaron;eobecn&yacute; a celkom be\u017en&yacute;<\/b>?<\/span><\/p>\n<p style=\"margin: 0px; font: 18px Helvetica\"><span style=\"letter-spacing: 0px\">P&aacute;n Je\u017ei&scaron; upozor\u0148uje na d&ocirc;le\u017eitos\u0165 Jeho slov a re\u010d&iacute;, ktor&eacute; by si \u010dlovek a \u013eudia v&ocirc;bec mali v&scaron;&iacute;ma\u0165, spozn&aacute;va\u0165 a akceptova\u0165 ich! Ktor&eacute; s&uacute; to ? &#8211; On hovor&iacute;: &ldquo;<i>U\u010dte ich zachov&aacute;va\u0165, v&scaron;etko, \u010doko\u013evek som v&aacute;m prik&aacute;zal&rdquo;<\/i>(Mt 28)<\/span><\/p>\n<p style=\"min-height: 22px; margin: 0px; font: 18px Helvetica\">&nbsp;<\/p>\n<p style=\"margin: 0px; font: 18px Helvetica\"><span style=\"letter-spacing: 0px\">&nbsp;&nbsp; &nbsp; Mo\u017eno n&aacute;s ako prv&eacute; napadne, najm&auml; rodi\u010dov a u\u010dite\u013eov, vyu\u010dovanie Bo\u017e&iacute;m mor&aacute;lnym z&aacute;konom. Desatoru a slov&aacute;m Kristov&yacute;m, ktor&eacute; Desatoro e&scaron;te spr&iacute;s\u0148uj&uacute;. &rdquo;<i>Bolo povedan&eacute; star&yacute;m, ja v&scaron;ak hovor&iacute;m v&aacute;m&rdquo;!<\/i> ( Mt 5 &#8211; 7) Nepochybne, to v&scaron;etko je ve\u013emi d&ocirc;le\u017eit&eacute; a m&aacute; svoj v&yacute;znam a svoju v&aacute;hu. Ve\u010f nikto beztrestne a najm&auml; nie dlhodobo nem&ocirc;\u017ee poru&scaron;ova\u0165 Bo\u017eie pravidl&aacute; pre \u017eivot. Boh trest&aacute; hriech a m&ocirc;\u017ee tresta\u0165 za hriechy otcov potomstvo a\u017e do tretieho \u010di &scaron;tvrt&eacute;ho pokolenia. A predsa ani to nie je v&scaron;etko a najm&auml; nie to najd&ocirc;le\u017eitej&scaron;ie zo slov P&aacute;nov&yacute;ch, ktor&eacute; n&aacute;m priniesol z neba. Ktor&eacute; n&aacute;m odovzdal a ktor&eacute; sa s bl&iacute;\u017eiacim koncom vekov uk&aacute;\u017eu ako spr&aacute;vne&nbsp; a d&ocirc;le\u017eit&eacute;.<\/span><\/p>\n<p style=\"min-height: 22px; margin: 0px; font: 18px Helvetica\"><span style=\"letter-spacing: 0px\">&nbsp; &nbsp; &nbsp;<\/span><\/p>\n<p style=\"margin: 0px; font: 18px Helvetica\"><span style=\"letter-spacing: 0px\">&nbsp;&nbsp; &nbsp; Dnes, mil&iacute; bratia a sestry, chceme uk&aacute;za\u0165 nielen na hriech a jeho silu, jeho put&aacute; a otroctvo. Na silu z&aacute;kona Bo\u017eieho, ktor&yacute;m stavia hr&aacute;dzu \u013eudskej zlobe a v ktorom v&scaron;etk&yacute;m n&aacute;m nastavuje zrkadlo.<\/span><\/p>\n<p style=\"min-height: 22px; margin: 0px; font: 18px Helvetica\"><span style=\"letter-spacing: 0px\">&nbsp; &nbsp; &nbsp;<\/span><\/p>\n<p style=\"margin: 0px; font: 18px Helvetica\"><span style=\"letter-spacing: 0px\">&nbsp; &nbsp; &nbsp; E&scaron;te viac a nad to v&scaron;etko chceme uk&aacute;za\u0165 aj na<b> silu evanjelia.<\/b> Na Jeho dielo a kr&iacute;\u017e, ktor&yacute; nie je iba v&yacute;sledkom \u013eudskej z&uacute;rivosti, zaslepenosti a kr&aacute;tkozrakosti. On je najm&auml; Bo\u017eou mocou a cestou k n&aacute;&scaron;mu vyk&uacute;peniu. K vytrhnutiu ka\u017ed&eacute;ho hrie&scaron;nika zo zlej moci a mocnosti hriechu. Kristova cesta, pon&iacute;\u017eenie a ukri\u017eovanie, <b>Jeho obetovan&eacute; telo a vyliata krv je t&yacute;m Slovom, tou &ldquo;re\u010dou&rdquo;, za ktor&uacute; by sme sa nemali hanbi\u0165, ale ju prij&iacute;ma\u0165 s d&ocirc;verou!<\/b><\/span><\/p>\n<p style=\"margin: 0px; font: 18px Helvetica\"><span style=\"letter-spacing: 0px\"><b>&nbsp;&nbsp; <\/b>Nehanbime sa ani za tie slov&aacute;, ke\u010f<b> O<\/b>n hovor&iacute;: &ldquo; Za v&aacute;s sa vyd&aacute;va, za v&aacute;s sa vylieva na odpustenie hriechov&#8230;&rdquo;. Za vidite\u013en&eacute; Slovo P&aacute;novo vo sviatosti Jeho sv&auml;tej Ve\u010dere, ku ktorej smieme prist&uacute;pi\u0165. To, \u010do sa udialo na Golgote kon&aacute; P&aacute;n pre n&aacute;s mocou Jeho slova dnes, ke\u010f pod sp&ocirc;sobom chleba a v&iacute;na n&aacute;m pod&aacute;va seba. V daroch o ktor&yacute;ch hovor&iacute;: &rdquo;<i>Toto je moje telo- toto je moja krv, krv NZ&rdquo;<\/i>. Tu n&aacute;m pon&uacute;ka &uacute;\u010das\u0165 na svojom v&iacute;\u0165aztve. Na svojom vzkriesen&iacute; a sl&aacute;ve. Lebo On, Mu\u017e bolesti pr&iacute;de napokon v sl&aacute;ve svojho Otca a so sv&auml;t&yacute;mi anjelmi.<\/span><\/p>\n<p style=\"margin: 0px; font: 18px Helvetica\"><span style=\"letter-spacing: 0px\">&nbsp;&nbsp; To je to, \u010do svet, zl&eacute; a cudzolo\u017en&eacute; pokolenie m&aacute; a smie po\u010du\u0165 a prija\u0165. To je to, za \u010do sa nem&aacute;me hanbi\u0165 dnes, aby sme sa neprestajne radovali. Teraz, zajtra i potom ke\u010f P&aacute;n pr&iacute;de vidite\u013ene v sl&aacute;ve a moci. Nehanbime sa a spievajme: Hore srdcia na&scaron;e &#8211; a so v&scaron;etk&yacute;mi vern&yacute;mi dobrore\u010dme na kolen&aacute;ch n&aacute;&scaron;mu P&aacute;novi tu v \u010dasnosti i vo ve\u010dnosti. Amen.<\/span><\/p>\n<p style=\"min-height: 22px; margin: 0px; font: 18px Helvetica\">&nbsp;<\/p>\n<p style=\"margin: 0px; font: 12px Helvetica\"><span style=\"letter-spacing: 0px\">&nbsp;&nbsp; &nbsp; &nbsp; &nbsp; &nbsp; &nbsp; &nbsp; &nbsp; &nbsp; &nbsp; &nbsp; &nbsp; &nbsp; &nbsp; &nbsp; &nbsp; &nbsp; &nbsp;K&aacute;ze\u0148 &#8211; SLB v 2.p&ocirc;st. nede\u013eu s Ve\u010derou P&aacute;novou &#8211; &nbsp;Soboti&scaron;te 2011 &#8211; \u013d.Batka st.<\/span><\/p>\n<p style=\"min-height: 22px; margin: 0px; font: 18px Helvetica\"><span style=\"letter-spacing: 0px\">&nbsp;&nbsp;&nbsp;&nbsp;&nbsp;&nbsp;&nbsp;&nbsp;<\/span><\/p>\n","protected":false},"excerpt":{"rendered":"<p>Mk 8,38:&nbsp; &ldquo;Kto by sa v tomto cudzolo\u017enom, hrie&scaron;nom pokolen&iacute; hanbil za m\u0148a a za moje re\u010di, za toho sa bude hanbi\u0165 aj Syn \u010dloveka, ke\u010f pr&iacute;de v sl&aacute;ve svojho Otca a so sv&auml;t&yacute;mi anjelmi&quot;. Amen &nbsp;&nbsp; &nbsp; &nbsp; &nbsp; &nbsp;&nbsp; &nbsp; &nbsp; &nbsp; Kaj&uacute;ci bratia a sestry v P&aacute;novi ! &nbsp; &nbsp; &nbsp; &nbsp; &#8230; <a title=\"Nehanbime sa za evanjelium\" class=\"read-more\" href=\"https:\/\/www.e-anjelik.sk\/index.php\/2011\/04\/03\/nehanbime-sa-za-evanjelium\/\" aria-label=\"Pre\u010d\u00edtajte si viac o Nehanbime sa za evanjelium\">\u010c\u00edta\u0165 viac<\/a><\/p>\n","protected":false},"author":4,"featured_media":0,"comment_status":"open","ping_status":"open","sticky":false,"template":"","format":"standard","meta":{"footnotes":""},"categories":[53,95],"tags":[192,207],"class_list":["post-3476","post","type-post","status-publish","format-standard","hentry","category-post","category-sobotiste","tag-kazen","tag-vecera-panova"],"_links":{"self":[{"href":"https:\/\/www.e-anjelik.sk\/index.php\/wp-json\/wp\/v2\/posts\/3476","targetHints":{"allow":["GET"]}}],"collection":[{"href":"https:\/\/www.e-anjelik.sk\/index.php\/wp-json\/wp\/v2\/posts"}],"about":[{"href":"https:\/\/www.e-anjelik.sk\/index.php\/wp-json\/wp\/v2\/types\/post"}],"author":[{"embeddable":true,"href":"https:\/\/www.e-anjelik.sk\/index.php\/wp-json\/wp\/v2\/users\/4"}],"replies":[{"embeddable":true,"href":"https:\/\/www.e-anjelik.sk\/index.php\/wp-json\/wp\/v2\/comments?post=3476"}],"version-history":[{"count":0,"href":"https:\/\/www.e-anjelik.sk\/index.php\/wp-json\/wp\/v2\/posts\/3476\/revisions"}],"wp:attachment":[{"href":"https:\/\/www.e-anjelik.sk\/index.php\/wp-json\/wp\/v2\/media?parent=3476"}],"wp:term":[{"taxonomy":"category","embeddable":true,"href":"https:\/\/www.e-anjelik.sk\/index.php\/wp-json\/wp\/v2\/categories?post=3476"},{"taxonomy":"post_tag","embeddable":true,"href":"https:\/\/www.e-anjelik.sk\/index.php\/wp-json\/wp\/v2\/tags?post=3476"}],"curies":[{"name":"wp","href":"https:\/\/api.w.org\/{rel}","templated":true}]}}