{"id":34776,"date":"2021-07-13T12:23:13","date_gmt":"2021-07-13T10:23:13","guid":{"rendered":"http:\/\/e-anjelik.sk\/?p=34776"},"modified":"2021-07-13T12:23:13","modified_gmt":"2021-07-13T10:23:13","slug":"kandidati-na-gen-dozorcu-ecav","status":"publish","type":"post","link":"https:\/\/www.e-anjelik.sk\/index.php\/2021\/07\/13\/kandidati-na-gen-dozorcu-ecav\/","title":{"rendered":"Kandid\u00e1ti na gen.dozorcu ECAV"},"content":{"rendered":"\n<h1 class=\"wp-block-heading\">Mari\u00e1n Damanko\u0161 a Ivan Trep\u00e1\u010d- dvaja kandid\u00e1ti na gener\u00e1lneho dozorcu ECAV<\/h1>\n\n\n\n<figure class=\"wp-block-image\"><a href=\"https:\/\/www.ecav.sk\/rails\/active_storage\/blobs\/eyJfcmFpbHMiOnsibWVzc2FnZSI6IkJBaHBBc0dxIiwiZXhwIjpudWxsLCJwdXIiOiJibG9iX2lkIn19--a58573bb1593a1e44caecc09d5f6d7f91e527115\/Diskusia_kandidati.png\"><img decoding=\"async\" src=\"https:\/\/www.ecav.sk\/rails\/active_storage\/representations\/eyJfcmFpbHMiOnsibWVzc2FnZSI6IkJBaHBBc0dxIiwiZXhwIjpudWxsLCJwdXIiOiJibG9iX2lkIn19--a58573bb1593a1e44caecc09d5f6d7f91e527115\/eyJfcmFpbHMiOnsibWVzc2FnZSI6IkJBaDdCam9MY21WemFYcGxTU0lJT1RBd0Jqb0dSVlE9IiwiZXhwIjpudWxsLCJwdXIiOiJ2YXJpYXRpb24ifX0=--f83398908a42570f1be2d2870fc3e62f317d893b\/Diskusia_kandidati.png\" alt=\"Mari\u00e1n Damanko\u0161 a Ivan Trep\u00e1\u010d- dvaja kandid\u00e1ti na gener\u00e1lneho dozorcu ECAV\"\/><\/a><\/figure>\n\n\n\n<ul class=\"wp-block-list\"><li>&nbsp;13.07.21<\/li><li>&nbsp;&nbsp;Jana Nunv\u00e1\u0159ov\u00e1, tla\u010dov\u00e1 tajomn\u00ed\u010dka<\/li><li>&nbsp;<a href=\"https:\/\/www.ecav.sk\/aktuality\/oznamy\">&nbsp;Oznamy<\/a><\/li><\/ul>\n\n\n\n<p>Po\u010das najbli\u017e\u0161\u00edch nedie\u013e (25. 7., 1. 8. a 8. 8. 2021) si zvol\u00edme nov\u00e9ho gener\u00e1lneho dozorcu ECAV.Ak by ste radi spoznali oboch kandid\u00e1tov, pon\u00fakame v\u00e1m priamy prenos diskusie Medi\u00e1lneho v\u00fdboru ECAV z CZ Hybe. Uskuto\u010dn\u00ed sa 24.7.2021 o 16:00 na YouTube: ECAV s vami. Svoje ot\u00e1zky m\u00f4\u017eete u\u017e dnes posiela\u0165 na media@ecav.sk.<\/p>\n\n\n\n<p>Do funkcie gener\u00e1lneho dozorcu Kandida\u010dn\u00e1 porada v Tren\u010dianskych Tepliciach navrhla celkovo troch kandid\u00e1tov: Mari\u00e1na Damanko\u0161a \u2013 dozorcu \u0160ari\u0161sko-zempl\u00ednskeho senior\u00e1tu, Imricha Luk\u00e1\u010da \u2013 b\u00fdval\u00e9ho gener\u00e1lneho dozorcu v rokoch 2012 \u2013 2018 a Ivana Trep\u00e1\u010da \u2013 dozorcu Tur\u010dianskeho senior\u00e1tu.<br>Ka\u017ed\u00fd z nich mal povinnos\u0165 predlo\u017ei\u0165 svoj \u017eivotopis, \u010destn\u00e9 prehl\u00e1senie, v\u00fdpis z registra trestov a motiva\u010dn\u00fd list s uveden\u00edm d\u00f4vodov, pre ktor\u00e9 sa rozhodol uch\u00e1dza\u0165 o funkciu gener\u00e1lneho dozorcu ECAV. Kandida\u010dn\u00e1 porada skontrolovala, \u010di jednotliv\u00ed kandid\u00e1ti sp\u013a\u0148aj\u00fa z\u00e1kladn\u00e9 podmienky kandid\u00e1cie, ako ich stanovuj\u00fa cirkevnopr\u00e1vne predpisy, a n\u00e1sledne o ka\u017edom jednom hlasovala.<br>Z cirkevno-pr\u00e1vnych predpisov rozhodnut\u00edm Synody u\u017e vypadlo hlasovanie o d\u00f4vodnej n\u00e1mietke, ktor\u00fa mohol v minulosti vznies\u0165 ktor\u00fdko\u013evek \u010dlen kandida\u010dnej porady proti ktor\u00e9muko\u013evek kandid\u00e1tovi.<br>V tajnom hlasovan\u00ed Kandida\u010dn\u00e1 porada na stretnut\u00ed v priestoroch hotela Pax do volieb odporu\u010dila dvoch z troch navrhnut\u00fdch kandid\u00e1tov: Mari\u00e1na Damanko\u0161a (25 hlasov) a Ivana Trep\u00e1\u010da (24 hlasov), ktor\u00ed z\u00edskali nadpolovi\u010dn\u00fa v\u00e4\u010d\u0161inu hlasov pr\u00edtomn\u00fdch \u010dlenov kandida\u010dnej porady. Do volieb nepost\u00fapil kandid\u00e1t Imrich Luk\u00e1\u010d, ke\u010f\u017ee nez\u00edskal nadpolovi\u010dn\u00fa v\u00e4\u010d\u0161inu, ale iba p\u00e4\u0165 hlasov.<\/p>\n","protected":false},"excerpt":{"rendered":"<p>Mari\u00e1n Damanko\u0161 a Ivan Trep\u00e1\u010d- dvaja kandid\u00e1ti na gener\u00e1lneho dozorcu ECAV &nbsp;13.07.21 &nbsp;&nbsp;Jana Nunv\u00e1\u0159ov\u00e1, tla\u010dov\u00e1 tajomn\u00ed\u010dka &nbsp;&nbsp;Oznamy Po\u010das najbli\u017e\u0161\u00edch nedie\u013e (25. 7., 1. 8. a 8. 8. 2021) si zvol\u00edme nov\u00e9ho gener\u00e1lneho dozorcu ECAV.Ak by ste radi spoznali oboch kandid\u00e1tov, pon\u00fakame v\u00e1m priamy prenos diskusie Medi\u00e1lneho v\u00fdboru ECAV z CZ Hybe. Uskuto\u010dn\u00ed sa 24.7.2021 o &#8230; <a title=\"Kandid\u00e1ti na gen.dozorcu ECAV\" class=\"read-more\" href=\"https:\/\/www.e-anjelik.sk\/index.php\/2021\/07\/13\/kandidati-na-gen-dozorcu-ecav\/\" aria-label=\"Pre\u010d\u00edtajte si viac o Kandid\u00e1ti na gen.dozorcu ECAV\">\u010c\u00edta\u0165 viac<\/a><\/p>\n","protected":false},"author":4,"featured_media":0,"comment_status":"open","ping_status":"open","sticky":false,"template":"","format":"standard","meta":{"footnotes":""},"categories":[4,193,104],"tags":[],"class_list":["post-34776","post","type-post","status-publish","format-standard","hentry","category-akcie","category-co-pisu-ini","category-synoda"],"_links":{"self":[{"href":"https:\/\/www.e-anjelik.sk\/index.php\/wp-json\/wp\/v2\/posts\/34776","targetHints":{"allow":["GET"]}}],"collection":[{"href":"https:\/\/www.e-anjelik.sk\/index.php\/wp-json\/wp\/v2\/posts"}],"about":[{"href":"https:\/\/www.e-anjelik.sk\/index.php\/wp-json\/wp\/v2\/types\/post"}],"author":[{"embeddable":true,"href":"https:\/\/www.e-anjelik.sk\/index.php\/wp-json\/wp\/v2\/users\/4"}],"replies":[{"embeddable":true,"href":"https:\/\/www.e-anjelik.sk\/index.php\/wp-json\/wp\/v2\/comments?post=34776"}],"version-history":[{"count":1,"href":"https:\/\/www.e-anjelik.sk\/index.php\/wp-json\/wp\/v2\/posts\/34776\/revisions"}],"predecessor-version":[{"id":34777,"href":"https:\/\/www.e-anjelik.sk\/index.php\/wp-json\/wp\/v2\/posts\/34776\/revisions\/34777"}],"wp:attachment":[{"href":"https:\/\/www.e-anjelik.sk\/index.php\/wp-json\/wp\/v2\/media?parent=34776"}],"wp:term":[{"taxonomy":"category","embeddable":true,"href":"https:\/\/www.e-anjelik.sk\/index.php\/wp-json\/wp\/v2\/categories?post=34776"},{"taxonomy":"post_tag","embeddable":true,"href":"https:\/\/www.e-anjelik.sk\/index.php\/wp-json\/wp\/v2\/tags?post=34776"}],"curies":[{"name":"wp","href":"https:\/\/api.w.org\/{rel}","templated":true}]}}