{"id":34779,"date":"2021-07-15T18:07:49","date_gmt":"2021-07-15T16:07:49","guid":{"rendered":"http:\/\/e-anjelik.sk\/?p=34779"},"modified":"2021-07-27T20:21:05","modified_gmt":"2021-07-27T18:21:05","slug":"blahozelanie-jurajovi-sarvasovi","status":"publish","type":"post","link":"https:\/\/www.e-anjelik.sk\/index.php\/2021\/07\/15\/blahozelanie-jurajovi-sarvasovi\/","title":{"rendered":"Blaho\u017eelanie Jurajovi Sarva\u0161ovi"},"content":{"rendered":"\n<p class=\"wp-block-paragraph\">Redakcia web.str\u00e1nky sa prip\u00e1ja k mnoh\u00fdm blaho\u017eelaniam k 90-ke br.Jurajovi Sarva\u0161ovi, a \u010fakuje za jeho bohat\u00fa slu\u017ebu cirkvi a cirkevn\u00fdm zborom, osobitne aj za slu\u017ebu konan\u00fa 20 rokov na Bran\u010di. Mnogaja ljeta \u017eivio!<\/p>\n\n\n\n<h1 class=\"wp-block-heading\">Blaho\u017eel\u00e1me 90. ro\u010dn\u00e9mu Jurajovi Sarva\u0161ovi<\/h1>\n\n\n\n<figure class=\"wp-block-image size-large\"><img decoding=\"async\" src=\"http:\/\/e-anjelik.sk\/wp-content\/uploads\/2021\/07\/Branc-2002-J-Sarv.-1-726x1024.jpeg\" alt=\"\" class=\"wp-image-34803\"\/><\/figure>\n\n\n\n<figure class=\"wp-block-image\"><a href=\"https:\/\/www.ecav.sk\/rails\/active_storage\/blobs\/eyJfcmFpbHMiOnsibWVzc2FnZSI6IkJBaHBBdXlyIiwiZXhwIjpudWxsLCJwdXIiOiJibG9iX2lkIn19--10fa6808db2d18a4e65321fa9d55cbe19bbc90a9\/3b27.jpg\"><img decoding=\"async\" src=\"https:\/\/www.ecav.sk\/rails\/active_storage\/representations\/eyJfcmFpbHMiOnsibWVzc2FnZSI6IkJBaHBBdXlyIiwiZXhwIjpudWxsLCJwdXIiOiJibG9iX2lkIn19--10fa6808db2d18a4e65321fa9d55cbe19bbc90a9\/eyJfcmFpbHMiOnsibWVzc2FnZSI6IkJBaDdCam9MY21WemFYcGxTU0lJT1RBd0Jqb0dSVlE9IiwiZXhwIjpudWxsLCJwdXIiOiJ2YXJpYXRpb24ifX0=--f83398908a42570f1be2d2870fc3e62f317d893b\/3b27.jpg\" alt=\"Blaho\u017eel\u00e1me 90. ro\u010dn\u00e9mu Jurajovi Sarva\u0161ovi\"\/><\/a><\/figure>\n\n\n\n<ul class=\"wp-block-list\"><li>&nbsp;14.07.21<\/li><li><\/li><li>&nbsp;<\/li><\/ul>\n\n\n\n<p class=\"wp-block-paragraph\">Pr\u00e1ve dnes sa do\u017e\u00edva kr\u00e1snych 90 rokov herec, recit\u00e1tor, scen\u00e1rista, re\u017eis\u00e9r a pedag\u00f3g Juraj Sarva\u0161. Pozn\u00e1me ho z \u010dast\u00e9ho \u00fa\u010dinkovania na evanjelick\u00fdch cirkevn\u00fdch podujatiach a aj cez jeho tvorbu umeleck\u00fdch programov o v\u00fdznamn\u00fdch osobnostiach na\u0161ej cirkvi. Jubilantovi v mene \u010dlenov cirkvi \u00faprimne blaho\u017eel\u00e1me! \u010eakujeme za jeho slu\u017ebu pre evanjelick\u00fa cirkev a vyprosujeme mu pevn\u00e9 zdravie a Bo\u017eie po\u017eehnanie.<\/p>\n","protected":false},"excerpt":{"rendered":"<p>Redakcia web.str\u00e1nky sa prip\u00e1ja k mnoh\u00fdm blaho\u017eelaniam k 90-ke br.Jurajovi Sarva\u0161ovi, a \u010fakuje za jeho bohat\u00fa slu\u017ebu cirkvi a cirkevn\u00fdm zborom, osobitne aj za slu\u017ebu konan\u00fa 20 rokov na Bran\u010di. Mnogaja ljeta \u017eivio! Blaho\u017eel\u00e1me 90. ro\u010dn\u00e9mu Jurajovi Sarva\u0161ovi &nbsp;14.07.21 &nbsp; Pr\u00e1ve dnes sa do\u017e\u00edva kr\u00e1snych 90 rokov herec, recit\u00e1tor, scen\u00e1rista, re\u017eis\u00e9r a pedag\u00f3g Juraj Sarva\u0161. &#8230; <a title=\"Blaho\u017eelanie Jurajovi Sarva\u0161ovi\" class=\"read-more\" href=\"https:\/\/www.e-anjelik.sk\/index.php\/2021\/07\/15\/blahozelanie-jurajovi-sarvasovi\/\" aria-label=\"Pre\u010d\u00edtajte si viac o Blaho\u017eelanie Jurajovi Sarva\u0161ovi\">\u010c\u00edta\u0165 viac<\/a><\/p>\n","protected":false},"author":4,"featured_media":0,"comment_status":"open","ping_status":"open","sticky":false,"template":"","format":"standard","meta":{"footnotes":""},"categories":[193,195,165],"tags":[],"class_list":["post-34779","post","type-post","status-publish","format-standard","hentry","category-co-pisu-ini","category-evanjelicke-slovensko","category-poezia-2"],"_links":{"self":[{"href":"https:\/\/www.e-anjelik.sk\/index.php\/wp-json\/wp\/v2\/posts\/34779","targetHints":{"allow":["GET"]}}],"collection":[{"href":"https:\/\/www.e-anjelik.sk\/index.php\/wp-json\/wp\/v2\/posts"}],"about":[{"href":"https:\/\/www.e-anjelik.sk\/index.php\/wp-json\/wp\/v2\/types\/post"}],"author":[{"embeddable":true,"href":"https:\/\/www.e-anjelik.sk\/index.php\/wp-json\/wp\/v2\/users\/4"}],"replies":[{"embeddable":true,"href":"https:\/\/www.e-anjelik.sk\/index.php\/wp-json\/wp\/v2\/comments?post=34779"}],"version-history":[{"count":3,"href":"https:\/\/www.e-anjelik.sk\/index.php\/wp-json\/wp\/v2\/posts\/34779\/revisions"}],"predecessor-version":[{"id":34804,"href":"https:\/\/www.e-anjelik.sk\/index.php\/wp-json\/wp\/v2\/posts\/34779\/revisions\/34804"}],"wp:attachment":[{"href":"https:\/\/www.e-anjelik.sk\/index.php\/wp-json\/wp\/v2\/media?parent=34779"}],"wp:term":[{"taxonomy":"category","embeddable":true,"href":"https:\/\/www.e-anjelik.sk\/index.php\/wp-json\/wp\/v2\/categories?post=34779"},{"taxonomy":"post_tag","embeddable":true,"href":"https:\/\/www.e-anjelik.sk\/index.php\/wp-json\/wp\/v2\/tags?post=34779"}],"curies":[{"name":"wp","href":"https:\/\/api.w.org\/{rel}","templated":true}]}}