{"id":34783,"date":"2021-07-17T22:39:41","date_gmt":"2021-07-17T20:39:41","guid":{"rendered":"http:\/\/e-anjelik.sk\/?p=34783"},"modified":"2021-07-17T22:39:41","modified_gmt":"2021-07-17T20:39:41","slug":"anna-batkova-spomienky-nad-koliskou","status":"publish","type":"post","link":"https:\/\/www.e-anjelik.sk\/index.php\/2021\/07\/17\/anna-batkova-spomienky-nad-koliskou\/","title":{"rendered":"Anna Batkov\u00e1: Spomienky nad kol\u00edskou"},"content":{"rendered":"\n<p>Anna Batkov\u00e1: <em>Spomienky nad kol\u00edskou<\/em><\/p>\n\n\n\n<p><em>Ke\u010f povila som prv\u00e9 die\u0165a<\/em><\/p>\n\n\n\n<p><em>do na\u0161ej kol\u00edsky, \u010do nebola u\u017e nov\u00e1,<\/em><\/p>\n\n\n\n<p><em>len \u010dist\u00e1 rados\u0165, \u0161\u0165astie<\/em><\/p>\n\n\n\n<p><em>nap\u013a\u0148ali srdce i dom<\/em><\/p>\n\n\n\n<p><em>ka\u017ed\u00fd de\u0148 znova a znova.<\/em><\/p>\n\n\n\n<p><em>Ke\u010f \u0161ieste die\u0165a kl\u00e1dla som u\u017e do kol\u00edsky,&nbsp;<\/em><\/p>\n\n\n\n<p><em>c\u00edtila som, \u017ee aj in\u00fd pocit mi je bl\u00edzky.<\/em><\/p>\n\n\n\n<p><em>A \u0161\u0165astie moje, moje l\u00e1sky<\/em><\/p>\n\n\n\n<p><em>spravili na mojom \u010dele prv\u00e9 vr\u00e1sky.<\/em><\/p>\n\n\n\n<p><em>Pribudlo det\u00ed, ubudlo chleba,<\/em><\/p>\n\n\n\n<p><em>le\u017e neubudlo v mojom srdci l\u00e1sky &#8211;<\/em><\/p>\n\n\n\n<p><em>dvan\u00e1stim dopriala som \u017ei\u0165.<\/em><\/p>\n\n\n\n<p><em>Len P\u00e1n Boh vybral koho mi nech\u00e1<\/em><\/p>\n\n\n\n<p><em>a s k\u00fdm sa mus\u00edm rozl\u00fa\u010di\u0165.<\/em><\/p>\n\n\n\n<p><em>A \u013eudu m\u00f4jmu v\u010fala nemal\u00e1,<\/em><\/p>\n\n\n\n<p><em>ve\u010f sama by som ich e\u0161te \u0165a\u017e\u0161ie chovala.<\/em><\/p>\n\n\n\n<p><em>Pest\u00fanke mojej, aj t\u00fdm \u010do priniesli<\/em><\/p>\n\n\n\n<p><em>k n\u00e1m po\u017eive\u0148, hoc sami toho ve\u013ea nemali,<\/em><\/p>\n\n\n\n<p><em>aj t\u00fdm, \u010do mil\u00e9 slovo povedali<\/em><\/p>\n\n\n\n<p><em>a deti moje pohladkali.<\/em><\/p>\n\n\n\n<p><em>T\u00fdm v\u0161etk\u00fdm \u010fakujem.<\/em><\/p>\n\n\n\n<p><em>(B\u00e1se\u0148 venovan\u00e1 spomienke na matku Milana Rastislava \u0160tef\u00e1nika, pani far\u00e1rku Albert\u00ednu \u0160tef\u00e1nikov\u00fa rod.Jurenkov\u00fa.&nbsp;<\/em><\/p>\n\n\n\n<p><em>Uverejnil: Sinokvet, ob\u010dasn\u00edk rod\u00e1kov M.R.\u0160tef\u00e1nika, teraz aj v knihe: Tu s\u00fa jeho korene)<\/em><\/p>\n","protected":false},"excerpt":{"rendered":"<p>Anna Batkov\u00e1: Spomienky nad kol\u00edskou Ke\u010f povila som prv\u00e9 die\u0165a do na\u0161ej kol\u00edsky, \u010do nebola u\u017e nov\u00e1, len \u010dist\u00e1 rados\u0165, \u0161\u0165astie nap\u013a\u0148ali srdce i dom ka\u017ed\u00fd de\u0148 znova a znova. Ke\u010f \u0161ieste die\u0165a kl\u00e1dla som u\u017e do kol\u00edsky,&nbsp; c\u00edtila som, \u017ee aj in\u00fd pocit mi je bl\u00edzky. A \u0161\u0165astie moje, moje l\u00e1sky spravili na mojom &#8230; <a title=\"Anna Batkov\u00e1: Spomienky nad kol\u00edskou\" class=\"read-more\" href=\"https:\/\/www.e-anjelik.sk\/index.php\/2021\/07\/17\/anna-batkova-spomienky-nad-koliskou\/\" aria-label=\"Pre\u010d\u00edtajte si viac o Anna Batkov\u00e1: Spomienky nad kol\u00edskou\">\u010c\u00edta\u0165 viac<\/a><\/p>\n","protected":false},"author":4,"featured_media":0,"comment_status":"open","ping_status":"open","sticky":false,"template":"","format":"standard","meta":{"footnotes":""},"categories":[171,165],"tags":[],"class_list":["post-34783","post","type-post","status-publish","format-standard","hentry","category-kosariska-priepasne","category-poezia-2"],"_links":{"self":[{"href":"https:\/\/www.e-anjelik.sk\/index.php\/wp-json\/wp\/v2\/posts\/34783","targetHints":{"allow":["GET"]}}],"collection":[{"href":"https:\/\/www.e-anjelik.sk\/index.php\/wp-json\/wp\/v2\/posts"}],"about":[{"href":"https:\/\/www.e-anjelik.sk\/index.php\/wp-json\/wp\/v2\/types\/post"}],"author":[{"embeddable":true,"href":"https:\/\/www.e-anjelik.sk\/index.php\/wp-json\/wp\/v2\/users\/4"}],"replies":[{"embeddable":true,"href":"https:\/\/www.e-anjelik.sk\/index.php\/wp-json\/wp\/v2\/comments?post=34783"}],"version-history":[{"count":1,"href":"https:\/\/www.e-anjelik.sk\/index.php\/wp-json\/wp\/v2\/posts\/34783\/revisions"}],"predecessor-version":[{"id":34784,"href":"https:\/\/www.e-anjelik.sk\/index.php\/wp-json\/wp\/v2\/posts\/34783\/revisions\/34784"}],"wp:attachment":[{"href":"https:\/\/www.e-anjelik.sk\/index.php\/wp-json\/wp\/v2\/media?parent=34783"}],"wp:term":[{"taxonomy":"category","embeddable":true,"href":"https:\/\/www.e-anjelik.sk\/index.php\/wp-json\/wp\/v2\/categories?post=34783"},{"taxonomy":"post_tag","embeddable":true,"href":"https:\/\/www.e-anjelik.sk\/index.php\/wp-json\/wp\/v2\/tags?post=34783"}],"curies":[{"name":"wp","href":"https:\/\/api.w.org\/{rel}","templated":true}]}}