{"id":34785,"date":"2021-07-17T22:43:48","date_gmt":"2021-07-17T20:43:48","guid":{"rendered":"http:\/\/e-anjelik.sk\/?p=34785"},"modified":"2021-07-17T22:43:48","modified_gmt":"2021-07-17T20:43:48","slug":"pavel-stefanik-ci-sa-pamatas","status":"publish","type":"post","link":"https:\/\/www.e-anjelik.sk\/index.php\/2021\/07\/17\/pavel-stefanik-ci-sa-pamatas\/","title":{"rendered":"Pavel \u0160tef\u00e1nik: \u010ci sa pam\u00e4t\u00e1\u0161?"},"content":{"rendered":"\n<p><strong>Pavel \u0160tef\u00e1nik: \u010ci sa pam\u00e4t\u00e1\u0161?<\/strong><\/p>\n\n\n\n<p><em>\u010ci sa pam\u00e4t\u00e1\u0161\u2026ke\u010f v zelenom sade<\/em><\/p>\n\n\n\n<p><em>Letn\u00fdm ve\u010dierkom spolu sme si sedeli<\/em><\/p>\n\n\n\n<p><em>Ml\u010danlivo, tklivo &#8211; len v oka poh\u013eade<\/em><\/p>\n\n\n\n<p><em>Tlmo\u010diac si navz\u00e1jom du\u0161e pocit vrel\u00fd.<\/em><\/p>\n\n\n\n<p><em>Na nebi zaskvel sa jas severnej \u017eiare,<\/em><\/p>\n\n\n\n<p><em>V\u0161e v\u00f4kol zrumeniac &#8211; i na na\u0161e tv\u00e1re<\/em><\/p>\n\n\n\n<p><em>Usadil sa odlesk \u0161\u0165astia, l\u00e1sky, blaha\u2026<\/em><\/p>\n\n\n\n<p><em>\u010ci sa pam\u00e4t\u00e1\u0161 na ten ve\u010der drah\u00e1? &nbsp;<\/em><\/p>\n\n\n\n<p><em>Potom odznel hlas ve\u010dern\u00e9ho zvonu<\/em><\/p>\n\n\n\n<p><em>Pozvo\u013ene hasli barvy nebesklonu\u2026<\/em><\/p>\n\n\n\n<p><em>V\u0161etko zat\u00edchlo &#8211; len \u0161elest vetr\u00edka<\/em><\/p>\n\n\n\n<p><em>A tlkot na\u0161ich s\u0155dc so spevom sl\u00e1vika<\/em><\/p>\n\n\n\n<p><em>Pojili sa v harm\u00f3niu\u2026<\/em><\/p>\n\n\n\n<p><em>Tu vzru\u0161il n\u00e1s oboch<\/em><\/p>\n\n\n\n<p><em>Pocit bo\u017esk\u00fd, sv\u00e4t\u00fd<\/em><\/p>\n\n\n\n<p><em>A ty spo\u010dinula<\/em><\/p>\n\n\n\n<p><em>Si v mojom objat\u00ed.<\/em><\/p>\n\n\n\n<p><em>Slasti nadzemskej pal<\/em><\/p>\n\n\n\n<p><em>Srdc\u00e1 na\u0161e schv\u00e1til<\/em><\/p>\n\n\n\n<p><em>A prv\u00fd bozk l\u00e1sky<\/em><\/p>\n\n\n\n<p><em>Zv\u00e4zok n\u00e1\u0161 spe\u010datil.<\/em><\/p>\n\n\n\n<p><em>Oj, kto by bol tenkr\u00e1t<\/em><\/p>\n\n\n\n<p><em>smel n\u00e1m riec\u0165: \u017ee to len<\/em><\/p>\n\n\n\n<p><em>Klamnej vidiny tie\u0148,<\/em><\/p>\n\n\n\n<p><em>Blaha prchav\u00fd sen.<\/em><\/p>\n\n\n\n<p><em>Po \u0161\u0165ast\u00ed sm\u00e4dn\u00fdch<\/em><\/p>\n\n\n\n<p><em>Du\u0161\u00ed m\u00e1rna snaha\u2026<\/em><\/p>\n\n\n\n<p><em>\u010ci sa pam\u00e4t\u00e1\u0161 na to v\u0161etko drah\u00e1?<\/em><\/p>\n\n\n\n<p><em>A potom stanulas so mnou pri olt\u00e1ri<\/em><\/p>\n\n\n\n<p><em>Vonn\u00fdm kvetom Myrty oven\u010diac si vlasy;<\/em><\/p>\n\n\n\n<p><em>V beloskv\u00facom r\u00fachu &#8211;&nbsp; s \u00fasmevom na tv\u00e1ri<\/em><\/p>\n\n\n\n<p><em>Pln\u00e1 p\u00f4vabov nevinnosti, kr\u00e1sy:<\/em><\/p>\n\n\n\n<p><em>Zrela s okom pln\u00fdm nehy, bla\u017eenosti<\/em><\/p>\n\n\n\n<p><em>V jasnom r\u00e1mci &#8211; obraz jasnej bud\u00facnosti;<\/em><\/p>\n\n\n\n<p><em>V zraku nebe &#8211; v srdci pevn\u00fa vieru:<\/em><\/p>\n\n\n\n<p><em>\u017de Boh iste na n\u00e1s zo\u0161le \u0161\u0165astia mieru.<\/em><\/p>\n\n\n\n<p><em>(\u00faryvok)<\/em><\/p>\n\n\n\n<p><em>(Pavel \u0160tef\u00e1nik: Z\u00e1pis do pam\u00e4tn\u00edka v de\u0148 25.jubilea man\u017eelsk\u00e9ho sob\u00e1\u0161a &#8211; 4.j\u00fala 1896).<\/em><\/p>\n","protected":false},"excerpt":{"rendered":"<p>Pavel \u0160tef\u00e1nik: \u010ci sa pam\u00e4t\u00e1\u0161? \u010ci sa pam\u00e4t\u00e1\u0161\u2026ke\u010f v zelenom sade Letn\u00fdm ve\u010dierkom spolu sme si sedeli Ml\u010danlivo, tklivo &#8211; len v oka poh\u013eade Tlmo\u010diac si navz\u00e1jom du\u0161e pocit vrel\u00fd. Na nebi zaskvel sa jas severnej \u017eiare, V\u0161e v\u00f4kol zrumeniac &#8211; i na na\u0161e tv\u00e1re Usadil sa odlesk \u0161\u0165astia, l\u00e1sky, blaha\u2026 \u010ci sa pam\u00e4t\u00e1\u0161 na &#8230; <a title=\"Pavel \u0160tef\u00e1nik: \u010ci sa pam\u00e4t\u00e1\u0161?\" class=\"read-more\" href=\"https:\/\/www.e-anjelik.sk\/index.php\/2021\/07\/17\/pavel-stefanik-ci-sa-pamatas\/\" aria-label=\"Pre\u010d\u00edtajte si viac o Pavel \u0160tef\u00e1nik: \u010ci sa pam\u00e4t\u00e1\u0161?\">\u010c\u00edta\u0165 viac<\/a><\/p>\n","protected":false},"author":4,"featured_media":0,"comment_status":"open","ping_status":"open","sticky":false,"template":"","format":"standard","meta":{"footnotes":""},"categories":[171,165],"tags":[],"class_list":["post-34785","post","type-post","status-publish","format-standard","hentry","category-kosariska-priepasne","category-poezia-2"],"_links":{"self":[{"href":"https:\/\/www.e-anjelik.sk\/index.php\/wp-json\/wp\/v2\/posts\/34785","targetHints":{"allow":["GET"]}}],"collection":[{"href":"https:\/\/www.e-anjelik.sk\/index.php\/wp-json\/wp\/v2\/posts"}],"about":[{"href":"https:\/\/www.e-anjelik.sk\/index.php\/wp-json\/wp\/v2\/types\/post"}],"author":[{"embeddable":true,"href":"https:\/\/www.e-anjelik.sk\/index.php\/wp-json\/wp\/v2\/users\/4"}],"replies":[{"embeddable":true,"href":"https:\/\/www.e-anjelik.sk\/index.php\/wp-json\/wp\/v2\/comments?post=34785"}],"version-history":[{"count":1,"href":"https:\/\/www.e-anjelik.sk\/index.php\/wp-json\/wp\/v2\/posts\/34785\/revisions"}],"predecessor-version":[{"id":34786,"href":"https:\/\/www.e-anjelik.sk\/index.php\/wp-json\/wp\/v2\/posts\/34785\/revisions\/34786"}],"wp:attachment":[{"href":"https:\/\/www.e-anjelik.sk\/index.php\/wp-json\/wp\/v2\/media?parent=34785"}],"wp:term":[{"taxonomy":"category","embeddable":true,"href":"https:\/\/www.e-anjelik.sk\/index.php\/wp-json\/wp\/v2\/categories?post=34785"},{"taxonomy":"post_tag","embeddable":true,"href":"https:\/\/www.e-anjelik.sk\/index.php\/wp-json\/wp\/v2\/tags?post=34785"}],"curies":[{"name":"wp","href":"https:\/\/api.w.org\/{rel}","templated":true}]}}