{"id":34787,"date":"2021-07-19T23:22:55","date_gmt":"2021-07-19T21:22:55","guid":{"rendered":"http:\/\/e-anjelik.sk\/?p=34787"},"modified":"2021-07-19T23:25:52","modified_gmt":"2021-07-19T21:25:52","slug":"za-milanom-lasicom","status":"publish","type":"post","link":"https:\/\/www.e-anjelik.sk\/index.php\/2021\/07\/19\/za-milanom-lasicom\/","title":{"rendered":"Za Milanom Lasicom"},"content":{"rendered":"\n<h3 class=\"wp-block-heading\">Pri spomienke na Milana Lasicu p\u00ed\u0161e J\u00e1n Hrobo\u0148, biskup Z\u00e1padn\u00e9ho di\u0161triktu: &#8222;P\u00e1n Milan Lasica bol fenom\u00e9nom slovenskej kult\u00fary. Jeho brilantn\u00e1 myse\u013e, iskriv\u00fd duch, svie\u017ee slovo, \u013eudskos\u0165, hereck\u00e9 majstrovstvo oslovovali gener\u00e1cie a nedali sa krivi\u0165 politick\u00fdm re\u017eimom. Ve\u013ea by sa dalo poveda\u0165, chcem v\u0161ak vyslovi\u0165 len jedno prost\u00e9 &#8211; \u010fakujem.P\u00e1n Milan Lasica bol evanjelik a hl\u00e1sil sa k na\u0161ej cirkvi. M\u00e1m s t\u00fdm osobn\u00fa sk\u00fasenos\u0165. Hodnoty ducha zost\u00e1vaj\u00fa, nezabudneme.Pozostalej rodine a v\u0161etk\u00fdm jeho najbli\u017e\u0161\u00edm vyslovujem \u00faprimn\u00fa s\u00fastras\u0165, prajem ve\u013ea s\u00edl a Bo\u017e\u00ed pokoj.&#8220;<\/h3>\n","protected":false},"excerpt":{"rendered":"<p>Pri spomienke na Milana Lasicu p\u00ed\u0161e J\u00e1n Hrobo\u0148, biskup Z\u00e1padn\u00e9ho di\u0161triktu: &#8222;P\u00e1n Milan Lasica bol fenom\u00e9nom slovenskej kult\u00fary. Jeho brilantn\u00e1 myse\u013e, iskriv\u00fd duch, svie\u017ee slovo, \u013eudskos\u0165, hereck\u00e9 majstrovstvo oslovovali gener\u00e1cie a nedali sa krivi\u0165 politick\u00fdm re\u017eimom. Ve\u013ea by sa dalo poveda\u0165, chcem v\u0161ak vyslovi\u0165 len jedno prost\u00e9 &#8211; \u010fakujem.P\u00e1n Milan Lasica bol evanjelik a hl\u00e1sil &#8230; <a title=\"Za Milanom Lasicom\" class=\"read-more\" href=\"https:\/\/www.e-anjelik.sk\/index.php\/2021\/07\/19\/za-milanom-lasicom\/\" aria-label=\"Pre\u010d\u00edtajte si viac o Za Milanom Lasicom\">\u010c\u00edta\u0165 viac<\/a><\/p>\n","protected":false},"author":4,"featured_media":0,"comment_status":"open","ping_status":"open","sticky":false,"template":"","format":"standard","meta":{"footnotes":""},"categories":[193,322,69],"tags":[],"class_list":["post-34787","post","type-post","status-publish","format-standard","hentry","category-co-pisu-ini","category-nekrolog","category-spominame"],"_links":{"self":[{"href":"https:\/\/www.e-anjelik.sk\/index.php\/wp-json\/wp\/v2\/posts\/34787","targetHints":{"allow":["GET"]}}],"collection":[{"href":"https:\/\/www.e-anjelik.sk\/index.php\/wp-json\/wp\/v2\/posts"}],"about":[{"href":"https:\/\/www.e-anjelik.sk\/index.php\/wp-json\/wp\/v2\/types\/post"}],"author":[{"embeddable":true,"href":"https:\/\/www.e-anjelik.sk\/index.php\/wp-json\/wp\/v2\/users\/4"}],"replies":[{"embeddable":true,"href":"https:\/\/www.e-anjelik.sk\/index.php\/wp-json\/wp\/v2\/comments?post=34787"}],"version-history":[{"count":2,"href":"https:\/\/www.e-anjelik.sk\/index.php\/wp-json\/wp\/v2\/posts\/34787\/revisions"}],"predecessor-version":[{"id":34789,"href":"https:\/\/www.e-anjelik.sk\/index.php\/wp-json\/wp\/v2\/posts\/34787\/revisions\/34789"}],"wp:attachment":[{"href":"https:\/\/www.e-anjelik.sk\/index.php\/wp-json\/wp\/v2\/media?parent=34787"}],"wp:term":[{"taxonomy":"category","embeddable":true,"href":"https:\/\/www.e-anjelik.sk\/index.php\/wp-json\/wp\/v2\/categories?post=34787"},{"taxonomy":"post_tag","embeddable":true,"href":"https:\/\/www.e-anjelik.sk\/index.php\/wp-json\/wp\/v2\/tags?post=34787"}],"curies":[{"name":"wp","href":"https:\/\/api.w.org\/{rel}","templated":true}]}}