{"id":34805,"date":"2021-07-31T14:55:28","date_gmt":"2021-07-31T12:55:28","guid":{"rendered":"http:\/\/e-anjelik.sk\/?p=34805"},"modified":"2021-07-31T14:55:28","modified_gmt":"2021-07-31T12:55:28","slug":"rozlucka-s-br-fararom-j-sefcikom-v-senici","status":"publish","type":"post","link":"https:\/\/www.e-anjelik.sk\/index.php\/2021\/07\/31\/rozlucka-s-br-fararom-j-sefcikom-v-senici\/","title":{"rendered":"Rozl\u00fa\u010dka s br.far\u00e1rom J.\u0160ef\u010d\u00edkom v Senici"},"content":{"rendered":"\n<h1 class=\"wp-block-heading\">Rozl\u00fa\u010dka v Senici s br. far\u00e1rom Jurajom \u0160ef\u010d\u00edkom<\/h1>\n\n\n\n<figure class=\"wp-block-image is-style-default\"><a href=\"https:\/\/www.ecav.sk\/rails\/active_storage\/blobs\/eyJfcmFpbHMiOnsibWVzc2FnZSI6IkJBaHBBaDJ1IiwiZXhwIjpudWxsLCJwdXIiOiJibG9iX2lkIn19--4f3aa0e8fd3ddb84b8228265b547fe440482fe7e\/se4_n.jpg\"><img decoding=\"async\" src=\"https:\/\/www.ecav.sk\/rails\/active_storage\/representations\/eyJfcmFpbHMiOnsibWVzc2FnZSI6IkJBaHBBaDJ1IiwiZXhwIjpudWxsLCJwdXIiOiJibG9iX2lkIn19--4f3aa0e8fd3ddb84b8228265b547fe440482fe7e\/eyJfcmFpbHMiOnsibWVzc2FnZSI6IkJBaDdCam9MY21WemFYcGxTU0lJT1RBd0Jqb0dSVlE9IiwiZXhwIjpudWxsLCJwdXIiOiJ2YXJpYXRpb24ifX0=--f83398908a42570f1be2d2870fc3e62f317d893b\/se4_n.jpg\" alt=\"Rozl\u00fa\u010dka v Senici s br. far\u00e1rom Jurajom \u0160ef\u010d\u00edkom\"\/><\/a><\/figure>\n\n\n\n<ul class=\"wp-block-list\"><li>&nbsp;29.07.21<\/li><li>&nbsp;&nbsp;O\u013ega Zlochov\u00e1, CZ ECAV Senica<\/li><li>&nbsp;<a href=\"https:\/\/www.ecav.sk\/aktuality\/spravodajstvo\">&nbsp;Spravodajstvo<\/a><\/li><\/ul>\n\n\n\n<p>Nede\u013ea 25. j\u00fala bola v Senici sl\u00e1vnostnej\u0161ia, ako inokedy. Tunaj\u0161\u00ed Evanjelick\u00fd a. v. cirkevn\u00fd zbor sa l\u00fa\u010dil so svoj\u00edm dlhoro\u010dn\u00fdm zborov\u00fdm far\u00e1rom Jurajom \u0160ef\u010d\u00edkom, ktor\u00fd tu p\u00f4sobil takmer \u0161tvr\u0165storo\u010die. Rod\u00e1k zo Selen\u010de pri\u0161iel so svojou rodinkou z dolnej zeme do Senice 26. okt\u00f3bra 1997. Ve\u013emi r\u00fdchle si z\u00edskal srdcia i d\u00f4veru Seni\u010danov. &nbsp;V minulom roku osl\u00e1vil svoju sedemdesiatku a rozhodol sa zo senick\u00e9ho cirkevn\u00e9ho zboru od\u00eds\u0165. Preto 8. nede\u013ea po Sv\u00e4tej Trojici bola d\u0148om rozl\u00fa\u010dky.<\/p>\n\n\n\n<p>&nbsp; Na \u00favod Bohoslu\u017eieb dozorca cirkevn\u00e9ho zboru J\u00e1n Pukan\u010d\u00edk priv\u00edtal pr\u00edtomn\u00fdch host\u00ed, v prvom rade brata biskupa Z\u00e1padn\u00e9ho di\u0161tirktu &nbsp;J\u00e1na Hrobo\u0148a s man\u017eelkou, dekana r\u00edmsko-katol\u00edckej farnosti Karola Martinca, z\u00e1stupcu prim\u00e1tora mesta Filipa Lackovi\u010da, starostu a zborov\u00e9ho dozorcu z Hlbok\u00e9ho Milo\u0161a \u010cobrdu a v\u0161etk\u00fdch ostatn\u00fdch, ktor\u00ed sa s bratom \u0160ef\u010d\u00edkom pri\u0161li rozl\u00fa\u010di\u0165. Vz\u00e1cnym hos\u0165om podali kyti\u010dky kvetov diev\u010dat\u00e1 z detskej besiedky Zuzka a Ani\u010dka. Obidve sestry si na t\u00fato pr\u00edle\u017eitos\u0165 obliekli svoje kr\u00e1sne sviato\u010dn\u00e9 kroje. P\u00fatavou k\u00e1z\u0148ou slova Bo\u017eieho posl\u00fa\u017eil brat biskup J\u00e1n Hrobo\u0148. K\u00e1zal na text 2 Moj. 14, 10-16.<\/p>\n\n\n\n<p>&nbsp; &nbsp; &nbsp; &nbsp;V pok\u00e1z\u0148ovej \u010dasti vyst\u00fapil dom\u00e1ci zborov\u00fd spevokol so svoj\u00edm pr\u00edhovorom a tromi ve\u013emi pekn\u00fdmi pies\u0148ami. Poslednou z nich bola zhudobnen\u00e1 &nbsp;zn\u00e1ma b\u00e1se\u0148 Ivana Krasku Otcova ro\u013ea. Medzi spev\u00e1kmi boli &#8211; ako to b\u00fdvalo zvykom &#8211; tie\u017e &nbsp;man\u017eelia \u0160ef\u010d\u00edkovci.&nbsp;<\/p>\n\n\n\n<p>&nbsp; &nbsp; &nbsp; &nbsp; Po odznen\u00ed piesn\u00ed sa k &nbsp;bratovi far\u00e1rovi prihovorili pr\u00edtomn\u00ed hostia. V\u0161etko to boli slov\u00e1 v\u010faky za dobr\u00fa spolupr\u00e1cu a dobr\u00e9 vz\u00e1jomn\u00e9 vz\u0165ahy, preto\u017ee Juraj \u0160ef\u010d\u00edk je \u010dlovek, ktor\u00fd si s ka\u017ed\u00fdm dok\u00e1\u017ee dobre vych\u00e1dza\u0165, v\u017edy vie poradi\u0165 a ke\u010f treba pom\u00f4c\u0165, pomoc neodmietne. V tomto zmysle zneli aj v\u0161etky pr\u00edhovory. Za cirkevn\u00fd zbor sa rozl\u00fa\u010dil zborov\u00fd dozorca, ktor\u00fd si vysoko cenil vz\u00e1jomn\u00fa dlhoro\u010dn\u00fa spolupr\u00e1cu a bratovi far\u00e1rovi za \u0148u naozaj \u00faprimne po\u010fakoval.<\/p>\n\n\n\n<p>&nbsp; &nbsp; &nbsp; &nbsp; Zaznela tie\u017e \u010fakovn\u00e1 b\u00e1se\u0148, ktor\u00e1 bola spomienkou na predch\u00e1dzaj\u00face roky, pripom\u00ednala spolo\u010dn\u00e9 chv\u00edle a vyjadrovala \u00faprimn\u00fa v\u010faku za za v\u0161etko, \u010do brat far\u00e1r pre n\u00e1\u0161 zbor vykonal. B\u00e1se\u0148 kon\u010dila prian\u00edm Bo\u017eej l\u00e1sky do jeho \u010fal\u0161\u00edch rokov. &nbsp;&nbsp;<\/p>\n\n\n\n<p>&nbsp; &nbsp; &nbsp; &nbsp; Na z\u00e1ver si brat far\u00e1r Juraj \u0160ef\u010d\u00edk zaspom\u00ednal na roky pre\u017eit\u00e9 v Senici. Pripomenul, \u010do v\u0161etko sa v zbore s Bo\u017eou pomocou a pri dobrej v\u00f4li a snahe veriacich urobilo. Boli to nielen manu\u00e1lne pr\u00e1ce na kostole \u010di na fare, ale v neposlednom rade aj prehlbovanie duchovn\u00e9ho povedomia medzi na\u0161imi cirkevn\u00edkmi. Po\u010fakoval tie\u017e najbli\u017e\u0161\u00edm spolupracovn\u00edkom v zbore, ale aj v\u0161etk\u00fdm cirkevn\u00edkom. V neposlednom rade vyslovil v\u010faku svojej rodine, predov\u0161etk\u00fdm man\u017eelke, ktor\u00e1 ho v\u017edy podporovala. Po\u010fakoval za jej zhovievavos\u0165, ke\u010f mnohokr\u00e1t musel uprednostni\u0165 svoje povinnosti, a to i vtedy, ke\u010f ho potrebovala.<\/p>\n\n\n\n<p>&nbsp; &nbsp; &nbsp; &nbsp; Juraj \u0160ef\u010d\u00edk v\u0161ak \u00faplne neodch\u00e1dza, preto\u017ee do doby, ne\u017e pr\u00edde do Senice nov\u00fd zborov\u00fd far\u00e1r, bude cirkevn\u00fd zbor administrova\u0165. Ani potom nebude \u010faleko, preto\u017ee odch\u00e1dza ako n\u00e1mestn\u00fd far\u00e1r do susedn\u00e9ho cirkevn\u00e9ho zboru v Hlbokom, &nbsp;kde bol posledn\u00fdch 6 rokov administr\u00e1torom.. Bude teda sl\u00fa\u017ei\u0165 na v\u00fdznamnej evanjelickej fare, na ktorej p\u00f4sobil 45 rokov k\u0148az, spisovate\u013e, redaktor, v\u00fdznamn\u00fd n\u00e1rodovec Jozef Miloslav Hurban.<\/p>\n\n\n\n<p>&nbsp; &nbsp; &nbsp; Po skon\u010den\u00ed Bohoslu\u017eieb sa pr\u00edtomn\u00ed hostia, \u010dlenovia presbyterstva a spevokolu stretli pri prestretom bielom stole na spolo\u010dnom obede a zotrvali spolu v dlh\u00fdch rozhovoroch. &nbsp; &nbsp; &nbsp; &nbsp; &nbsp; &nbsp; &nbsp; &nbsp; &nbsp; &nbsp; &nbsp; &nbsp; &nbsp; &nbsp; &nbsp; &nbsp; &nbsp; &nbsp; &nbsp; &nbsp; &nbsp; &nbsp; &nbsp; &nbsp; &nbsp; &nbsp; &nbsp; &nbsp; &nbsp; &nbsp; &nbsp; &nbsp; &nbsp; &nbsp; &nbsp; &nbsp; &nbsp; &nbsp; &nbsp; &nbsp; &nbsp; &nbsp; &nbsp; &nbsp; &nbsp; &nbsp;<\/p>\n\n\n\n<h4 class=\"wp-block-heading\">Gal\u00e9ria k \u010dl\u00e1nku<\/h4>\n\n\n\n<p><small>&nbsp;O\u013ega Zlochov\u00e1<\/small><\/p>\n\n\n\n<figure class=\"wp-block-image is-style-default\"><img decoding=\"async\" src=\"https:\/\/www.ecav.sk\/rails\/active_storage\/representations\/eyJfcmFpbHMiOnsibWVzc2FnZSI6IkJBaHBBaDZ1IiwiZXhwIjpudWxsLCJwdXIiOiJibG9iX2lkIn19--59292545f7b6a34a5a6f5a8a01dd6a69d21cfc2e\/eyJfcmFpbHMiOnsibWVzc2FnZSI6IkJBaDdCam9VWTI5dFltbHVaVjl2Y0hScGIyNXpld2c2RG5Sb2RXMWlibUZwYkVraURUTXdNSGd6TURCZUJqb0dSVlE2REdkeVlYWnBkSGxKSWd0alpXNTBaWElHT3dkVU9ndGxlSFJsYm5SSklnd3pNREI0TXpBd0Jqc0hWQT09IiwiZXhwIjpudWxsLCJwdXIiOiJ2YXJpYXRpb24ifX0=--42167e43ff4ac9d12b406d4de2e1b947f89cdc47\/P1020949.JPG\" alt=\"Rozl\u00fa\u010dka v Senici s br. far\u00e1rom Jurajom \u0160ef\u010d\u00edkom\"\/><\/figure>\n\n\n\n<figure class=\"wp-block-image is-style-default\"><img decoding=\"async\" src=\"https:\/\/www.ecav.sk\/rails\/active_storage\/representations\/eyJfcmFpbHMiOnsibWVzc2FnZSI6IkJBaHBBaCt1IiwiZXhwIjpudWxsLCJwdXIiOiJibG9iX2lkIn19--bc8d0d9ad076cfe85dd192fe67431dcba297cd4d\/eyJfcmFpbHMiOnsibWVzc2FnZSI6IkJBaDdCam9VWTI5dFltbHVaVjl2Y0hScGIyNXpld2c2RG5Sb2RXMWlibUZwYkVraURUTXdNSGd6TURCZUJqb0dSVlE2REdkeVlYWnBkSGxKSWd0alpXNTBaWElHT3dkVU9ndGxlSFJsYm5SSklnd3pNREI0TXpBd0Jqc0hWQT09IiwiZXhwIjpudWxsLCJwdXIiOiJ2YXJpYXRpb24ifX0=--42167e43ff4ac9d12b406d4de2e1b947f89cdc47\/P1020909.JPG\" alt=\"Rozl\u00fa\u010dka v Senici s br. far\u00e1rom Jurajom \u0160ef\u010d\u00edkom\"\/><\/figure>\n\n\n\n<figure class=\"wp-block-image is-style-default\"><img decoding=\"async\" src=\"https:\/\/www.ecav.sk\/rails\/active_storage\/representations\/eyJfcmFpbHMiOnsibWVzc2FnZSI6IkJBaHBBaUN1IiwiZXhwIjpudWxsLCJwdXIiOiJibG9iX2lkIn19--02ff918a875d8116ebf8e7d90cd9af9a7e5bf643\/eyJfcmFpbHMiOnsibWVzc2FnZSI6IkJBaDdCam9VWTI5dFltbHVaVjl2Y0hScGIyNXpld2c2RG5Sb2RXMWlibUZwYkVraURUTXdNSGd6TURCZUJqb0dSVlE2REdkeVlYWnBkSGxKSWd0alpXNTBaWElHT3dkVU9ndGxlSFJsYm5SSklnd3pNREI0TXpBd0Jqc0hWQT09IiwiZXhwIjpudWxsLCJwdXIiOiJ2YXJpYXRpb24ifX0=--42167e43ff4ac9d12b406d4de2e1b947f89cdc47\/P1020951.JPG\" alt=\"Rozl\u00fa\u010dka v Senici s br. far\u00e1rom Jurajom \u0160ef\u010d\u00edkom\"\/><\/figure>\n\n\n\n<figure class=\"wp-block-image is-style-default\"><img decoding=\"async\" src=\"https:\/\/www.ecav.sk\/rails\/active_storage\/representations\/eyJfcmFpbHMiOnsibWVzc2FnZSI6IkJBaHBBaUd1IiwiZXhwIjpudWxsLCJwdXIiOiJibG9iX2lkIn19--11b2ae62b42533197308b6c39675f0f4dfd5f906\/eyJfcmFpbHMiOnsibWVzc2FnZSI6IkJBaDdCam9VWTI5dFltbHVaVjl2Y0hScGIyNXpld2c2RG5Sb2RXMWlibUZwYkVraURUTXdNSGd6TURCZUJqb0dSVlE2REdkeVlYWnBkSGxKSWd0alpXNTBaWElHT3dkVU9ndGxlSFJsYm5SSklnd3pNREI0TXpBd0Jqc0hWQT09IiwiZXhwIjpudWxsLCJwdXIiOiJ2YXJpYXRpb24ifX0=--42167e43ff4ac9d12b406d4de2e1b947f89cdc47\/senica%201_n.jpg\" alt=\"Rozl\u00fa\u010dka v Senici s br. far\u00e1rom Jurajom \u0160ef\u010d\u00edkom\"\/><\/figure>\n\n\n\n<figure class=\"wp-block-image is-style-default\"><img decoding=\"async\" src=\"https:\/\/www.ecav.sk\/rails\/active_storage\/representations\/eyJfcmFpbHMiOnsibWVzc2FnZSI6IkJBaHBBaUt1IiwiZXhwIjpudWxsLCJwdXIiOiJibG9iX2lkIn19--0e3bfd24fb9c5f6aa295cb5277d5d17b4f6a5126\/eyJfcmFpbHMiOnsibWVzc2FnZSI6IkJBaDdCam9VWTI5dFltbHVaVjl2Y0hScGIyNXpld2c2RG5Sb2RXMWlibUZwYkVraURUTXdNSGd6TURCZUJqb0dSVlE2REdkeVlYWnBkSGxKSWd0alpXNTBaWElHT3dkVU9ndGxlSFJsYm5SSklnd3pNREI0TXpBd0Jqc0hWQT09IiwiZXhwIjpudWxsLCJwdXIiOiJ2YXJpYXRpb24ifX0=--42167e43ff4ac9d12b406d4de2e1b947f89cdc47\/P1020932.JPG\" alt=\"Rozl\u00fa\u010dka v Senici s br. far\u00e1rom Jurajom \u0160ef\u010d\u00edkom\"\/><\/figure>\n\n\n\n<figure class=\"wp-block-image is-style-default\"><img decoding=\"async\" src=\"https:\/\/www.ecav.sk\/rails\/active_storage\/representations\/eyJfcmFpbHMiOnsibWVzc2FnZSI6IkJBaHBBaU91IiwiZXhwIjpudWxsLCJwdXIiOiJibG9iX2lkIn19--cea1eedbefd5eb8a24723ef73edd02e09c05f05a\/eyJfcmFpbHMiOnsibWVzc2FnZSI6IkJBaDdCam9VWTI5dFltbHVaVjl2Y0hScGIyNXpld2c2RG5Sb2RXMWlibUZwYkVraURUTXdNSGd6TURCZUJqb0dSVlE2REdkeVlYWnBkSGxKSWd0alpXNTBaWElHT3dkVU9ndGxlSFJsYm5SSklnd3pNREI0TXpBd0Jqc0hWQT09IiwiZXhwIjpudWxsLCJwdXIiOiJ2YXJpYXRpb24ifX0=--42167e43ff4ac9d12b406d4de2e1b947f89cdc47\/P1020927.JPG\" alt=\"Rozl\u00fa\u010dka v Senici s br. far\u00e1rom Jurajom \u0160ef\u010d\u00edkom\"\/><\/figure>\n\n\n\n<p><a href=\"https:\/\/www.ecav.sk\/rails\/active_storage\/blobs\/eyJfcmFpbHMiOnsibWVzc2FnZSI6IkJBaHBBaDZ1IiwiZXhwIjpudWxsLCJwdXIiOiJibG9iX2lkIn19--59292545f7b6a34a5a6f5a8a01dd6a69d21cfc2e\/P1020949.JPG\"><\/a><a href=\"https:\/\/www.ecav.sk\/rails\/active_storage\/blobs\/eyJfcmFpbHMiOnsibWVzc2FnZSI6IkJBaHBBaCt1IiwiZXhwIjpudWxsLCJwdXIiOiJibG9iX2lkIn19--bc8d0d9ad076cfe85dd192fe67431dcba297cd4d\/P1020909.JPG\"><\/a><a href=\"https:\/\/www.ecav.sk\/rails\/active_storage\/blobs\/eyJfcmFpbHMiOnsibWVzc2FnZSI6IkJBaHBBaUN1IiwiZXhwIjpudWxsLCJwdXIiOiJibG9iX2lkIn19--02ff918a875d8116ebf8e7d90cd9af9a7e5bf643\/P1020951.JPG\"><\/a><a href=\"https:\/\/www.ecav.sk\/rails\/active_storage\/blobs\/eyJfcmFpbHMiOnsibWVzc2FnZSI6IkJBaHBBaUd1IiwiZXhwIjpudWxsLCJwdXIiOiJibG9iX2lkIn19--11b2ae62b42533197308b6c39675f0f4dfd5f906\/senica%201_n.jpg\"><\/a><a href=\"https:\/\/www.ecav.sk\/rails\/active_storage\/blobs\/eyJfcmFpbHMiOnsibWVzc2FnZSI6IkJBaHBBaUt1IiwiZXhwIjpudWxsLCJwdXIiOiJibG9iX2lkIn19--0e3bfd24fb9c5f6aa295cb5277d5d17b4f6a5126\/P1020932.JPG\"><\/a><a href=\"https:\/\/www.ecav.sk\/rails\/active_storage\/blobs\/eyJfcmFpbHMiOnsibWVzc2FnZSI6IkJBaHBBaU91IiwiZXhwIjpudWxsLCJwdXIiOiJibG9iX2lkIn19--cea1eedbefd5eb8a24723ef73edd02e09c05f05a\/P1020927.JPG\"><\/a><\/p>\n\n\n\n<ul class=\"wp-block-list\"><li><a href=\"https:\/\/www.ecav.sk\/aktuality\/spravodajstvo\/rozlucka-v-senici-s-br-fararom-jurajom-sefcikom#tab-recent-posts\">Najnov\u0161ie<\/a><\/li><\/ul>\n\n\n\n<figure class=\"wp-block-image is-style-default\"><a href=\"https:\/\/www.ecav.sk\/aktuality\/spravodajstvo\/domaca-poboznost-na-9-nedelu-po-svatej-trojici-1-august-2021\"><img decoding=\"async\" src=\"https:\/\/www.ecav.sk\/rails\/active_storage\/representations\/eyJfcmFpbHMiOnsibWVzc2FnZSI6IkJBaHBBcHVxIiwiZXhwIjpudWxsLCJwdXIiOiJibG9iX2lkIn19--81dfb83aaaba735a144e4ec3f17765917cb6f863\/eyJfcmFpbHMiOnsibWVzc2FnZSI6IkJBaDdCam9VWTI5dFltbHVaVjl2Y0hScGIyNXpld2c2RG5Sb2RXMWlibUZwYkVraURURXdNSGd4TURCZUJqb0dSVlE2REdkeVlYWnBkSGxKSWd0alpXNTBaWElHT3dkVU9ndGxlSFJsYm5SSklnd3hNREI0TVRBd0Jqc0hWQT09IiwiZXhwIjpudWxsLCJwdXIiOiJ2YXJpYXRpb24ifX0=--93e6f0738b8faac2b3f05655710a24f2b8872908\/domace_poboznostii.jpg\" alt=\"\"\/><\/a><\/figure>\n\n\n\n<h4 class=\"wp-block-heading\"><a href=\"https:\/\/www.ecav.sk\/aktuality\/spravodajstvo\/domaca-poboznost-na-9-nedelu-po-svatej-trojici-1-august-2021\">Dom\u00e1ca pobo\u017enos\u0165 na 9. nede\u013eu po Sv\u00e4tej Trojici (1. august 2021)<\/a><\/h4>\n\n\n\n<ul class=\"wp-block-list\"><li><\/li><\/ul>\n\n\n\n<figure class=\"wp-block-image is-style-default\"><a href=\"https:\/\/www.ecav.sk\/aktuality\/spravodajstvo\/letny-newsletter\"><img decoding=\"async\" src=\"https:\/\/www.ecav.sk\/rails\/active_storage\/representations\/eyJfcmFpbHMiOnsibWVzc2FnZSI6IkJBaHBBaWl1IiwiZXhwIjpudWxsLCJwdXIiOiJibG9iX2lkIn19--31febabdc992d190f09a31651401752c19016c00\/eyJfcmFpbHMiOnsibWVzc2FnZSI6IkJBaDdCam9VWTI5dFltbHVaVjl2Y0hScGIyNXpld2c2RG5Sb2RXMWlibUZwYkVraURURXdNSGd4TURCZUJqb0dSVlE2REdkeVlYWnBkSGxKSWd0alpXNTBaWElHT3dkVU9ndGxlSFJsYm5SSklnd3hNREI0TVRBd0Jqc0hWQT09IiwiZXhwIjpudWxsLCJwdXIiOiJ2YXJpYXRpb24ifX0=--93e6f0738b8faac2b3f05655710a24f2b8872908\/Screenshot_28.jpg\" alt=\"\"\/><\/a><\/figure>\n\n\n\n<h4 class=\"wp-block-heading\"><a href=\"https:\/\/www.ecav.sk\/aktuality\/spravodajstvo\/letny-newsletter\">Letn\u00fd newsletter<\/a><\/h4>\n\n\n\n<ul class=\"wp-block-list\"><li><\/li><\/ul>\n\n\n\n<ul class=\"wp-block-list\"><li><\/li><\/ul>\n\n\n\n<figure class=\"wp-block-image is-style-default\"><a href=\"https:\/\/www.ecav.sk\/aktuality\/spravodajstvo\/rozlucka-v-senici-s-br-fararom-jurajom-sefcikom\"><img decoding=\"async\" src=\"https:\/\/www.ecav.sk\/rails\/active_storage\/representations\/eyJfcmFpbHMiOnsibWVzc2FnZSI6IkJBaHBBaDJ1IiwiZXhwIjpudWxsLCJwdXIiOiJibG9iX2lkIn19--4f3aa0e8fd3ddb84b8228265b547fe440482fe7e\/eyJfcmFpbHMiOnsibWVzc2FnZSI6IkJBaDdCam9VWTI5dFltbHVaVjl2Y0hScGIyNXpld2c2RG5Sb2RXMWlibUZwYkVraURURXdNSGd4TURCZUJqb0dSVlE2REdkeVlYWnBkSGxKSWd0alpXNTBaWElHT3dkVU9ndGxlSFJsYm5SSklnd3hNREI0TVRBd0Jqc0hWQT09IiwiZXhwIjpudWxsLCJwdXIiOiJ2YXJpYXRpb24ifX0=--93e6f0738b8faac2b3f05655710a24f2b8872908\/se4_n.jpg\" alt=\"\"\/><\/a><\/figure>\n\n\n\n<h4 class=\"wp-block-heading\"><a href=\"https:\/\/www.ecav.sk\/aktuality\/spravodajstvo\/rozlucka-v-senici-s-br-fararom-jurajom-sefcikom\">Rozl\u00fa\u010dka v Senici s br. far\u00e1rom Jurajom \u0160ef\u010d\u00edkom<\/a><\/h4>\n\n\n\n<ul class=\"wp-block-list\"><li><\/li><\/ul>\n\n\n\n<h4 class=\"wp-block-heading\"><a href=\"https:\/\/www.ecav.sk\/aktuality\/pozvanky\/pozvanka-na-distriktualny-den-vd-do-popradu\">POZV\u00c1NKA NA DI\u0160TRIKTU\u00c1LNY D\u0147 VD DO POPRADU<\/a><\/h4>\n\n\n\n<p><\/p>\n","protected":false},"excerpt":{"rendered":"<p>Rozl\u00fa\u010dka v Senici s br. far\u00e1rom Jurajom \u0160ef\u010d\u00edkom &nbsp;29.07.21 &nbsp;&nbsp;O\u013ega Zlochov\u00e1, CZ ECAV Senica &nbsp;&nbsp;Spravodajstvo Nede\u013ea 25. j\u00fala bola v Senici sl\u00e1vnostnej\u0161ia, ako inokedy. Tunaj\u0161\u00ed Evanjelick\u00fd a. v. cirkevn\u00fd zbor sa l\u00fa\u010dil so svoj\u00edm dlhoro\u010dn\u00fdm zborov\u00fdm far\u00e1rom Jurajom \u0160ef\u010d\u00edkom, ktor\u00fd tu p\u00f4sobil takmer \u0161tvr\u0165storo\u010die. Rod\u00e1k zo Selen\u010de pri\u0161iel so svojou rodinkou z dolnej zeme do &#8230; <a title=\"Rozl\u00fa\u010dka s br.far\u00e1rom J.\u0160ef\u010d\u00edkom v Senici\" class=\"read-more\" href=\"https:\/\/www.e-anjelik.sk\/index.php\/2021\/07\/31\/rozlucka-s-br-fararom-j-sefcikom-v-senici\/\" aria-label=\"Pre\u010d\u00edtajte si viac o Rozl\u00fa\u010dka s br.far\u00e1rom J.\u0160ef\u010d\u00edkom v Senici\">\u010c\u00edta\u0165 viac<\/a><\/p>\n","protected":false},"author":4,"featured_media":0,"comment_status":"open","ping_status":"open","sticky":false,"template":"","format":"standard","meta":{"footnotes":""},"categories":[193,6,158,37],"tags":[],"class_list":["post-34805","post","type-post","status-publish","format-standard","hentry","category-co-pisu-ini","category-myjavsky-seniorat","category-senica","category-zivot-v-cirkvi"],"_links":{"self":[{"href":"https:\/\/www.e-anjelik.sk\/index.php\/wp-json\/wp\/v2\/posts\/34805","targetHints":{"allow":["GET"]}}],"collection":[{"href":"https:\/\/www.e-anjelik.sk\/index.php\/wp-json\/wp\/v2\/posts"}],"about":[{"href":"https:\/\/www.e-anjelik.sk\/index.php\/wp-json\/wp\/v2\/types\/post"}],"author":[{"embeddable":true,"href":"https:\/\/www.e-anjelik.sk\/index.php\/wp-json\/wp\/v2\/users\/4"}],"replies":[{"embeddable":true,"href":"https:\/\/www.e-anjelik.sk\/index.php\/wp-json\/wp\/v2\/comments?post=34805"}],"version-history":[{"count":1,"href":"https:\/\/www.e-anjelik.sk\/index.php\/wp-json\/wp\/v2\/posts\/34805\/revisions"}],"predecessor-version":[{"id":34806,"href":"https:\/\/www.e-anjelik.sk\/index.php\/wp-json\/wp\/v2\/posts\/34805\/revisions\/34806"}],"wp:attachment":[{"href":"https:\/\/www.e-anjelik.sk\/index.php\/wp-json\/wp\/v2\/media?parent=34805"}],"wp:term":[{"taxonomy":"category","embeddable":true,"href":"https:\/\/www.e-anjelik.sk\/index.php\/wp-json\/wp\/v2\/categories?post=34805"},{"taxonomy":"post_tag","embeddable":true,"href":"https:\/\/www.e-anjelik.sk\/index.php\/wp-json\/wp\/v2\/tags?post=34805"}],"curies":[{"name":"wp","href":"https:\/\/api.w.org\/{rel}","templated":true}]}}