{"id":34807,"date":"2021-07-31T23:24:49","date_gmt":"2021-07-31T21:24:49","guid":{"rendered":"http:\/\/e-anjelik.sk\/?p=34807"},"modified":"2021-07-31T23:24:49","modified_gmt":"2021-07-31T21:24:49","slug":"doverujme-nasej-duchovnej-skale","status":"publish","type":"post","link":"https:\/\/www.e-anjelik.sk\/index.php\/2021\/07\/31\/doverujme-nasej-duchovnej-skale\/","title":{"rendered":"D\u00f4verujme na\u0161ej duchovnej Skale"},"content":{"rendered":"\n<p>&nbsp;&nbsp; &nbsp; &nbsp; <strong>D\u00f4verujme na\u0161ej duchovnej Skale<\/strong><\/p>\n\n\n\n<p><em>V&nbsp;jednom Krste, v&nbsp;jednom slove&nbsp;<\/em><\/p>\n\n\n\n<p><em>&nbsp;Zro\u010f v&nbsp;n\u00e1s, Bo\u017ee, sily nov\u00e9 \u2013<\/em><\/p>\n\n\n\n<p><em>S&nbsp;Tebou v&nbsp;pravde ve\u010dnej splyn\u00fa\u0165,<\/em><\/p>\n\n\n\n<p><em>&nbsp;V&nbsp;bludoch \u017eitia nezahyn\u00fa\u0165,<\/em><\/p>\n\n\n\n<p><em>\u00cds\u0165 jak sved\u010d\u00ed; kr\u00e1\u010da\u0165 cestou,<\/em><\/p>\n\n\n\n<p><em>Chova\u0165 du\u0161u Tvojou zves\u0165ou&#8230;<\/em><\/p>\n\n\n\n<p><em>To daj v\u0161etk\u00fdm, Pane drah\u00fd,&nbsp;<\/em><\/p>\n\n\n\n<p><em>&nbsp;Odpus\u0165 viny, posv\u00e4\u0165 snahy! Amen (M.R.)<\/em><\/p>\n\n\n\n<p><strong>1 K&nbsp;10, 1 \u2013 11:<\/strong><\/p>\n\n\n\n<p><em>\u201c Nechcem v\u0161ak, bratia, aby ste nevedeli, \u017ee na\u0161i otcovia v\u0161etci boli pod oblakom, v\u0161etci pre\u0161li morom, (2) v\u0161etci boli pokrsten\u00ed v Moj\u017ei\u0161a v olaku a mori, (3) v\u0161etci jedli ten ist\u00fd duchovn\u00fd pokrm (4) a v\u0161etci pili ten ist\u00fd duchovn\u00fd n\u00e1poj, pili toti\u017e z duchovnej skaly, ktor\u00e1 \u0161la za nimi, a tou skalou bol Kristus; (5) ale vo v\u00e4\u010d\u0161inez nich nemal Boh za\u013e\u00fabenia, lebo zahynuli na p\u00fa\u0161ti. (6) A toto sa stalo v\u00fdstra\u017en\u00fdm pr\u00edkladom pre n\u00e1s, aby sme neboli \u017eiadostiv\u00ed zl\u00e9ho,ako aj oni boli; (7) ani nebu\u010fte modloslu\u017eobn\u00edkmi, ako niektor\u00ed z nich, ako je nap\u00edsan\u00e9: Posadil sa \u013eud, aby jedol a pil, a vstali, aby sa zab\u00e1vali; (8) ani nesmilnime, ako niektor\u00ed z nich smilnili, a a padlo ich za de\u0148 dvadsa\u0165tritis\u00edc; (9) ani nepok\u00fa\u0161ajme P\u00e1na, ako (Ho) niektor\u00ed z nich pok\u00fa\u0161ali, a zahynuli od hadov; (10) ani nereptajte, ako niektor\u00ed z nich reptali, a zahynuli od zhubcu. (11) Toto sa im prihodilo ako pr\u00edklad a n\u00e1m, ktor\u00fdch zastihol koniec sveta, je to nap\u00edsan\u00e9 na v\u00fdstrahu.\u201d Amen<\/em><\/p>\n\n\n\n<p>&nbsp;&nbsp; Bratia a&nbsp;sestry v&nbsp;Kristu, P\u00e1novi!<\/p>\n\n\n\n<p>&nbsp;&nbsp; O&nbsp;starom gr\u00e9ckom filozofovi Diogenovi sa zachovalo rozpr\u00e1vanie o&nbsp;tom, ako chodil za bieleho d\u0148a s&nbsp;rozsvieten\u00fdm lamp\u00e1\u0161om (lucernou) po trhovisku, tak\u017ee mnoh\u00ed zapochybovali o&nbsp;jeho zdravom rozume. Na ot\u00e1zku: pre\u010do to rob\u00ed, odpovedal<strong>: H\u013ead\u00e1m \u010dloveka!<\/strong><\/p>\n\n\n\n<p>&nbsp; Ke\u010f sa nad jeho odpove\u010fou zamysl\u00edme, \u013eahko pr\u00eddeme na to, \u010do t\u00fdm myslel. N\u00e1js\u0165<strong> \u010dloveka<\/strong> medzi \u013eu\u010fmi je niekedy naozaj ve\u013emi \u0165a\u017ek\u00e9 a&nbsp;zlo\u017eit\u00e9. Ak plat\u00ed star\u00e9 pohansk\u00e9 pr\u00edslovie: \u010dlovek \u010dloveku vlkom, ak ch\u00fdba \u013eu\u010fom empatia, trpezlivos\u0165, tolerantnos\u0165, l\u00e1skavos\u0165 &#8211; je \u0165a\u017ek\u00e9 hovori\u0165 o skuto\u010dnej \u013eudskosti. Pritom ka\u017ed\u00fd z&nbsp;n\u00e1s l\u00e1skav\u00e9ho \u010dloveka potrebuje, aby bol bl\u00edzko n\u00e1s, ke\u010f potrebujeme nejak\u00fa pomoc. Potrebuje ho die\u0165a, potrebuje ho mlad\u00fd \u010dlovek, a&nbsp;tie\u017e&nbsp; starn\u00faci, alebo chor\u00fd, ale aj tak\u00fd, ktor\u00fd je v&nbsp;rozkvete s\u00edl. Diogenes svojsk\u00fdm sp\u00f4sobom upozor\u0148oval svojich s\u00fa\u010dasn\u00edkov na nedostatok pravej \u013eudskosti a&nbsp;s&nbsp;lamp\u00e1\u0161om v&nbsp;ruke h\u013eadal l\u00e1skav\u00e9ho \u010dloveka.<\/p>\n\n\n\n<p>&nbsp;&nbsp; &nbsp; Z&nbsp;evanjeli\u00ed pozn\u00e1me podobn\u00fd v\u00fdrok, ktor\u00fd zaznel z&nbsp;\u00fast chrom\u00e9ho \u010dloveka, ktor\u00fd cel\u00e9 roky \u010dakal pri rybn\u00edku Betezda na moment, k\u00fdm sa voda zv\u00edri, ke\u010f&nbsp;ten, kto prv\u00fd vo\u0161iel do vody bol uzdraven\u00fd. Chrom\u00fd so sm\u00fatkom oznamoval Je\u017ei\u0161ovi: \u201cPane nem\u00e1m nikoho\u010do by ma zaniesol do jazera, ke\u010f sa voda zv\u00edri, a dokia\u013e s\u00e1m pr\u00eddem ta, vst\u00fapi in\u00fd predo mnou\u201d ( J 5,7)&nbsp; Nema\u0165 \u010dloveka uprostred \u013eud\u00ed je bo\u013eav\u00e1 sk\u00fasenos\u0165. V&nbsp;tomto zmysle sa spr\u00e1vanie \u013eud\u00ed v\u00f4bec nezmenilo, hoci \u013eud\u00ed na zemi prib\u00fada. Ma\u0165, alebo n\u00e1js\u0165 \u010dloveka je v\u017edy vz\u00e1cna, mo\u017eno poveda\u0165 \u017ee a\u017e zriedkav\u00e1 sk\u00fasenos\u0165.<\/p>\n\n\n\n<p>&nbsp;&nbsp; Mil\u00ed bratia a&nbsp;sestry!<\/p>\n\n\n\n<p>&nbsp;&nbsp; Pre n\u00e1s kres\u0165anov je v\u0161ak t\u00e1to sk\u00fasenos\u0165 s\u00fa\u010dasne aj v\u00fdzvou a&nbsp;\u00falohou. My m\u00e1me nielen h\u013eada\u0165 \u010dloveka s&nbsp;l\u00e1skav\u00fdm srdcom, ale my sami m\u00e1me tak\u00fdmi by\u0165 pre in\u00fdch, pre na\u0161ich bl\u00ed\u017enych, po\u010dn\u00fac od najbli\u017e\u0161\u00edch.<\/p>\n\n\n\n<p>&nbsp;&nbsp; Toto je v\u00e1\u017eny probl\u00e9m pre mnoh\u00fdch \u013eud\u00ed, vyznava\u010dov r\u00f4znych n\u00e1bo\u017eensk\u00fdch, alebo filozofick\u00fdch smerov. Vyjadren\u00e9 slovami P\u00edsma: <strong>prirodzen\u00fd \u010dlovek<\/strong> nem\u00e1 dos\u0165 sily na to, aby prekonal svoju vroden\u00fa hrie\u0161nos\u0165. Pre prirodzen\u00e9ho \u010dloveka je \u201enorm\u00e1lne\u201c, \u017ee mysl\u00ed najm\u00e4 na seba, a\u017e potom na in\u00fdch, pr\u00edpadne na svojich bl\u00ed\u017enych nemysl\u00ed a&nbsp;nepam\u00e4t\u00e1 v\u00f4bec.<\/p>\n\n\n\n<p><strong>&nbsp;&nbsp; <em>Pr\u00edklad<\/em><\/strong><em> m\u00e1me aj v&nbsp;na\u0161ej s\u00fa\u010dasnosti ve\u013emi zjavn\u00fd: \u013dudia odmietaj\u00fa da\u0165 sa zao\u010dkova\u0165 proti koronav\u00edrusu v&nbsp;presved\u010den\u00ed, \u017ee oni to nepotrebuj\u00fa &#8211; a&nbsp;na in\u00fdch nemyslia, \u010di u\u017e s\u00fa to deti, star\u0161\u00ed \u013eudia, alebo tak\u00ed, ktor\u00ed maj\u00fa zn\u00ed\u017een\u00fa imunitu. Hovoria o&nbsp;svojej slobode a&nbsp;svojich pr\u00e1vach &#8211; ale nie o&nbsp;povinnostiach, zodpovednosti a&nbsp;empatii vo\u010di bl\u00ed\u017enym. &nbsp;<\/em><\/p>\n\n\n\n<p>&nbsp;&nbsp; \u00c1no, toto je \u201enorm\u00e1lne\u201c chovanie prirodzen\u00e9ho, hriechom pozna\u010den\u00e9ho \u010dloveka, ktor\u00fd s\u00e1m zo svojho rozumu a&nbsp;svojich s\u00edl nen\u00e1jde cestu a&nbsp;silu k&nbsp;zmene svojho myslenia a&nbsp;konania. Preto sa tomu ani nediv\u00edme. Ani s&nbsp;nami by to nebo inak, ak by sme t\u00fa cestu a&nbsp;silu nemali vo viere v&nbsp;P\u00e1na Boha a&nbsp;vo viere vo&nbsp;Vykupite\u013ea Je\u017ei\u0161a Krista.&nbsp;<\/p>\n\n\n\n<p>&nbsp;&nbsp; Takto, zachra\u0148uj\u00faco, s&nbsp;obetuj\u00facou sa l\u00e1skou konal a&nbsp;kon\u00e1 n\u00e1\u0161 nebesk\u00fd Otec a&nbsp;Ten, ktor\u00e9ho poslal k&nbsp;na\u0161ej z\u00e1chrane. P\u00e1n Boh podal pomocn\u00fa ruku v porobe a&nbsp;hynut\u00ed \u013eudu, ktor\u00fd si vyvolil za vlastn\u00edctvo a&nbsp;ktor\u00fd s\u00e1m vyviedol mocnou rukou z&nbsp;Egyptsk\u00e9ho otroctva.<\/p>\n\n\n\n<p>&nbsp;&nbsp; Apo\u0161tol Pavel t\u00fato sk\u00fasenos\u0165 pripom\u00ednal najsk\u00f4r \u017didom a&nbsp;potom aj ostatn\u00fdm n\u00e1rodom. V&nbsp;liste kres\u0165anom do Korintu nap\u00edsal: <em>\u201cNechcem v\u0161ak, bratia, aby ste nevedeli, \u017ee na\u0161i otcovia v\u0161etci boli pod oblakom, v\u0161etci pre\u0161li morom, v\u0161etci boli pokrsten\u00ed v&nbsp;Moj\u017ei\u0161a v&nbsp;oblaku a&nbsp;v&nbsp;mori<\/em>\u201c\u2026.(v.1 -2).<\/p>\n\n\n\n<p>&nbsp;&nbsp; To bol za\u010diatok Bo\u017eieho konania pre \u013eud Izraela, ktor\u00fd sa stal \u013eudom Bo\u017e\u00edm, ktor\u00e9mu pomohol Hospodin z&nbsp;telesn\u00e9ho i&nbsp;duchovn\u00e9ho otroctva. Sami by si neboli pomohli a&nbsp;na t\u00fato skuto\u010dnos\u0165 nemal \u013eud Bo\u017e\u00ed nikdy zabudn\u00fa\u0165. To, \u017ee pre\u0161iel cez \u010cerven\u00e9 more a&nbsp;bol zachr\u00e1nen\u00fd bol znak, \u017ee bol akoby <em>\u201epokrsten\u00fd v&nbsp;Moj\u017ei\u0161a<\/em>\u201c, ktor\u00fd svoj \u013eud na Bo\u017e\u00ed pokyn viedol.<\/p>\n\n\n\n<p>&nbsp; &nbsp; Ale apo\u0161tol pripom\u00edna, \u017ee ani tento krst, zdanlivo Moj\u017ei\u0161ov, &#8211; nebol bez pr\u00edtomnosti aj sam\u00e9ho P\u00e1na Je\u017ei\u0161a Krista. On toti\u017e, ako <strong>\u201educhovn\u00e1 skala\u201c<\/strong> \u0161la za&nbsp;nimi. Aj prechod cez \u010cerven\u00e9 more &#8211; zostup do rie\u010di\u0161\u0165a mora a&nbsp;v\u00fdchod z&nbsp;neho nebol bez Bo\u017eej moci a&nbsp;pomoci a&nbsp;teda ani bez pr\u00edtomnosti Je\u017ei\u0161a, ako Bo\u017eieho Syna, ktor\u00fd je Z\u00e1chranca i&nbsp;Darca nov\u00e9ho \u017eivota. Boh je Bohom v&nbsp;Trojici nerozdielny a z\u00e1chrana Izraelcov nebola bez Je\u017ei\u0161ovej \u00fa\u010dasti a&nbsp;pr\u00edtomnosti a bez pr\u00edtomnosti celej Trojice Sv\u00e4tej.<\/p>\n\n\n\n<p>&nbsp;&nbsp; <strong>T\u00fdm viac je v\u0161ak P\u00e1n Je\u017ei\u0161 s&nbsp;nami v&nbsp;Jeho sv\u00e4tom Krste<\/strong>, ktor\u00fd sme prijali my, ako kres\u0165ania, aby n\u00e1m pripom\u00ednal Jeho vykupite\u013esk\u00fa smr\u0165 a&nbsp;milos\u0165 a na\u0161e detinstvo Bo\u017eie. Nie v\u0161etci Izraelci v Bo\u017eiu milos\u0165 a&nbsp;l\u00e1sku uverili &#8211; a&nbsp;pre neveru napokon zahynuli na p\u00fa\u0161ti. <strong>Jedno i&nbsp;druh\u00e9 \u2013 hovor\u00ed apo\u0161tol Pavel je pr\u00edkladom pre n\u00e1s: <\/strong>N\u00e1\u0161 Krst, ktor\u00fd sme prijali je cestou k&nbsp;sp\u00e1se a&nbsp;ve\u010dn\u00e9mu \u017eivotu, ak duchovnej Skale, Je\u017ei\u0161ovmu slovu, zas\u013e\u00fabeniu a&nbsp;\u010dinu ver\u00edme.&nbsp;<\/p>\n\n\n\n<p>Ak Mu never\u00edme a&nbsp;spoliehame sa mo\u017eno na seba, prav\u00fd cie\u013e, \u017eivot ve\u010dn\u00fd nedosiahneme. Ak v\u0161ak never\u00edme, na ceste \u017eivota padneme, zahynieme a&nbsp;ned\u00f4jdeme k&nbsp;cie\u013eu. M\u00e1me sa ako kres\u0165ania u\u010di\u0165 na pr\u00edklade prejavenej nevery in\u00fdch a&nbsp;nem\u00e1me neopakova\u0165 omyl in\u00fdch.&nbsp;<\/p>\n\n\n\n<p>&nbsp; Krst sv\u00e4t\u00fd je za\u010diatok na\u0161ej cesty s&nbsp;P\u00e1nom Bohom a&nbsp;Je\u017ei\u0161om, ktor\u00fd n\u00e1m zas\u013e\u00fabil trval\u00e9ho sprievodcu: Ducha Sv\u00e4t\u00e9ho. Preto to druh\u00e9, \u010do m\u00e1me vierou prija\u0165, je P\u00e1nov s\u013eub, \u017ee n\u00e1s v\u017edy bude s\u00fdti\u0165 aj prav\u00fdm duchovn\u00fdm chlebom a&nbsp;d\u00e1 n\u00e1m pi\u0165 \u201evodu zo skaly\u201c.&nbsp;<\/p>\n\n\n\n<p><strong>&nbsp; &nbsp; Predobraz<\/strong> toho s\u00fdtenia na na\u0161ej \u017eivotnej ceste m\u00f4\u017eeme n\u00e1js\u0165 a&nbsp;vidie\u0165 na <strong>ceste \u013eudu SZ<\/strong>. Krstom sa jeho cesta za\u010dala, ale potrebovali v\u017edy nov\u00fa potravu: chlieb,&nbsp;m\u00e4so i&nbsp;vodu. To v\u0161etko im Hospodin a&nbsp;duchovn\u00e1 Skala, ktor\u00e1 bola s&nbsp;nimi poskytla v&nbsp;podobe manny, prepel\u00edc a&nbsp;potom aj vodu zo skaly, prijat\u00fa skrze Moj\u017ei\u0161a.<\/p>\n\n\n\n<p>&nbsp;&nbsp; Aj n\u00e1m, pokrsten\u00fdm p\u00fatnikom do zas\u013e\u00fabenej zeme d\u00e1va P\u00e1n Je\u017ei\u0161 pokrm na cestu: prestiera svoj st\u00f4l, d\u00e1va n\u00e1m seba, svoje telo a&nbsp;krv ako prav\u00fd pokrm a&nbsp;n\u00e1poj. O vie, \u017ee ho potrebujeme, aby sme z\u00edskali silu k&nbsp;ceste a&nbsp;Jeho nasledovaniu.<\/p>\n\n\n\n<p>&nbsp; Apo\u0161tol spom\u00edna korintsk\u00fdm mnoh\u00e9 hriechy, ktor\u00fdch sa maj\u00fa varova\u0165, najm\u00e4 v\u0161ak modloslu\u017eobn\u00edctva. Ide o&nbsp;falo\u0161n\u00e9 n\u00e1deje, vieru vo falo\u0161n\u00fdch bohov, \u010di u\u017e je to viera v&nbsp;nejak\u00fa vec, alebo v&nbsp;nejak\u00e9ho \u010dloveka, pr\u00edpadne aj vieru v&nbsp;seba sam\u00e9ho, ako sme to u\u017e spomenuli.<\/p>\n\n\n\n<p>&nbsp;&nbsp; Sebal\u00e1ska- je v&nbsp;podstate \u201educhovn\u00fdm smilstvom\u201c,&nbsp; duchovnou p\u00fdchou, ktor\u00e1 d\u00fdcha peklom. Je to modloslu\u017eba, ktorej sa \u010dlovek odd\u00e1va namiesto toho, aby prijal moc a&nbsp;pomoc od P\u00e1na Boham a tak aj Jeho milos\u0165, Jeho odpustenie a&nbsp;Jeho zas\u013e\u00fabenie, \u017ee n\u00e1s bezpe\u010dne prevedie do nebesk\u00e9ho Kann\u00e1nu.&nbsp;<\/p>\n\n\n\n<p>&nbsp;&nbsp; Bratia a&nbsp;sestry!&nbsp;<\/p>\n\n\n\n<p>&nbsp;&nbsp; Svoju milos\u0165 n\u00e1m Otec nebesk\u00fd pon\u00faka aj dnes vo svojom slove a&nbsp;vo sviatosti P\u00e1novej ve\u010dere. Prijmime ju s&nbsp;v\u010fakou, pokorou a&nbsp;plnou d\u00f4verou, <em>\u201eaby sme \u017eivot mali a&nbsp;hojne mali\u201c. <\/em>Aby sme s Jeho pomocou a milos\u0165ou boli \u013eu\u010fmi pre in\u00fdch v \u010dasnosti a raz a dosiahli<em> aj \u017eivot ve\u010dn\u00fd.<\/em> Amen<\/p>\n\n\n\n<p>&nbsp;&nbsp; 9.nede\u013ea po Sv.Trojici&nbsp; &nbsp; Myjava 2021 &nbsp; Mgr.\u013dubom\u00edr Batka st.<\/p>\n","protected":false},"excerpt":{"rendered":"<p>&nbsp;&nbsp; &nbsp; &nbsp; D\u00f4verujme na\u0161ej duchovnej Skale V&nbsp;jednom Krste, v&nbsp;jednom slove&nbsp; &nbsp;Zro\u010f v&nbsp;n\u00e1s, Bo\u017ee, sily nov\u00e9 \u2013 S&nbsp;Tebou v&nbsp;pravde ve\u010dnej splyn\u00fa\u0165, &nbsp;V&nbsp;bludoch \u017eitia nezahyn\u00fa\u0165, \u00cds\u0165 jak sved\u010d\u00ed; kr\u00e1\u010da\u0165 cestou, Chova\u0165 du\u0161u Tvojou zves\u0165ou&#8230; To daj v\u0161etk\u00fdm, Pane drah\u00fd,&nbsp; &nbsp;Odpus\u0165 viny, posv\u00e4\u0165 snahy! Amen (M.R.) 1 K&nbsp;10, 1 \u2013 11: \u201c Nechcem v\u0161ak, bratia, aby ste &#8230; <a title=\"D\u00f4verujme na\u0161ej duchovnej Skale\" class=\"read-more\" href=\"https:\/\/www.e-anjelik.sk\/index.php\/2021\/07\/31\/doverujme-nasej-duchovnej-skale\/\" aria-label=\"Pre\u010d\u00edtajte si viac o D\u00f4verujme na\u0161ej duchovnej Skale\">\u010c\u00edta\u0165 viac<\/a><\/p>\n","protected":false},"author":4,"featured_media":0,"comment_status":"open","ping_status":"open","sticky":false,"template":"","format":"standard","meta":{"footnotes":""},"categories":[567,121,118,95],"tags":[],"class_list":["post-34807","post","type-post","status-publish","format-standard","hentry","category-9-nedela-po-sv-trojici","category-kazne","category-myjava","category-sobotiste"],"_links":{"self":[{"href":"https:\/\/www.e-anjelik.sk\/index.php\/wp-json\/wp\/v2\/posts\/34807","targetHints":{"allow":["GET"]}}],"collection":[{"href":"https:\/\/www.e-anjelik.sk\/index.php\/wp-json\/wp\/v2\/posts"}],"about":[{"href":"https:\/\/www.e-anjelik.sk\/index.php\/wp-json\/wp\/v2\/types\/post"}],"author":[{"embeddable":true,"href":"https:\/\/www.e-anjelik.sk\/index.php\/wp-json\/wp\/v2\/users\/4"}],"replies":[{"embeddable":true,"href":"https:\/\/www.e-anjelik.sk\/index.php\/wp-json\/wp\/v2\/comments?post=34807"}],"version-history":[{"count":1,"href":"https:\/\/www.e-anjelik.sk\/index.php\/wp-json\/wp\/v2\/posts\/34807\/revisions"}],"predecessor-version":[{"id":34808,"href":"https:\/\/www.e-anjelik.sk\/index.php\/wp-json\/wp\/v2\/posts\/34807\/revisions\/34808"}],"wp:attachment":[{"href":"https:\/\/www.e-anjelik.sk\/index.php\/wp-json\/wp\/v2\/media?parent=34807"}],"wp:term":[{"taxonomy":"category","embeddable":true,"href":"https:\/\/www.e-anjelik.sk\/index.php\/wp-json\/wp\/v2\/categories?post=34807"},{"taxonomy":"post_tag","embeddable":true,"href":"https:\/\/www.e-anjelik.sk\/index.php\/wp-json\/wp\/v2\/tags?post=34807"}],"curies":[{"name":"wp","href":"https:\/\/api.w.org\/{rel}","templated":true}]}}