{"id":3481,"date":"2011-04-06T08:18:15","date_gmt":"2011-04-06T08:18:15","guid":{"rendered":"http:\/\/e-anjelik.sk\/?p=3481"},"modified":"2011-04-06T08:18:15","modified_gmt":"2011-04-06T08:18:15","slug":"delegacia-ekd-v-zeneve","status":"publish","type":"post","link":"https:\/\/www.e-anjelik.sk\/index.php\/2011\/04\/06\/delegacia-ekd-v-zeneve\/","title":{"rendered":"Deleg\u00e1cia EKD v \u017deneve"},"content":{"rendered":"<p>Dev&auml;\u0165\u010dlenn&aacute; deleg&aacute;cia Rady Evanjelickej cirkvi Nemecka (EKD) nav&scaron;t&iacute;vi v d\u0148och 6. a\u017e 8.apr&iacute;la 2011 \u017denevu. Cie\u013eom je stretnutie a rokovania s predstavite\u013emi Svetovej rady cirkv&iacute; (SRC), Svetov&eacute;ho luter&aacute;nskeho zv&auml;zu (SLZ), Svetov&eacute;ho spolo\u010denstva reformovan&yacute;ch cirkv&iacute;, Konferencie eur&oacute;psk&yacute;ch cirkv&iacute;&nbsp; (KEC)&nbsp;a ACT &#8211; medzin&aacute;rodnej aliancie cirkv&iacute; a cirkevn&yacute;ch pomocn&yacute;ch diel. T&eacute;mami rozhovorov s&uacute;: 500.&nbsp;v&yacute;ro\u010die jubilea Reform&aacute;cie v r. 2017, dial&oacute;g s novoevanjelik&aacute;lmi a letni\u010dn&yacute;mi cirkvami, medzin&aacute;bo\u017eensk&yacute; dial&oacute;g, soci&aacute;lne a politick&eacute; v&yacute;zvy. V programe je aj n&aacute;v&scaron;teva nemeck&eacute;ho ev. cirkevn&eacute;ho zboru v \u017deneve. Deleg&aacute;ciu vedie predseda Rady EKD, prezes Nikolaus Schneider.<\/p>\n<p>(<a href=\"http:\/\/www.kirche-mv.de\">www.kirche-mv.de<\/a>)<\/p>\n","protected":false},"excerpt":{"rendered":"<p>Dev&auml;\u0165\u010dlenn&aacute; deleg&aacute;cia Rady Evanjelickej cirkvi Nemecka (EKD) nav&scaron;t&iacute;vi v d\u0148och 6. a\u017e 8.apr&iacute;la 2011 \u017denevu. Cie\u013eom je stretnutie a rokovania s predstavite\u013emi Svetovej rady cirkv&iacute; (SRC), Svetov&eacute;ho luter&aacute;nskeho zv&auml;zu (SLZ), Svetov&eacute;ho spolo\u010denstva reformovan&yacute;ch cirkv&iacute;, Konferencie eur&oacute;psk&yacute;ch cirkv&iacute;&nbsp; (KEC)&nbsp;a ACT &#8211; medzin&aacute;rodnej aliancie cirkv&iacute; a cirkevn&yacute;ch pomocn&yacute;ch diel. T&eacute;mami rozhovorov s&uacute;: 500.&nbsp;v&yacute;ro\u010die jubilea Reform&aacute;cie v r. &#8230; <a title=\"Deleg\u00e1cia EKD v \u017deneve\" class=\"read-more\" href=\"https:\/\/www.e-anjelik.sk\/index.php\/2011\/04\/06\/delegacia-ekd-v-zeneve\/\" aria-label=\"Pre\u010d\u00edtajte si viac o Deleg\u00e1cia EKD v \u017deneve\">\u010c\u00edta\u0165 viac<\/a><\/p>\n","protected":false},"author":22,"featured_media":0,"comment_status":"open","ping_status":"open","sticky":false,"template":"","format":"standard","meta":{"footnotes":""},"categories":[2,9,10],"tags":[234],"class_list":["post-3481","post","type-post","status-publish","format-standard","hentry","category-ekumena","category-europa","category-zo-sveta","tag-zdruzenia-a-skupiny"],"_links":{"self":[{"href":"https:\/\/www.e-anjelik.sk\/index.php\/wp-json\/wp\/v2\/posts\/3481","targetHints":{"allow":["GET"]}}],"collection":[{"href":"https:\/\/www.e-anjelik.sk\/index.php\/wp-json\/wp\/v2\/posts"}],"about":[{"href":"https:\/\/www.e-anjelik.sk\/index.php\/wp-json\/wp\/v2\/types\/post"}],"author":[{"embeddable":true,"href":"https:\/\/www.e-anjelik.sk\/index.php\/wp-json\/wp\/v2\/users\/22"}],"replies":[{"embeddable":true,"href":"https:\/\/www.e-anjelik.sk\/index.php\/wp-json\/wp\/v2\/comments?post=3481"}],"version-history":[{"count":0,"href":"https:\/\/www.e-anjelik.sk\/index.php\/wp-json\/wp\/v2\/posts\/3481\/revisions"}],"wp:attachment":[{"href":"https:\/\/www.e-anjelik.sk\/index.php\/wp-json\/wp\/v2\/media?parent=3481"}],"wp:term":[{"taxonomy":"category","embeddable":true,"href":"https:\/\/www.e-anjelik.sk\/index.php\/wp-json\/wp\/v2\/categories?post=3481"},{"taxonomy":"post_tag","embeddable":true,"href":"https:\/\/www.e-anjelik.sk\/index.php\/wp-json\/wp\/v2\/tags?post=3481"}],"curies":[{"name":"wp","href":"https:\/\/api.w.org\/{rel}","templated":true}]}}