{"id":34831,"date":"2021-08-15T17:29:50","date_gmt":"2021-08-15T15:29:50","guid":{"rendered":"http:\/\/e-anjelik.sk\/?p=34831"},"modified":"2021-08-15T17:30:45","modified_gmt":"2021-08-15T15:30:45","slug":"nasleduj-ma","status":"publish","type":"post","link":"https:\/\/www.e-anjelik.sk\/index.php\/2021\/08\/15\/nasleduj-ma\/","title":{"rendered":"Nasleduj ma!"},"content":{"rendered":"\n<p>&nbsp; &nbsp; &nbsp; &nbsp; &nbsp; &nbsp; &nbsp; &nbsp; &nbsp; &nbsp; &nbsp; &nbsp; &nbsp; &nbsp; &nbsp; &nbsp; &nbsp; &nbsp; &nbsp; &nbsp; &nbsp; &nbsp; <strong>Nasleduj ma!<\/strong><\/p>\n\n\n\n<p><strong>Mk 2, 13 \u2013 17:<\/strong><\/p>\n\n\n\n<p><em>\u201cPotom zase vy\u0161iel k moru a v\u0161etok z\u00e1stup pri\u0161iel k Nemu a On ich u\u010dil. (14) Id\u00fac, uzrel L\u00e9viho, syna Alfeovho, sedie\u0165 na colnici a povedal mu: Nasleduj ma! A on vstal a nasledoval Ho. (15) Potom sedel Je\u017ei\u0161 v jeho dome za stolom a mnoh\u00ed coln\u00edci a hrie\u0161nici prisadli si k Je\u017ei\u0161ovi a k Jeho u\u010den\u00edkom, lebo mnoho ich bolo, \u010do Ho nasledovali. (16) Ke\u010f Ho z\u00e1konn\u00edci zo skupiny farizejov videli, \u017ee je s hrie\u0161nikmi a coln\u00edkmi, povedali Jeho u\u010den\u00edkom: Pre\u010do je s hrie\u0161nikmi a coln\u00edkmi? (17) Ke\u010f to Je\u017ei\u0161 po\u010dul, povedal im: Nepotrebuj\u00fa lek\u00e1ra zdrav\u00ed, ale chor\u00ed; nepri\u0161iel som vola\u0165 spravodliv\u00fdch, ale hrie\u0161nych\u201d. Amen<\/em><\/p>\n\n\n\n<p><em>&nbsp;&nbsp; <\/em>Bratia a sestry v P\u00e1novi!<\/p>\n\n\n\n<p>&nbsp;&nbsp; &nbsp; &nbsp; Dne\u0161n\u00e9 gener\u00e1cie kres\u0165anov ch\u00e1pu na\u0161e slu\u017eby Bo\u017eie ako nie\u010do, \u010do je mo\u017en\u00e9 prirovna\u0165 bu\u010f k divadeln\u00e9mu, \u010di filmov\u00e9mu predstaveniu, pr\u00edpadne k \u0161portov\u00e9mu z\u00e1pasu. Pre\u010do? Mnoh\u00ed n\u00e1v\u0161tevn\u00edci&nbsp;slu\u017eieb Bo\u017e\u00edch sa c\u00edtia ako div\u00e1ci. Sleduj\u00fa liturgick\u00fd a&nbsp;kazate\u013esk\u00fd v\u00fdkon k\u0148aza, v\u00fdkon kantora, pr\u00edpadne spevokolu a&nbsp;ch\u00e1pu po\u010dut\u00e9 slovo a slu\u017ebu Slov tak, \u017ee s\u00fa povolan\u00ed&nbsp; k&nbsp;tomu, aby ozn\u00e1mkovali a&nbsp;ohodnotili t\u00fdch, \u010do tu pr\u00e1ve vystupovali.&nbsp; &nbsp; &nbsp; &nbsp; &nbsp; &nbsp; &nbsp; &nbsp; &nbsp;<\/p>\n\n\n\n<p>&nbsp;&nbsp; &nbsp; Dne\u0161n\u00ed \u013eudia si u\u017e zvykli, \u017ee aj cirkev a&nbsp;jej \u017eivot je v\u00fdkon a&nbsp;slu\u017eba malej skupinky \u013eud\u00ed. Jedni t\u00fdm myslia iba far\u00e1ra a kantora, niektor\u00ed si spomen\u00fa i na kostoln\u00ed\u010dku a&nbsp;zvon\u00e1ra a \u010fal\u0161\u00ed mo\u017eno zahrn\u00fa do tohto t\u00edmu aj presbyterov, ktor\u00ed boli do funkcie zvolen\u00ed a&nbsp;zlo\u017eili pr\u00edslu\u0161n\u00fd s\u013eub. Ale st\u00e1le je to len mal\u00e1 skupinka \u013eud\u00ed, ktor\u00fdch ostatn\u00ed iba hodnotia a&nbsp;nec\u00edtia pri tom nejak\u00fa osobn\u00fa zodpovednos\u0165, ani neprip\u00fa\u0161\u0165aj\u00fa, \u017ee v bohoslu\u017ebe cirkvi ide o&nbsp;spolo\u010dn\u00fa slu\u017ebu a&nbsp;misiu.<\/p>\n\n\n\n<p>&nbsp;&nbsp; Bratia a sestry!<\/p>\n\n\n\n<p>&nbsp;&nbsp; Mo\u017eno si ani my neuvedomujeme, \u017ee na\u0161e evanjelick\u00e9 Slu\u017eby Bo\u017eie s\u00fa vlastne obrazom p\u00f4sobenia P\u00e1na Je\u017ei\u0161a Krista na tejto zemi. S\u00fa obrazom toho, \u010do On hovoril a&nbsp;konal a&nbsp;\u010do na druhej strane po\u017eadoval od svojich nasledovn\u00edkov.<\/p>\n\n\n\n<p>&nbsp;&nbsp; &nbsp; P\u00e1n Je\u017ei\u0161 Kristus bol poslan\u00fd Otcom do tohto sveta, aby zachr\u00e1nil t\u00fdch, ktor\u00ed sa chc\u00fa da\u0165 zachr\u00e1ni\u0165. Slovo <em>\u201cposlan\u00fd\u201d<\/em> \u2013 vyjadrujeme v&nbsp;cirkvi gr\u00e9ckym slovom<em> apo\u0161tol.<\/em> Apo\u0161tol je ten, kto m\u00e1 a&nbsp;prij\u00edma nejak\u00fa \u00falohu, \u010di\u017ee poslanie. P\u00e1n Je\u017ei\u0161 s\u00e1m je prv\u00fd a&nbsp;skuto\u010dn\u00fd apo\u0161tol, lebo bol do tohoto sveta poslan\u00fd svoj\u00edm nebesk\u00fdm Otcom. On svoju \u00falohu prijal a&nbsp;plnil. Nec\u00favol ani&nbsp;pred utrpen\u00edm a&nbsp;kr\u00ed\u017eom. Vykonal a&nbsp;dokonal dielo, ktor\u00e9 ako poslan\u00fd z&nbsp;neba mal vykona\u0165. Pr\u00e1ve na tomto diele stoj\u00ed cirkev ako na skale a&nbsp;bez Je\u017ei\u0161a by nijak\u00e1 cirkev nebola a&nbsp;neexistovala. Vrcholom Jeho misie a&nbsp;poslania je Jeho sl\u00e1vne vzkriesenie.&nbsp;<\/p>\n\n\n\n<p>&nbsp;&nbsp; &nbsp; Av\u0161ak aby sa zves\u0165 o&nbsp;v\u00ed\u0165azstve \u017eivota nad smr\u0165ou dostala do cel\u00e9ho sveta, zhroma\u017edil Je\u017ei\u0161 okolo seba najsk\u00f4r u\u010den\u00edkov a svedkov, ktor\u00ed Ho videli a&nbsp;poznali aj ako trpiaceho a&nbsp;ukri\u017eovan\u00e9ho Bar\u00e1nka, ale aj ako v\u00ed\u0165azn\u00e9ho P\u00e1na. T\u00fdchto svedkov a&nbsp;apo\u0161tolov potom poslal do sveta nies\u0165 radostn\u00e9 posolstvo svetu o odpusten\u00ed hriechov, ktor\u00e9 najsk\u00f4r sami vypo\u010duli a&nbsp;prijali. Poveril ich \u00falohou by\u0165 Jeho vyslancami a&nbsp;apo\u0161tolmi po celom svete nie preto, \u017ee boli neomyln\u00ed, alebo mor\u00e1lne lep\u0161\u00ed ako ostatn\u00ed \u013eudia, ale preto, \u017ee On im hriechy odpustil a pred Otcom ich ospravedlnil.&nbsp;<\/p>\n\n\n\n<p>&nbsp;&nbsp; &nbsp; Na z\u00e1klade tohoto svedectva apo\u0161tolov sa cirkev stala skuto\u010dnos\u0165ou v&nbsp;Jeruzaleme a potom a\u017e do posledn\u00fdch kon\u010d\u00edn zeme. Medzi dvan\u00e1stich apo\u0161tolov sa s\u00edce nedostal u\u010den\u00edk Jud\u00e1\u0161 I\u0161kairotsk\u00fd ktor\u00fd Ho zradil, ale aj on ur\u010dit\u00fdm sp\u00f4sobom splnil \u00falohu svedka, ke\u010f pred svojou biednou smr\u0165ou vyznal: <em>\u201cZhre\u0161il som, zradiac krv nevinn\u00fa.<\/em>\u201d Toto svedectvo o&nbsp;Je\u017ei\u0161ovej krvi, ktor\u00e1 je sv\u00e4t\u00e1 a posv\u00e4cuje&nbsp; \u010dloveka, s\u00fahlas\u00ed a kore\u0161ponduje so svedectvom aj ostatn\u00fdch apo\u0161tolov. Na Jud\u00e1\u0161ovo miesto potom nast\u00fapil in\u00fd apo\u0161tol. V prvotnej cirkvi sa vykonala zn\u00e1ma vo\u013eba Mateja v&nbsp;kruhu u\u010den\u00edkov z dvoch kandid\u00e1tov. Apo\u0161tolovia <strong>v&nbsp;u\u017e\u0161om slova zmysle<\/strong> s\u00fa naozaj iba t\u00ed u\u010den\u00edci, ktor\u00fdch si Je\u017ei\u0161 vyvolil a&nbsp;ktor\u00fdch poslal so zves\u0165ou evanjelia jednotlivcom i&nbsp;n\u00e1rodom. K dvan\u00e1stim apotolom v\u0161ak patr\u00ed aj ten, ktor\u00fd bol zvolen\u00fd zo \u0161ir\u0161ieho kruhu u\u010den\u00edkov.&nbsp;<\/p>\n\n\n\n<p>&nbsp;&nbsp; &nbsp; &nbsp; Bratia a sestry v P\u00e1novi!&nbsp;<\/p>\n\n\n\n<p>&nbsp;&nbsp; &nbsp; &nbsp; Z\u00e1rove\u0148 v\u0161ak v cirkvi plat\u00ed aj to, \u017ee v\u0161etci t\u00ed, ktor\u00ed uverili a&nbsp;prijali Krst P\u00e1na Je\u017ei\u0161a sa tie\u017e st\u00e1vaj\u00fa Jeho u\u010den\u00edkmi a&nbsp;a potom t\u00fdmi, ktor\u00ed sa st\u00e1vaj\u00fa Je\u017ei\u0161om <strong>poslan\u00ed do sveta. <\/strong>V\u0161etci pokrsten\u00ed s\u00fa teda tie\u017e apo\u0161tolmi. Samozrejme, my ktor\u00ed sme apo\u0161tolmi v tre\u0165om rade, nem\u00f4\u017eeme ni\u010d prida\u0165 ani ubra\u0165 z&nbsp;toho p\u00f4vodn\u00e9ho poslania, m\u00f4\u017eeme v&nbsp;\u0148om iba pevne st\u00e1\u0165. M\u00f4\u017eeme pozva\u0165 svojich posluch\u00e1\u010dov&nbsp;k&nbsp;tej istej slu\u017ebe, ktor\u00fa sme aj my&nbsp;prijali od Je\u017ei\u0161a Krista. Zves\u0165 a slu\u017eba cirkvi je teda p\u00f4vodne Bo\u017eia a&nbsp;Kristova. Potom skrze p\u00f4sobenie Ducha Sv\u00e4t\u00e9ho i t\u00fdch prv\u00fdch dvan\u00e1stich. <strong>Z\u00e1rove\u0148 sa m\u00e1 sta\u0165 \u00falohou a&nbsp;slu\u017ebou v\u0161etk\u00fdch pokrsten\u00fdch.<\/strong><\/p>\n\n\n\n<p>&nbsp;&nbsp; &nbsp; V tomto s\u00favise sa zastavujeme pri na\u0161ich slu\u017eb\u00e1ch Bo\u017e\u00edch a&nbsp;ich v\u00fdzname. My, kres\u0165ania, teda my v Krista pokrsten\u00ed, ktor\u00ed prich\u00e1dzame na slu\u017eby Bo\u017eie, nie sme , \u010di nem\u00e1me by\u0165 iba div\u00e1kmi. Tu sme v\u0161etci vyu\u010dovan\u00ed slovom Bo\u017e\u00edm, textami SZ, textami a slovami z&nbsp;listov apo\u0161tolov, textami a&nbsp;slovom evanjelistov preto, aby sme po tomto vyu\u010dovan\u00ed odch\u00e1dzali zo slu\u017eieb Bo\u017e\u00edch domov ako po- oslan\u00ed. Ako apo\u0161tolovia, ako mision\u00e1ri, aby sme u\u010dili pozna\u0165 Je\u017ei\u0161a ako Spasite\u013ea sveta \u010fal\u0161\u00edch \u013eud\u00ed a aby sme boli pre in\u00fdch svedkami Je\u017ei\u0161a Krista.<\/p>\n\n\n\n<p>&nbsp; &nbsp; &nbsp; Ako m\u00e1me a m\u00f4\u017eeme my v\u0161etci sved\u010di\u0165 a kona\u0165 apo\u0161tolsk\u00e9 poverenie? Odpoveda\u0165 mo\u017eeme celkom jasne a konkr\u00e9tne. Napr\u00edklad&nbsp; tak, ke\u010f ako rodi\u010dia priv\u00e1dzame svoje deti vies\u0165 k Je\u017ei\u0161ovi. Ke\u010f sa spolu s nimi modl\u00edme, ke\u010f ich nau\u010d\u00edme znenie i obsah apo\u0161tolsk\u00e9ho vyznania viery a Desatoro. Tie\u017e tak, ke\u010f vo svojich rozhovoroch s nimi im&nbsp; zd\u00f4razn\u00edme, \u017ee a nehanb\u00edme za evanjelium, ani za to \u017ee sme evanjelici. A ke\u010f\u017ee na\u0161e deti pozorme vn\u00edmaj\u00fa na\u0161e slov\u00e1 a \u010diny, &#8211; u\u017e \u010di s\u00fa dobr\u00e9 a pozit\u00edvne, alebo, \u017eia\u013e, niekedy aj negat\u00edvne, v\u017edy im d\u00e1vame pr\u00edklady spr\u00e1vania, ktor\u00e1 oby\u010dajne sami nasleduj\u00fa. To ist\u00e9 m\u00f4\u017eeme poveda\u0165 o svedectve star\u00fdch a krstn\u00fdch rodi\u010dov, dokonca aj priate\u013eov s ktor\u00fdmi sa stret\u00e1me a rozpr\u00e1vame.&nbsp;<\/p>\n\n\n\n<p>&nbsp; &nbsp; Nemali by sme na slu\u017eb\u00e1ch Bo\u017e\u00edch iba&nbsp;hodnoti\u0165 in\u00fdch, ale po\u010d\u00fava\u0165 a prij\u00edma zves\u0165 P\u00edsma a zvestovan\u00e9ho slova, posolstvo modlitieb&nbsp; a v\u0161etko toto duchovn\u00e9 posolstvo nies\u0165 a pod\u00e1va\u0165 \u010fal\u0161\u00edm. Je na\u0161ou spolo\u010dnou \u00falohou oslovi\u0165 a pozva\u0165 ku Kristu v\u00e1haj\u00facich, malovern\u00fdch, \u010di dokonca bl\u00fadiacich. Spolo\u010dne, slovom i skutkom m\u00e1me uskuto\u010dnova\u0165 v\u00f4\u013eu n\u00e1\u0161ho P\u00e1na, aby boli osloven\u00ed a pozvan\u00ed \u010d\u00edm viacer\u00ed.&nbsp;<\/p>\n\n\n\n<p>&nbsp; &nbsp; Bratia a sestry v P\u00e1nu!&nbsp;<\/p>\n\n\n\n<p>&nbsp; &nbsp; V&nbsp;prvotnej cirkvi sa kon\u010dili slu\u017eby Bo\u017eie v\u00fdrokom biskupa, k\u0148aza \u010di diakona slovami:<em> Cho\u010fte om\u0161a sa skon\u010dila!&nbsp;<\/em> Tieto slov\u00e1:<em> Cho\u010fte<\/em>\u2026 boli poveren\u00edm k&nbsp;spolo\u010dnej pokra\u010duj\u00facej misii vo svete po cel\u00fd \u010fal\u0161\u00ed t\u00fd\u017ede\u0148.<\/p>\n\n\n\n<p>&nbsp;&nbsp; &nbsp; My m\u00e1me pod\u013ea na\u0161ej teraj\u0161ej Agendy v&nbsp;poriadku slu\u017eieb Bo\u017e\u00edch formulku podobn\u00fa:<strong> <em>\u201c Podajme si ruky, roz\u00ed\u010fme sa v pokoji,&nbsp; duchom vr\u00facim sl\u00fa\u017eme P\u00e1no<\/em>vi\u201d<\/strong>.&nbsp; &nbsp; &nbsp;<\/p>\n\n\n\n<p>&nbsp; &nbsp; Slu\u017eba P\u00e1novi \u2013 to je na\u0161a spolo\u010dn\u00e1 jedine\u010dn\u00e1 \u00faloha a&nbsp;poslanie, teda apo\u0161tolstvo, \u010di kres\u0165ansk\u00e1 misia. Nesenie Bo\u017eieho slova do sveta na\u0161im bl\u00ed\u017enym slovom i&nbsp;sp\u00f4sobom \u017eivota, vyzn\u00e1van\u00edm, \u017ee sme ako hrie\u0161nici ospravedlnen\u00ed Jeho milos\u0165ou, ale aj&nbsp;uskuto\u010d\u0148ovanie&nbsp; konkr\u00e9tnych \u00faloh v cirkevnom zbore je kres\u0165anskou slu\u017ebou.<\/p>\n\n\n\n<p>&nbsp; &nbsp; Povolanie P\u00e1na Je\u017ei\u0161a sa t\u00fdka v\u0161etk\u00fdch. Aj coln\u00edk L\u00e9vy, syn Alfeov, naz\u00fdvan\u00fd aj Mat\u00fa\u0161, hoci bol v&nbsp;o\u010diach \u017eidov oby\u010dajn\u00fd hrie\u0161nik, bol uznan\u00fd za hodn\u00e9ho nies\u0165 evanjelium. Pravda, iba po o\u010disten\u00ed P\u00e1nom Je\u017ei\u0161om, Jeho slovom a&nbsp;pr\u00edtomnos\u0165ou v jeho dome. Hostina, ktor\u00fa Mat\u00fa\u0161 usporiadal ako stretnutie s&nbsp;priate\u013emi, mala v\u0161ak v&nbsp;centre osobu a&nbsp;pr\u00edtomnos\u0165 P\u00e1na Je\u017ei\u0161a Krista! Je\u017ei\u0161 tam mal hlavn\u00e9 slovo a&nbsp;Jeho k\u00e1ze\u0148 oslovila aj ostatn\u00fdch pr\u00edtomn\u00fdch.&nbsp;<\/p>\n\n\n\n<p>&nbsp;&nbsp; &nbsp; Bratia a&nbsp;sestry!<\/p>\n\n\n\n<p>&nbsp; &nbsp; Pozvan\u00edm Je\u017ei\u0161a Krista do n\u00e1\u0161ho stredu v Jeho slove, v spolo\u010dn\u00fdch modlitb\u00e1ch a prosb\u00e1ch, z\u00edskavame n\u00e1dej a istotu, \u017ee On s\u00e1m bude s&nbsp;nami. Na za\u010diatku sme povedali, \u017ee na\u0161e evanjelick\u00e9 slu\u017eby Bo\u017eie \u201ckop\u00edruj\u00fa\u201d p\u00f4sobenie P\u00e1na Je\u017ei\u0161a na tejto zemi. S\u00fa vern\u00fdm obrazom toho, \u010do On hovoril a&nbsp;konal a&nbsp;\u010do na druhej strane po\u017eadoval. Pozvan\u00ed, ale aj poslan\u00ed sme v\u0161etci, aby sme niesli Jeho evanjelium hrie\u0161nikom. <em>\u201eCho\u010fte teda, \u010di\u0148te mi u\u010den\u00edkmi v\u0161etky n\u00e1rody \u2013 krstiac ich a u\u010diac ich zachov\u00e1va\u0165 v\u0161etko, \u010doko\u013evek som v\u00e1m prik\u00e1zal\u201d<\/em>. Teda aj my najsk\u00f4r po\u010d\u00favame a&nbsp;prij\u00edmame Jeho slovo vna slu\u017eb\u00e1ch Bo\u017e\u00edch a potom m\u00e1me prija\u0165 poverenie: Nasleduj ma! Nielen presbyteri a funkcion\u00e1ri cirkvi, ale v\u0161etci pokrsten\u00ed.&nbsp;<\/p>\n\n\n\n<p>&nbsp;&nbsp; &nbsp; &nbsp; Ak by sme boli iba div\u00e1ci, iba kritici a&nbsp;hodnotitelia zop\u00e1r cirkevn\u00fdch slu\u017eobn\u00edkov, \u010faleko sme od P\u00e1na. Prijmime Jeho o\u010distenie, uznanie za hodn\u00fdch i&nbsp;usp\u00f4sobenie nies\u0165 Jeho evanjelium svetu. Tak ako L\u00e9vy &#8211; Mat\u00fa\u0161, syn Alfeov, o ktorom dnes po\u010dujeme: <em>\u201eA on vstal a&nbsp;nasledoval Ho.\u201c <\/em>Urobme aj my podobne. Amen.<\/p>\n\n\n\n<p>&nbsp;&nbsp; &nbsp; &nbsp; &nbsp; &nbsp; 11.nede\u013ea po Sv\u00e4tej Trojici &#8211;&nbsp; CZ Myjava 2021 &#8211; &nbsp; \u013dubom\u00edr Batka st. &nbsp; &nbsp; &nbsp; &nbsp; &nbsp; &nbsp; &nbsp; &nbsp; &nbsp; &nbsp; &nbsp; &nbsp; &nbsp; &nbsp; &nbsp; &nbsp; &nbsp; &nbsp; &nbsp; &nbsp; &nbsp; &nbsp; &nbsp; &nbsp; &nbsp; &nbsp; &nbsp; &nbsp; &nbsp; &nbsp;<\/p>\n","protected":false},"excerpt":{"rendered":"<p>&nbsp; &nbsp; &nbsp; &nbsp; &nbsp; &nbsp; &nbsp; &nbsp; &nbsp; &nbsp; &nbsp; &nbsp; &nbsp; &nbsp; &nbsp; &nbsp; &nbsp; &nbsp; &nbsp; &nbsp; &nbsp; &nbsp; Nasleduj ma! Mk 2, 13 \u2013 17: \u201cPotom zase vy\u0161iel k moru a v\u0161etok z\u00e1stup pri\u0161iel k Nemu a On ich u\u010dil. (14) Id\u00fac, uzrel L\u00e9viho, syna Alfeovho, sedie\u0165 na colnici a povedal &#8230; <a title=\"Nasleduj ma!\" class=\"read-more\" href=\"https:\/\/www.e-anjelik.sk\/index.php\/2021\/08\/15\/nasleduj-ma\/\" aria-label=\"Pre\u010d\u00edtajte si viac o Nasleduj ma!\">\u010c\u00edta\u0165 viac<\/a><\/p>\n","protected":false},"author":4,"featured_media":0,"comment_status":"open","ping_status":"open","sticky":false,"template":"","format":"standard","meta":{"footnotes":""},"categories":[575,121],"tags":[],"class_list":["post-34831","post","type-post","status-publish","format-standard","hentry","category-11-nedela-po-sv-trojici","category-kazne"],"_links":{"self":[{"href":"https:\/\/www.e-anjelik.sk\/index.php\/wp-json\/wp\/v2\/posts\/34831","targetHints":{"allow":["GET"]}}],"collection":[{"href":"https:\/\/www.e-anjelik.sk\/index.php\/wp-json\/wp\/v2\/posts"}],"about":[{"href":"https:\/\/www.e-anjelik.sk\/index.php\/wp-json\/wp\/v2\/types\/post"}],"author":[{"embeddable":true,"href":"https:\/\/www.e-anjelik.sk\/index.php\/wp-json\/wp\/v2\/users\/4"}],"replies":[{"embeddable":true,"href":"https:\/\/www.e-anjelik.sk\/index.php\/wp-json\/wp\/v2\/comments?post=34831"}],"version-history":[{"count":1,"href":"https:\/\/www.e-anjelik.sk\/index.php\/wp-json\/wp\/v2\/posts\/34831\/revisions"}],"predecessor-version":[{"id":34832,"href":"https:\/\/www.e-anjelik.sk\/index.php\/wp-json\/wp\/v2\/posts\/34831\/revisions\/34832"}],"wp:attachment":[{"href":"https:\/\/www.e-anjelik.sk\/index.php\/wp-json\/wp\/v2\/media?parent=34831"}],"wp:term":[{"taxonomy":"category","embeddable":true,"href":"https:\/\/www.e-anjelik.sk\/index.php\/wp-json\/wp\/v2\/categories?post=34831"},{"taxonomy":"post_tag","embeddable":true,"href":"https:\/\/www.e-anjelik.sk\/index.php\/wp-json\/wp\/v2\/tags?post=34831"}],"curies":[{"name":"wp","href":"https:\/\/api.w.org\/{rel}","templated":true}]}}