{"id":34835,"date":"2021-08-18T20:16:06","date_gmt":"2021-08-18T18:16:06","guid":{"rendered":"http:\/\/e-anjelik.sk\/?p=34835"},"modified":"2022-04-25T14:52:15","modified_gmt":"2022-04-25T12:52:15","slug":"gp-zase-zasadalo","status":"publish","type":"post","link":"https:\/\/www.e-anjelik.sk\/index.php\/2021\/08\/18\/gp-zase-zasadalo\/","title":{"rendered":"GP zase zasadalo"},"content":{"rendered":"\n<h1 class=\"wp-block-heading\">Zo zasadnutia Gener\u00e1lneho presbyterstva ECAV 06.08.2021<\/h1>\n\n\n\n<figure class=\"wp-block-image is-style-default\"><a href=\"https:\/\/www.ecav.sk\/rails\/active_storage\/blobs\/eyJfcmFpbHMiOnsibWVzc2FnZSI6IkJBaHBBdDJ1IiwiZXhwIjpudWxsLCJwdXIiOiJibG9iX2lkIn19--f6e8d81ace7461f45df2018c1441d03df1bc49f4\/lutherova_ruza.jpg\"><img decoding=\"async\" src=\"https:\/\/www.ecav.sk\/rails\/active_storage\/representations\/eyJfcmFpbHMiOnsibWVzc2FnZSI6IkJBaHBBdDJ1IiwiZXhwIjpudWxsLCJwdXIiOiJibG9iX2lkIn19--f6e8d81ace7461f45df2018c1441d03df1bc49f4\/eyJfcmFpbHMiOnsibWVzc2FnZSI6IkJBaDdCam9MY21WemFYcGxTU0lJT1RBd0Jqb0dSVlE9IiwiZXhwIjpudWxsLCJwdXIiOiJ2YXJpYXRpb24ifX0=--f83398908a42570f1be2d2870fc3e62f317d893b\/lutherova_ruza.jpg\" alt=\"Zo zasadnutia Gener\u00e1lneho presbyterstva ECAV 06.08.2021\"\/><\/a><\/figure>\n\n\n\n<ul class=\"wp-block-list\"><li>&nbsp;11.08.21<\/li><li>&nbsp;&nbsp;Zuzana Pol\u00e1kov\u00e1, sekreteri\u00e1t ECAV<\/li><li>&nbsp;<a href=\"https:\/\/www.ecav.sk\/aktuality\/oznamy\">&nbsp;Oznamy<\/a><\/li><\/ul>\n\n\n\n<p>Biskupsk\u00fd \u00farad ZD vo Zvolene bol v piatok 6. augusta miestom konania piateho zasadnutia Gener\u00e1lneho presbyterstva ECAV v tomto roku.<\/p>\n\n\n\n<p>V \u00favode rokovania Predsedn\u00edctvo ECAV informat\u00edvne spomenulo, \u017ee od posledn\u00e9ho zasadnutia Gener\u00e1lneho presbyterstva ECAV, ktor\u00e9 sa konalo 16. j\u00fana, prebehli dve per rollam hlasovania, na z\u00e1klade ktor\u00fdch, bol do pracovn\u00e9ho pomeru na GB\u00da na miesto archiv\u00e1ra prijat\u00fd br. Michal \u0160edovi\u010d a schv\u00e1len\u00e9 bolo aj cirkevn\u00e9 nariadenie &#8211;<strong><\/strong>Prev\u00e1dzkov\u00fd poriadok EIS ECAV, s platnos\u0165ou od 01.09.2021.<\/p>\n\n\n\n<p>Zasadnutie augustov\u00e9ho gener\u00e1lneho presbyterstva sa prim\u00e1rne venovalo ot\u00e1zkam s\u00favisiacim s pr\u00edpravou septembrovej Synody ECAV, ktor\u00e1 sa bude kona\u0165 v Tren\u010dianskych Tepliciach. Gener\u00e1lne presbyterstvo prerokovalo navrhnut\u00fd program Synody ECAV, zobralo na vedomie inform\u00e1ciu o vo\u013eb\u00e1ch, ktor\u00e9 je potrebn\u00e9 na synode vykona\u0165<strong><\/strong>a schv\u00e1lilo osadenie pam\u00e4tnej tabule v Tren\u010dianskych Tepliciach, pri stom v\u00fdro\u010d\u00ed ustanovuj\u00facej Synody, ktor\u00e9 si v tomto roku ECAV pripom\u00edna.<\/p>\n\n\n\n<p>Obsiahlej\u0161ia diskusia bola na zasadnut\u00ed venovan\u00e1 t\u00e9me Evanjelickej diakonie. Gener\u00e1lne presbyterstvo prerokovalo materi\u00e1ly dolo\u017een\u00e9 Evanjelickou diakoniou k plneniu uznesen\u00ed a rozhodlo o schv\u00e1len\u00ed pr\u00edspevku Evanjelickej diakonii na mesiac august a september vo v\u00fd\u0161ke 3% sumy z objemu \u0161t\u00e1tneho transferu ECAV.<\/p>\n\n\n\n<p>Z\u00e1rove\u0148, ale z d\u00f4vodov nejasnej, vyh\u00fdbavej, netransparentnej komunik\u00e1cie s Gener\u00e1lnym presbyterstvom ECAV a veden\u00edm ECAV, dlhoro\u010dn\u00e9ho nerie\u0161enia ot\u00e1zky riadite\u013ea ED, vyd\u00e1vania intern\u00fdch smern\u00edc nad r\u00e1mec kompetenci\u00ed a napokon nepriz\u00fdvania riadne zvolen\u00fdch \u010dlenov SR na zasadnutia Spr\u00e1vnej rady Evanjelickej diakonie vyjadrili gener\u00e1lni presbyteri ned\u00f4veru ses. Jane Toma\u0161ovi\u010dovej, predsedn\u00ed\u010dke Spr\u00e1vnej rady Evanjelickej diakonie. Na z\u00e1klade dlhodobej nespokojnosti s netransparentn\u00fdm konan\u00edm vyjadrilo gener\u00e1lne presbyterstvo ned\u00f4veru aj br. J\u00e1novi Gasperovi, poveren\u00e9mu riadite\u013eovi Evanjelickej diakonie. Z vy\u0161\u0161ie spomenut\u00fdch d\u00f4vodov gener\u00e1lni presbyteri \u017eiadaj\u00fa Spr\u00e1vnu radu ED o &nbsp;odvolanie ses. Jany Toma\u0161ovi\u010dovej z funkcie predsedn\u00ed\u010dky SR, a z\u00e1rove\u0148 o predlo\u017eenie n\u00e1vrhu na odvolanie br. J\u00e1na Gaspera z poz\u00edcie poveren\u00e9ho riadite\u013ea ED.<\/p>\n\n\n\n<p>V \u010fal\u0161om priebehu zasadnutia zobrali gener\u00e1lni presbyteri na vedomie spr\u00e1vu Rev\u00edznej komisie ECAV o kontrole hospod\u00e1renia ECAV, ako aj \u00fa\u010dtovn\u00fa z\u00e1vierku za rok 2020.<\/p>\n\n\n\n<p>D\u00f4le\u017eit\u00fdm bodom programu bolo tie\u017e prerokovanie alternat\u00edvnych modelov v\u00fdberu finan\u010dn\u00fdch prostriedkov do Fondu finan\u010dn\u00e9ho zabezpe\u010denia, ktor\u00e9 predlo\u017eil Gener\u00e1lny hospod\u00e1rsky v\u00fdbor a o ktor\u00fdch bude rozhodova\u0165 synoda v septembri. Prvou mo\u017enos\u0165ou, ktor\u00e1 je z\u00e1rove\u0148 aj odpor\u00fa\u010dan\u00edm Gener\u00e1lneho presbyterstva ECAV, je platba pr\u00edspevku na \u010dlena cirkevn\u00e9ho zboru. Druhou predlo\u017eenou variantou je kombin\u00e1cia poplatku za zriaden\u00e9 far\u00e1rske miesto a poplatku na \u010dlena cirkevn\u00e9ho zboru.<\/p>\n\n\n\n<p>V s\u00favislosti s t\u00e9mou Reformata zobrali gener\u00e1lni presbyteri na vedomie spr\u00e1vu &nbsp;P-ECAV o plnen\u00ed uznesen\u00ed t\u00fdkaj\u00facich sa tejto spolo\u010dnosti, z\u00e1rove\u0148 ale tie\u017e navrhli Predsedn\u00edctvu ECAV konaj\u00facemu ako VZ spolo\u010dnosti Reformata, s.r.o. odvolanie konate\u013ea spolo\u010dnosti Reformata, s.r.o., br. Branislava Rybnik\u00e1ra. Rovnako presbyterstvo navrhuje Rade Kurat\u00f3ria Beckovskej Viesky odvolanie br. Vladim\u00edra Dani\u0161a z funkcie predsedu Rady Kurat\u00f3ria Beckovskej Viesky a do tejto funkcie navrhuje menova\u0165 br. Petra G\u00e4rtnera.<strong><\/strong><\/p>\n\n\n\n<p>V \u010fal\u0161om bode programu zobralo Gener\u00e1lne presbyterstvo ECAV na vedomie spr\u00e1vy o \u010dinnosti Spolo\u010denstva evanjelick\u00fdch \u017eien (SE\u017d), Evanjelickej diakonie a Misijn\u00e9ho strediska ECAV Matejkov\u00e1. Taktie\u017e bola prerokovan\u00e1 aj Spr\u00e1va o hospod\u00e1ren\u00ed Gener\u00e1lnej podporovne &nbsp;za rok 2020, ktor\u00fa gener\u00e1lni presbyteri v zmysle uznesenia pos\u00favaj\u00fa na rokovanie synody.<\/p>\n\n\n\n<p>Na Pr\u00e1vny v\u00fdbor ECAV boli post\u00fapen\u00e9 legislat\u00edvne n\u00e1vrhy, t\u00fdkaj\u00face sa<strong><\/strong>zmeny cirkevn\u00e9ho z\u00e1kona o rokovacom poriadku, n\u00e1vrh z\u00e1kona o celocirkevn\u00fdch \u00faloh\u00e1ch, programoch, \u00fa\u010delov\u00fdch zariadeniach ECAV na Slovensku a napokon n\u00e1vrh z\u00e1kona o nemocni\u010dn\u00fdch duchovn\u00fdch. Z\u00e1rove\u0148 presbyterstvo posunulo Pr\u00e1vnemu v\u00fdboru ECAV na pripomienkovanie aj predlo\u017een\u00fa noveliz\u00e1ciu \u0160tat\u00fatu Spolo\u010denstva evanjelick\u00fdch \u017eien.<\/p>\n\n\n\n<p>Bodom programu bolo aj prerokovanie \u017eiadosti &nbsp;CZ ECAV na Slovensku Pezinok, t\u00fdkaj\u00facej sa scudzenia majetku formou k\u00fapy domu z u\u0161etren\u00fdch finan\u010dn\u00fdch prostriedkov cirkevn\u00e9ho zboru, ktor\u00fa gener\u00e1lne presbyterstvo hlasovan\u00edm schv\u00e1lilo.<\/p>\n\n\n\n<p>Gener\u00e1lne presbyterstvo, v r\u00e1mci bodu r\u00f4zne, s\u00fahlasilo so zabezpe\u010dovan\u00edm pr\u00e1vnej slu\u017eby advok\u00e1tskou kancel\u00e1riou a schv\u00e1lilo &nbsp;mand\u00e1tnu zmluvu o poskytovan\u00ed pr\u00e1vnej pomoci medzi ECAV na Slovensku a Advok\u00e1tskou kancel\u00e1riou Ivan Syrov\u00fd, s.r.o.<\/p>\n\n\n\n<p>Napokon boli na zasadnut\u00ed prerokovan\u00e9 person\u00e1lne zmeny na GB\u00da, na z\u00e1klade \u010doho, presbyteri s\u00fahlasili s prijat\u00edm do pracovn\u00e9ho pomeru na 1\/3 pracovn\u00fd \u00fav\u00e4zok &nbsp;br. Martina \u0160imuna na pracovn\u00fa poz\u00edciu hlavn\u00e9ho ekon\u00f3ma.<\/p>\n\n\n\n<p>Najbli\u017e\u0161ie zasadnutie gener\u00e1lneho presbyterstva je ofici\u00e1lne napl\u00e1novan\u00e9 na 23. augusta.2021.<\/p>\n\n\n\n<p>Inform\u00e1cie maj\u00fa napom\u00f4c\u0165 otvorenosti a informovanosti v na\u0161ej cirkvi; o presnom znen\u00ed prijat\u00fdch uznesen\u00ed bud\u00fa dotknut\u00e9 COJ a osoby informovan\u00e9 \u00faradn\u00fdm postupom.<\/p>\n","protected":false},"excerpt":{"rendered":"<p>Zo zasadnutia Gener\u00e1lneho presbyterstva ECAV 06.08.2021 &nbsp;11.08.21 &nbsp;&nbsp;Zuzana Pol\u00e1kov\u00e1, sekreteri\u00e1t ECAV &nbsp;&nbsp;Oznamy Biskupsk\u00fd \u00farad ZD vo Zvolene bol v piatok 6. augusta miestom konania piateho zasadnutia Gener\u00e1lneho presbyterstva ECAV v tomto roku. V \u00favode rokovania Predsedn\u00edctvo ECAV informat\u00edvne spomenulo, \u017ee od posledn\u00e9ho zasadnutia Gener\u00e1lneho presbyterstva ECAV, ktor\u00e9 sa konalo 16. j\u00fana, prebehli dve per rollam &#8230; <a title=\"GP zase zasadalo\" class=\"read-more\" href=\"https:\/\/www.e-anjelik.sk\/index.php\/2021\/08\/18\/gp-zase-zasadalo\/\" aria-label=\"Pre\u010d\u00edtajte si viac o GP zase zasadalo\">\u010c\u00edta\u0165 viac<\/a><\/p>\n","protected":false},"author":4,"featured_media":0,"comment_status":"open","ping_status":"open","sticky":false,"template":"","format":"standard","meta":{"footnotes":""},"categories":[193,147,177,371],"tags":[],"class_list":["post-34835","post","type-post","status-publish","format-standard","hentry","category-co-pisu-ini","category-duch-svaty","category-gbu","category-pohreby"],"_links":{"self":[{"href":"https:\/\/www.e-anjelik.sk\/index.php\/wp-json\/wp\/v2\/posts\/34835","targetHints":{"allow":["GET"]}}],"collection":[{"href":"https:\/\/www.e-anjelik.sk\/index.php\/wp-json\/wp\/v2\/posts"}],"about":[{"href":"https:\/\/www.e-anjelik.sk\/index.php\/wp-json\/wp\/v2\/types\/post"}],"author":[{"embeddable":true,"href":"https:\/\/www.e-anjelik.sk\/index.php\/wp-json\/wp\/v2\/users\/4"}],"replies":[{"embeddable":true,"href":"https:\/\/www.e-anjelik.sk\/index.php\/wp-json\/wp\/v2\/comments?post=34835"}],"version-history":[{"count":1,"href":"https:\/\/www.e-anjelik.sk\/index.php\/wp-json\/wp\/v2\/posts\/34835\/revisions"}],"predecessor-version":[{"id":34836,"href":"https:\/\/www.e-anjelik.sk\/index.php\/wp-json\/wp\/v2\/posts\/34835\/revisions\/34836"}],"wp:attachment":[{"href":"https:\/\/www.e-anjelik.sk\/index.php\/wp-json\/wp\/v2\/media?parent=34835"}],"wp:term":[{"taxonomy":"category","embeddable":true,"href":"https:\/\/www.e-anjelik.sk\/index.php\/wp-json\/wp\/v2\/categories?post=34835"},{"taxonomy":"post_tag","embeddable":true,"href":"https:\/\/www.e-anjelik.sk\/index.php\/wp-json\/wp\/v2\/tags?post=34835"}],"curies":[{"name":"wp","href":"https:\/\/api.w.org\/{rel}","templated":true}]}}