{"id":3484,"date":"2011-04-07T08:03:06","date_gmt":"2011-04-07T08:03:06","guid":{"rendered":"http:\/\/e-anjelik.sk\/?p=3484"},"modified":"2011-04-07T08:03:06","modified_gmt":"2011-04-07T08:03:06","slug":"konzultacia-misijnych-pracovnikov-v-madarsku","status":"publish","type":"post","link":"https:\/\/www.e-anjelik.sk\/index.php\/2011\/04\/07\/konzultacia-misijnych-pracovnikov-v-madarsku\/","title":{"rendered":"Konzult\u00e1cia misijn\u00fdch pracovn\u00edkov v Ma\u010farsku"},"content":{"rendered":"<p>V d\u0148och 22. a 23. marca t.r. sa v Piliscsabe konala&nbsp;celo&scaron;t&aacute;tna&nbsp;v&yacute;ro\u010dn&aacute; konzult&aacute;cia pracovn&iacute;kov misie Evanjelicko-luter&aacute;nskej cirkvi v Ma\u010farsku. Do 50 pracovn&iacute;kov &nbsp;z r&ocirc;znych odvetv&iacute; misie (\u017eensk&aacute; , mu\u017esk&aacute;, r&oacute;mska, slepeck&aacute;, medzi chor&yacute;mi na lepru, rozhlasov&aacute;, letiskov&aacute;, v&auml;zensk&aacute;, nemocni\u010dn&aacute;, medzi alkoholikmi) referovalo o pr&aacute;ci v minulom roku. Spolu s biskupom G&aacute;ncsom P&eacute;terom, ktor&yacute; je zodpovedn&yacute; za oddelenie misie a evanjeliz&aacute;cie, vyhodnotili t&uacute;to pr&aacute;cu.<\/p>\n<p>(<a href=\"http:\/\/www.evangelikus.hu\">www.evangelikus.hu<\/a>)<\/p>\n","protected":false},"excerpt":{"rendered":"<p>V d\u0148och 22. a 23. marca t.r. sa v Piliscsabe konala&nbsp;celo&scaron;t&aacute;tna&nbsp;v&yacute;ro\u010dn&aacute; konzult&aacute;cia pracovn&iacute;kov misie Evanjelicko-luter&aacute;nskej cirkvi v Ma\u010farsku. Do 50 pracovn&iacute;kov &nbsp;z r&ocirc;znych odvetv&iacute; misie (\u017eensk&aacute; , mu\u017esk&aacute;, r&oacute;mska, slepeck&aacute;, medzi chor&yacute;mi na lepru, rozhlasov&aacute;, letiskov&aacute;, v&auml;zensk&aacute;, nemocni\u010dn&aacute;, medzi alkoholikmi) referovalo o pr&aacute;ci v minulom roku. Spolu s biskupom G&aacute;ncsom P&eacute;terom, ktor&yacute; je zodpovedn&yacute; za &#8230; <a title=\"Konzult\u00e1cia misijn\u00fdch pracovn\u00edkov v Ma\u010farsku\" class=\"read-more\" href=\"https:\/\/www.e-anjelik.sk\/index.php\/2011\/04\/07\/konzultacia-misijnych-pracovnikov-v-madarsku\/\" aria-label=\"Pre\u010d\u00edtajte si viac o Konzult\u00e1cia misijn\u00fdch pracovn\u00edkov v Ma\u010farsku\">\u010c\u00edta\u0165 viac<\/a><\/p>\n","protected":false},"author":22,"featured_media":0,"comment_status":"open","ping_status":"open","sticky":false,"template":"","format":"standard","meta":{"footnotes":""},"categories":[9,10],"tags":[],"class_list":["post-3484","post","type-post","status-publish","format-standard","hentry","category-europa","category-zo-sveta"],"_links":{"self":[{"href":"https:\/\/www.e-anjelik.sk\/index.php\/wp-json\/wp\/v2\/posts\/3484","targetHints":{"allow":["GET"]}}],"collection":[{"href":"https:\/\/www.e-anjelik.sk\/index.php\/wp-json\/wp\/v2\/posts"}],"about":[{"href":"https:\/\/www.e-anjelik.sk\/index.php\/wp-json\/wp\/v2\/types\/post"}],"author":[{"embeddable":true,"href":"https:\/\/www.e-anjelik.sk\/index.php\/wp-json\/wp\/v2\/users\/22"}],"replies":[{"embeddable":true,"href":"https:\/\/www.e-anjelik.sk\/index.php\/wp-json\/wp\/v2\/comments?post=3484"}],"version-history":[{"count":0,"href":"https:\/\/www.e-anjelik.sk\/index.php\/wp-json\/wp\/v2\/posts\/3484\/revisions"}],"wp:attachment":[{"href":"https:\/\/www.e-anjelik.sk\/index.php\/wp-json\/wp\/v2\/media?parent=3484"}],"wp:term":[{"taxonomy":"category","embeddable":true,"href":"https:\/\/www.e-anjelik.sk\/index.php\/wp-json\/wp\/v2\/categories?post=3484"},{"taxonomy":"post_tag","embeddable":true,"href":"https:\/\/www.e-anjelik.sk\/index.php\/wp-json\/wp\/v2\/tags?post=3484"}],"curies":[{"name":"wp","href":"https:\/\/api.w.org\/{rel}","templated":true}]}}