{"id":3485,"date":"2011-04-07T08:41:45","date_gmt":"2011-04-07T08:41:45","guid":{"rendered":"http:\/\/e-anjelik.sk\/?p=3485"},"modified":"2011-04-07T08:41:45","modified_gmt":"2011-04-07T08:41:45","slug":"duchovni-vo-svedskej-cirkvi-sluzia-aj-v-obchodoch","status":"publish","type":"post","link":"https:\/\/www.e-anjelik.sk\/index.php\/2011\/04\/07\/duchovni-vo-svedskej-cirkvi-sluzia-aj-v-obchodoch\/","title":{"rendered":"Duchovn\u00ed vo \u0160v\u00e9dskej cirkvi sl\u00fa\u017eia aj v obchodoch"},"content":{"rendered":"<p>Arcibiskup &Scaron;v&eacute;dskej cirkvi Anders Wejryd chce vidie\u0165 \u010do najviac os&ocirc;b z duchovn&yacute;ch s kol&aacute;rikom medzi zamestancami aj v obchodoch. &quot;Cirkev m&aacute; sl&uacute;\u017ei\u0165 \u013eu\u010fom, preto nem&aacute; nijak&yacute; zmysel sedie\u0165 iba v kostole.&quot; povedal arcibiskup. Preto v niektor&yacute;ch cirkevn&yacute;ch zboroch duchovn&iacute; s kol&aacute;rikom id&uacute; do n&aacute;kupn&yacute;ch stred&iacute;sk a tam sa stret&aacute;vaj&uacute; s \u013eu\u010fmi. Oble\u010denie s kol&aacute;rikom je d&ocirc;le\u017eit&eacute;, aby bolo vidite\u013en&eacute;, \u017ee s&uacute; tu z&aacute;stupcovia cirkvi. &quot;Mus&iacute;me si by\u0165 ist&iacute; vyu\u017eit&iacute;m na&scaron;ich zdrojov. Tu sa kon&aacute; boj o bud&uacute;cnos\u0165.&quot; dodal arcibiskup.<\/p>\n<p>(<a href=\"http:\/\/www.dagen.se\">www.dagen.se<\/a>)<\/p>\n","protected":false},"excerpt":{"rendered":"<p>Arcibiskup &Scaron;v&eacute;dskej cirkvi Anders Wejryd chce vidie\u0165 \u010do najviac os&ocirc;b z duchovn&yacute;ch s kol&aacute;rikom medzi zamestancami aj v obchodoch. &quot;Cirkev m&aacute; sl&uacute;\u017ei\u0165 \u013eu\u010fom, preto nem&aacute; nijak&yacute; zmysel sedie\u0165 iba v kostole.&quot; povedal arcibiskup. Preto v niektor&yacute;ch cirkevn&yacute;ch zboroch duchovn&iacute; s kol&aacute;rikom id&uacute; do n&aacute;kupn&yacute;ch stred&iacute;sk a tam sa stret&aacute;vaj&uacute; s \u013eu\u010fmi. Oble\u010denie s kol&aacute;rikom je &#8230; <a title=\"Duchovn\u00ed vo \u0160v\u00e9dskej cirkvi sl\u00fa\u017eia aj v obchodoch\" class=\"read-more\" href=\"https:\/\/www.e-anjelik.sk\/index.php\/2011\/04\/07\/duchovni-vo-svedskej-cirkvi-sluzia-aj-v-obchodoch\/\" aria-label=\"Pre\u010d\u00edtajte si viac o Duchovn\u00ed vo \u0160v\u00e9dskej cirkvi sl\u00fa\u017eia aj v obchodoch\">\u010c\u00edta\u0165 viac<\/a><\/p>\n","protected":false},"author":22,"featured_media":0,"comment_status":"open","ping_status":"open","sticky":false,"template":"","format":"standard","meta":{"footnotes":""},"categories":[42,10],"tags":[],"class_list":["post-3485","post","type-post","status-publish","format-standard","hentry","category-skandinavia","category-zo-sveta"],"_links":{"self":[{"href":"https:\/\/www.e-anjelik.sk\/index.php\/wp-json\/wp\/v2\/posts\/3485","targetHints":{"allow":["GET"]}}],"collection":[{"href":"https:\/\/www.e-anjelik.sk\/index.php\/wp-json\/wp\/v2\/posts"}],"about":[{"href":"https:\/\/www.e-anjelik.sk\/index.php\/wp-json\/wp\/v2\/types\/post"}],"author":[{"embeddable":true,"href":"https:\/\/www.e-anjelik.sk\/index.php\/wp-json\/wp\/v2\/users\/22"}],"replies":[{"embeddable":true,"href":"https:\/\/www.e-anjelik.sk\/index.php\/wp-json\/wp\/v2\/comments?post=3485"}],"version-history":[{"count":0,"href":"https:\/\/www.e-anjelik.sk\/index.php\/wp-json\/wp\/v2\/posts\/3485\/revisions"}],"wp:attachment":[{"href":"https:\/\/www.e-anjelik.sk\/index.php\/wp-json\/wp\/v2\/media?parent=3485"}],"wp:term":[{"taxonomy":"category","embeddable":true,"href":"https:\/\/www.e-anjelik.sk\/index.php\/wp-json\/wp\/v2\/categories?post=3485"},{"taxonomy":"post_tag","embeddable":true,"href":"https:\/\/www.e-anjelik.sk\/index.php\/wp-json\/wp\/v2\/tags?post=3485"}],"curies":[{"name":"wp","href":"https:\/\/api.w.org\/{rel}","templated":true}]}}