{"id":3486,"date":"2011-04-07T09:41:09","date_gmt":"2011-04-07T09:41:09","guid":{"rendered":"http:\/\/e-anjelik.sk\/?p=3486"},"modified":"2011-04-07T09:41:09","modified_gmt":"2011-04-07T09:41:09","slug":"misia-v-ludovej-cirkvi-dnes","status":"publish","type":"post","link":"https:\/\/www.e-anjelik.sk\/index.php\/2011\/04\/07\/misia-v-ludovej-cirkvi-dnes\/","title":{"rendered":"Misia v \u013eudovej cirkvi dnes"},"content":{"rendered":"<p>Ako mo\u017eno praktikova\u0165 misiu v \u013eudovej cirkvi? Touto t&eacute;mou sa zaober&aacute; synoda Evanjelicko-luter&aacute;nskej cirkvi v Bavorsku od 3. do 8. apr&iacute;la t.r. v Mn&iacute;chove. Pred 108 synod&aacute;lmi k t&eacute;me vyst&uacute;pil aj hlavn&yacute; re\u010dn&iacute;k Pro Christ , ev. far&aacute;r Ulrich Parzany. Kritizoval tendenciu n&aacute;rastu ob\u013e&uacute;benosti v bohoslu\u017ebnom zvestovan&iacute;. Ako pr&iacute;klad menoval t&eacute;my narodenie z Panny, pr&aacute;zdny hrob po vzkriesen&iacute; alebo ch&aacute;panie Biblie ako Bo\u017eieho Slova. Mnoh&eacute; far&aacute;rky a far&aacute;ri sa pok&uacute;&scaron;aj&uacute; z&iacute;ska\u0165 \u013eud&iacute; pre kres\u0165ansk&uacute; zves\u0165&nbsp; n&iacute;zkoprahov&yacute;mi ponukami. &quot;Duchovn&iacute; by mali by\u0165 vern&iacute; v obsahu, ale flexibiln&iacute; vo form&aacute;ch.&quot; Ako n&aacute;stroje evanjeliz&aacute;cie menoval: osobn&yacute; rozhovor, vierou\u010dn&eacute; kurzy, evanjeliza\u010dn&eacute; programy alebo verejn&eacute; podujatia s hudbou a &scaron;portom. N&oacute;rsky teol&oacute;g prof. Kjell Nordstokke povedal, \u017ee misia je nielen re\u010dnenie, ale aj konanie.&quot; Misia obsahuje aj vystupovanie za spravodlivos\u0165 a \u013eudsk&eacute; pr&aacute;va.&quot; povedal teol&oacute;g, ktor&yacute; mnoho rokov sl&uacute;\u017eil ako mision&aacute;r v Braz&iacute;lii. Prehovoril aj dezignovan&yacute; biskup tejto cirkvi prof. H.B.Strohm:&quot; N&aacute;bo\u017eenstvo patr&iacute; do verejnosti. Evanjelium je vec verejn&aacute;. Tu sa \u013eudov&aacute; cirkev m&ocirc;\u017ee pou\u010di\u0165 od evanjelik&aacute;lneho spolo\u010denstva &#8211; neb&aacute;\u0165 sa verejne hovori\u0165 o svojej viere.&quot; Synod&aacute;li maj&uacute; prerokova\u0165 40 misijn&yacute;ch projektov tejto cirkvi.<\/p>\n<p>(<a href=\"http:\/\/www.idea.de\">www.idea.de<\/a>)<\/p>\n","protected":false},"excerpt":{"rendered":"<p>Ako mo\u017eno praktikova\u0165 misiu v \u013eudovej cirkvi? Touto t&eacute;mou sa zaober&aacute; synoda Evanjelicko-luter&aacute;nskej cirkvi v Bavorsku od 3. do 8. apr&iacute;la t.r. v Mn&iacute;chove. Pred 108 synod&aacute;lmi k t&eacute;me vyst&uacute;pil aj hlavn&yacute; re\u010dn&iacute;k Pro Christ , ev. far&aacute;r Ulrich Parzany. Kritizoval tendenciu n&aacute;rastu ob\u013e&uacute;benosti v bohoslu\u017ebnom zvestovan&iacute;. Ako pr&iacute;klad menoval t&eacute;my narodenie z Panny, pr&aacute;zdny &#8230; <a title=\"Misia v \u013eudovej cirkvi dnes\" class=\"read-more\" href=\"https:\/\/www.e-anjelik.sk\/index.php\/2011\/04\/07\/misia-v-ludovej-cirkvi-dnes\/\" aria-label=\"Pre\u010d\u00edtajte si viac o Misia v \u013eudovej cirkvi dnes\">\u010c\u00edta\u0165 viac<\/a><\/p>\n","protected":false},"author":22,"featured_media":0,"comment_status":"open","ping_status":"open","sticky":false,"template":"","format":"standard","meta":{"footnotes":""},"categories":[9,10],"tags":[],"class_list":["post-3486","post","type-post","status-publish","format-standard","hentry","category-europa","category-zo-sveta"],"_links":{"self":[{"href":"https:\/\/www.e-anjelik.sk\/index.php\/wp-json\/wp\/v2\/posts\/3486","targetHints":{"allow":["GET"]}}],"collection":[{"href":"https:\/\/www.e-anjelik.sk\/index.php\/wp-json\/wp\/v2\/posts"}],"about":[{"href":"https:\/\/www.e-anjelik.sk\/index.php\/wp-json\/wp\/v2\/types\/post"}],"author":[{"embeddable":true,"href":"https:\/\/www.e-anjelik.sk\/index.php\/wp-json\/wp\/v2\/users\/22"}],"replies":[{"embeddable":true,"href":"https:\/\/www.e-anjelik.sk\/index.php\/wp-json\/wp\/v2\/comments?post=3486"}],"version-history":[{"count":0,"href":"https:\/\/www.e-anjelik.sk\/index.php\/wp-json\/wp\/v2\/posts\/3486\/revisions"}],"wp:attachment":[{"href":"https:\/\/www.e-anjelik.sk\/index.php\/wp-json\/wp\/v2\/media?parent=3486"}],"wp:term":[{"taxonomy":"category","embeddable":true,"href":"https:\/\/www.e-anjelik.sk\/index.php\/wp-json\/wp\/v2\/categories?post=3486"},{"taxonomy":"post_tag","embeddable":true,"href":"https:\/\/www.e-anjelik.sk\/index.php\/wp-json\/wp\/v2\/tags?post=3486"}],"curies":[{"name":"wp","href":"https:\/\/api.w.org\/{rel}","templated":true}]}}