{"id":3487,"date":"2011-04-07T10:37:04","date_gmt":"2011-04-07T10:37:04","guid":{"rendered":"http:\/\/e-anjelik.sk\/?p=3487"},"modified":"2011-04-07T10:37:04","modified_gmt":"2011-04-07T10:37:04","slug":"badenski-luterani-si-povolali-prvu-zenu-za-fararku","status":"publish","type":"post","link":"https:\/\/www.e-anjelik.sk\/index.php\/2011\/04\/07\/badenski-luterani-si-povolali-prvu-zenu-za-fararku\/","title":{"rendered":"B\u00e1densk\u00ed luter\u00e1ni si povolali prv\u00fa \u017eenu za far\u00e1rku"},"content":{"rendered":"<p>Cirkevn&yacute; zbor vo Freiburgu Evanjelicko-luter&aacute;nskej cirkvi&nbsp; v B&aacute;densku (ELKiB) povolal na miesto druh&eacute;ho zborov&eacute;ho far&aacute;ra prv&yacute; raz v 160 ro\u010dnej hist&oacute;rii tejto cirkvi \u017eenu. Je \u0148ou pani far&aacute;rka Cornelia Huebnerov&aacute;. Je vydat&aacute;, m&aacute; jednu dospel&uacute; dc&eacute;ru a doteraz sl&uacute;\u017eila v lut.cirkevnom zbore v Holandsku. K vo\u013ebe dal predt&yacute;m s&uacute;hlas konvent far&aacute;rov a synod&aacute;lny v&yacute;bor. Slu\u017ebu za\u010dne vo Freiburgu v lete t.r. ELkiB je mal&aacute;, slobodn&aacute; cirkev a m&aacute;&nbsp;do 3500 \u010dlenov v siedmich cirkevn&yacute;ch zboroch.<\/p>\n<p>(<a href=\"http:\/\/www.idea.de\">www.idea.de<\/a>; <a href=\"http:\/\/www.elkib.de\">www.elkib.de<\/a>)<\/p>\n","protected":false},"excerpt":{"rendered":"<p>Cirkevn&yacute; zbor vo Freiburgu Evanjelicko-luter&aacute;nskej cirkvi&nbsp; v B&aacute;densku (ELKiB) povolal na miesto druh&eacute;ho zborov&eacute;ho far&aacute;ra prv&yacute; raz v 160 ro\u010dnej hist&oacute;rii tejto cirkvi \u017eenu. Je \u0148ou pani far&aacute;rka Cornelia Huebnerov&aacute;. Je vydat&aacute;, m&aacute; jednu dospel&uacute; dc&eacute;ru a doteraz sl&uacute;\u017eila v lut.cirkevnom zbore v Holandsku. K vo\u013ebe dal predt&yacute;m s&uacute;hlas konvent far&aacute;rov a synod&aacute;lny v&yacute;bor. Slu\u017ebu &#8230; <a title=\"B\u00e1densk\u00ed luter\u00e1ni si povolali prv\u00fa \u017eenu za far\u00e1rku\" class=\"read-more\" href=\"https:\/\/www.e-anjelik.sk\/index.php\/2011\/04\/07\/badenski-luterani-si-povolali-prvu-zenu-za-fararku\/\" aria-label=\"Pre\u010d\u00edtajte si viac o B\u00e1densk\u00ed luter\u00e1ni si povolali prv\u00fa \u017eenu za far\u00e1rku\">\u010c\u00edta\u0165 viac<\/a><\/p>\n","protected":false},"author":22,"featured_media":0,"comment_status":"open","ping_status":"open","sticky":false,"template":"","format":"standard","meta":{"footnotes":""},"categories":[9,10],"tags":[],"class_list":["post-3487","post","type-post","status-publish","format-standard","hentry","category-europa","category-zo-sveta"],"_links":{"self":[{"href":"https:\/\/www.e-anjelik.sk\/index.php\/wp-json\/wp\/v2\/posts\/3487","targetHints":{"allow":["GET"]}}],"collection":[{"href":"https:\/\/www.e-anjelik.sk\/index.php\/wp-json\/wp\/v2\/posts"}],"about":[{"href":"https:\/\/www.e-anjelik.sk\/index.php\/wp-json\/wp\/v2\/types\/post"}],"author":[{"embeddable":true,"href":"https:\/\/www.e-anjelik.sk\/index.php\/wp-json\/wp\/v2\/users\/22"}],"replies":[{"embeddable":true,"href":"https:\/\/www.e-anjelik.sk\/index.php\/wp-json\/wp\/v2\/comments?post=3487"}],"version-history":[{"count":0,"href":"https:\/\/www.e-anjelik.sk\/index.php\/wp-json\/wp\/v2\/posts\/3487\/revisions"}],"wp:attachment":[{"href":"https:\/\/www.e-anjelik.sk\/index.php\/wp-json\/wp\/v2\/media?parent=3487"}],"wp:term":[{"taxonomy":"category","embeddable":true,"href":"https:\/\/www.e-anjelik.sk\/index.php\/wp-json\/wp\/v2\/categories?post=3487"},{"taxonomy":"post_tag","embeddable":true,"href":"https:\/\/www.e-anjelik.sk\/index.php\/wp-json\/wp\/v2\/tags?post=3487"}],"curies":[{"name":"wp","href":"https:\/\/api.w.org\/{rel}","templated":true}]}}