{"id":3488,"date":"2011-04-08T07:34:10","date_gmt":"2011-04-08T07:34:10","guid":{"rendered":"http:\/\/e-anjelik.sk\/?p=3488"},"modified":"2011-04-08T07:34:10","modified_gmt":"2011-04-08T07:34:10","slug":"konzultacia-europskych-clenskych-cirkvi-slz","status":"publish","type":"post","link":"https:\/\/www.e-anjelik.sk\/index.php\/2011\/04\/08\/konzultacia-europskych-clenskych-cirkvi-slz\/","title":{"rendered":"Konzult\u00e1cia eur\u00f3pskych \u010dlensk\u00fdch cirkv\u00ed SLZ"},"content":{"rendered":"<p>Od 6. do 8. apr&iacute;la t.r. sa v Lond&yacute;ne zi&scaron;li na konzult&aacute;cii&nbsp;z&aacute;stupcovia 35 \u010dlensk&yacute;ch cirkv&iacute; SLZ z Eur&oacute;py. Na programe je strat&eacute;gia, ako posilni\u0165 vz&aacute;jomn&uacute; spolupr&aacute;cu medzi eur&oacute;pskymi cirkvami a aj so spolo\u010denstvom&nbsp; svetov&eacute;ho luteranizmu. Na porade sa z&uacute;\u010dastnia biskupi\/ky , prezidenti\/ky cirkv&iacute;, \u010dlenovia Rady SLZ, poverenci ekum&eacute;ny z 18 kraj&iacute;n, z&aacute;stupcovia\/kyne 12 eur&oacute;pskych n&aacute;rodn&yacute;ch &nbsp;v&yacute;borov a pracovnej siete \u017eien v cirkv&aacute;ch a spolo\u010dnosti (FGK).Podujatie organizuje Oddelenie pre misiu a rozvoj SLZ v \u017deneve. Hostite\u013ekami s&uacute; Luter&aacute;nska cirkev vo Ve\u013ekej Brit&aacute;nii a Luter&aacute;nska Rada Ve\u013ekej Brit&aacute;nie. Zasadania sa konaj&uacute; v&nbsp;stredisku Augustana v Medzin&aacute;rodnom luter&aacute;nskom &scaron;tudijnom centre v Lond&yacute;ne. Siln&yacute;m duchovn&yacute;m prvkom&nbsp;boli v stredu ve\u010der&nbsp;&nbsp; &uacute;vodn&eacute; slu\u017eby Bo\u017eie s Ve\u010derou P&aacute;novou vo &scaron;v&eacute;dskom kostole v Lond&yacute;ne.<\/p>\n<p>(<a href=\"http:\/\/www.lutheranworld.org\">www.lutheranworld.org<\/a>)<\/p>\n","protected":false},"excerpt":{"rendered":"<p>Od 6. do 8. apr&iacute;la t.r. sa v Lond&yacute;ne zi&scaron;li na konzult&aacute;cii&nbsp;z&aacute;stupcovia 35 \u010dlensk&yacute;ch cirkv&iacute; SLZ z Eur&oacute;py. Na programe je strat&eacute;gia, ako posilni\u0165 vz&aacute;jomn&uacute; spolupr&aacute;cu medzi eur&oacute;pskymi cirkvami a aj so spolo\u010denstvom&nbsp; svetov&eacute;ho luteranizmu. Na porade sa z&uacute;\u010dastnia biskupi\/ky , prezidenti\/ky cirkv&iacute;, \u010dlenovia Rady SLZ, poverenci ekum&eacute;ny z 18 kraj&iacute;n, z&aacute;stupcovia\/kyne 12 eur&oacute;pskych n&aacute;rodn&yacute;ch &#8230; <a title=\"Konzult\u00e1cia eur\u00f3pskych \u010dlensk\u00fdch cirkv\u00ed SLZ\" class=\"read-more\" href=\"https:\/\/www.e-anjelik.sk\/index.php\/2011\/04\/08\/konzultacia-europskych-clenskych-cirkvi-slz\/\" aria-label=\"Pre\u010d\u00edtajte si viac o Konzult\u00e1cia eur\u00f3pskych \u010dlensk\u00fdch cirkv\u00ed SLZ\">\u010c\u00edta\u0165 viac<\/a><\/p>\n","protected":false},"author":22,"featured_media":0,"comment_status":"open","ping_status":"open","sticky":false,"template":"","format":"standard","meta":{"footnotes":""},"categories":[9,10],"tags":[],"class_list":["post-3488","post","type-post","status-publish","format-standard","hentry","category-europa","category-zo-sveta"],"_links":{"self":[{"href":"https:\/\/www.e-anjelik.sk\/index.php\/wp-json\/wp\/v2\/posts\/3488","targetHints":{"allow":["GET"]}}],"collection":[{"href":"https:\/\/www.e-anjelik.sk\/index.php\/wp-json\/wp\/v2\/posts"}],"about":[{"href":"https:\/\/www.e-anjelik.sk\/index.php\/wp-json\/wp\/v2\/types\/post"}],"author":[{"embeddable":true,"href":"https:\/\/www.e-anjelik.sk\/index.php\/wp-json\/wp\/v2\/users\/22"}],"replies":[{"embeddable":true,"href":"https:\/\/www.e-anjelik.sk\/index.php\/wp-json\/wp\/v2\/comments?post=3488"}],"version-history":[{"count":0,"href":"https:\/\/www.e-anjelik.sk\/index.php\/wp-json\/wp\/v2\/posts\/3488\/revisions"}],"wp:attachment":[{"href":"https:\/\/www.e-anjelik.sk\/index.php\/wp-json\/wp\/v2\/media?parent=3488"}],"wp:term":[{"taxonomy":"category","embeddable":true,"href":"https:\/\/www.e-anjelik.sk\/index.php\/wp-json\/wp\/v2\/categories?post=3488"},{"taxonomy":"post_tag","embeddable":true,"href":"https:\/\/www.e-anjelik.sk\/index.php\/wp-json\/wp\/v2\/tags?post=3488"}],"curies":[{"name":"wp","href":"https:\/\/api.w.org\/{rel}","templated":true}]}}