{"id":3489,"date":"2011-04-08T08:45:35","date_gmt":"2011-04-08T08:45:35","guid":{"rendered":"http:\/\/e-anjelik.sk\/?p=3489"},"modified":"2011-04-08T08:45:35","modified_gmt":"2011-04-08T08:45:35","slug":"prestiz-fararov-v-nemecku-klesa","status":"publish","type":"post","link":"https:\/\/www.e-anjelik.sk\/index.php\/2011\/04\/08\/prestiz-fararov-v-nemecku-klesa\/","title":{"rendered":"Prest\u00ed\u017e far\u00e1rov v Nemecku kles\u00e1"},"content":{"rendered":"<p>Renomovan&yacute; In&scaron;tit&uacute;t pre demoskopiu v Allensbachu (Nemecko) uverejnil vo &scaron;tvrtok 7. apr&iacute;la t.r. v&yacute;sledok tohoro\u010dn&eacute;ho v&yacute;skumu prest&iacute;\u017ee povolan&iacute; v Nemecku. Prv&eacute; miesto u\u017e po mnoh&eacute; roky obsadili lek&aacute;ri. Za nimi nasleduj&uacute; zdravotn&eacute; sestry. Naproti tomu far&aacute;ri, ktor&iacute; v minul&yacute;ch rokoch boli v prest&iacute;\u017ei na druhom mieste, teraz jasne padli na siedme miesto. Posledn&eacute; miesta v rebr&iacute;\u010dku&nbsp; obsadili bank&aacute;ri a telev&iacute;zni moder&aacute;tori. Anketovan&yacute;ch bolo 1800 mu\u017eov a \u017eien nad 16 rokov z cel&eacute;ho Nemecka.<\/p>\n<p>(<a href=\"http:\/\/www.epd.de\">www.epd.de<\/a>)<\/p>\n","protected":false},"excerpt":{"rendered":"<p>Renomovan&yacute; In&scaron;tit&uacute;t pre demoskopiu v Allensbachu (Nemecko) uverejnil vo &scaron;tvrtok 7. apr&iacute;la t.r. v&yacute;sledok tohoro\u010dn&eacute;ho v&yacute;skumu prest&iacute;\u017ee povolan&iacute; v Nemecku. Prv&eacute; miesto u\u017e po mnoh&eacute; roky obsadili lek&aacute;ri. Za nimi nasleduj&uacute; zdravotn&eacute; sestry. Naproti tomu far&aacute;ri, ktor&iacute; v minul&yacute;ch rokoch boli v prest&iacute;\u017ei na druhom mieste, teraz jasne padli na siedme miesto. Posledn&eacute; miesta v &#8230; <a title=\"Prest\u00ed\u017e far\u00e1rov v Nemecku kles\u00e1\" class=\"read-more\" href=\"https:\/\/www.e-anjelik.sk\/index.php\/2011\/04\/08\/prestiz-fararov-v-nemecku-klesa\/\" aria-label=\"Pre\u010d\u00edtajte si viac o Prest\u00ed\u017e far\u00e1rov v Nemecku kles\u00e1\">\u010c\u00edta\u0165 viac<\/a><\/p>\n","protected":false},"author":22,"featured_media":0,"comment_status":"open","ping_status":"open","sticky":false,"template":"","format":"standard","meta":{"footnotes":""},"categories":[1],"tags":[234],"class_list":["post-3489","post","type-post","status-publish","format-standard","hentry","category-adventna-modlitba","tag-zdruzenia-a-skupiny"],"_links":{"self":[{"href":"https:\/\/www.e-anjelik.sk\/index.php\/wp-json\/wp\/v2\/posts\/3489","targetHints":{"allow":["GET"]}}],"collection":[{"href":"https:\/\/www.e-anjelik.sk\/index.php\/wp-json\/wp\/v2\/posts"}],"about":[{"href":"https:\/\/www.e-anjelik.sk\/index.php\/wp-json\/wp\/v2\/types\/post"}],"author":[{"embeddable":true,"href":"https:\/\/www.e-anjelik.sk\/index.php\/wp-json\/wp\/v2\/users\/22"}],"replies":[{"embeddable":true,"href":"https:\/\/www.e-anjelik.sk\/index.php\/wp-json\/wp\/v2\/comments?post=3489"}],"version-history":[{"count":0,"href":"https:\/\/www.e-anjelik.sk\/index.php\/wp-json\/wp\/v2\/posts\/3489\/revisions"}],"wp:attachment":[{"href":"https:\/\/www.e-anjelik.sk\/index.php\/wp-json\/wp\/v2\/media?parent=3489"}],"wp:term":[{"taxonomy":"category","embeddable":true,"href":"https:\/\/www.e-anjelik.sk\/index.php\/wp-json\/wp\/v2\/categories?post=3489"},{"taxonomy":"post_tag","embeddable":true,"href":"https:\/\/www.e-anjelik.sk\/index.php\/wp-json\/wp\/v2\/tags?post=3489"}],"curies":[{"name":"wp","href":"https:\/\/api.w.org\/{rel}","templated":true}]}}