{"id":3491,"date":"2011-04-10T22:10:12","date_gmt":"2011-04-10T22:10:12","guid":{"rendered":"http:\/\/e-anjelik.sk\/?p=3491"},"modified":"2026-03-23T19:41:43","modified_gmt":"2026-03-23T18:41:43","slug":"cesta-na-vrch-moria","status":"publish","type":"post","link":"https:\/\/www.e-anjelik.sk\/index.php\/2011\/04\/10\/cesta-na-vrch-moria\/","title":{"rendered":"Cesta na vrch M\u00f3ria"},"content":{"rendered":"\n<p>&nbsp;<span class=\"Apple-style-span\" style=\"font-family: Helvetica; line-height: normal; font-size: 14px; \">&nbsp;<b> Cesta na vrch M\u00f3rija<\/b><\/span><\/p>\n\n\n\n<p><span style=\"letter-spacing: 0.0px\"><b>&nbsp;&nbsp; 1 M 22,1-14: &nbsp; &nbsp;<\/b> &nbsp; &nbsp; &nbsp; &nbsp;<\/span><\/p>\n\n\n\n<p>&nbsp;<\/p>\n\n\n\n<p><span style=\"font: 14.0px Helvetica; letter-spacing: 0.0px\">&nbsp;&nbsp; &nbsp; &nbsp; &nbsp; &nbsp; &nbsp; &nbsp; &nbsp; &nbsp; &nbsp; &nbsp; &nbsp; &nbsp; &nbsp; &nbsp; &nbsp; &nbsp; &nbsp; &nbsp;&nbsp;<\/span><span style=\"letter-spacing: 0.0px\">Bratia a sestry&nbsp; v Kristu P\u00e1nu!<\/span><\/p>\n\n\n\n<p><span style=\"letter-spacing: 0.0px\">&nbsp; &nbsp; &nbsp;<\/span><\/p>\n\n\n\n<p><span style=\"letter-spacing: 0.0px\">\u00a0\u00a0 \u00a0 <b>Smrtn\u00e1 nede\u013ea<\/b> n\u00e1s chce ve\u013emi naliehavo oslovi\u0165 ot\u00e1zkou: <i>\u010co urobi\u0165 s Je\u017ei\u0161om?<\/i> T\u00fato ot\u00e1zku si polo\u017eili \u00fa\u010dastn\u00edci \u017eidovskej rady po vzkriesen\u00ed Lazara. <em>\u201e<\/em><i>\u010co robi\u0165? Lebo ten \u010dlovek \u010din\u00ed mnoh\u00e9 znamenia. Ak ho nech\u00e1me tak, v\u0161etci uveria v Neho, pr\u00eddu Rimania a zaujm\u00fa n\u00e1m aj krajinu, aj n\u00e1rod.(J 11,47-48) <\/i>Ve\u013ek\u0148az Kaif\u00e1\u0161 vtedy povedal nahlas to, \u010do in\u00ed nedok\u00e1zali: <i><em>\u201e<\/em>Lep\u0161ie bude pre v\u00e1s, ke\u010f jeden \u010dlovek umrie za \u013eud a nezahynie cel\u00fd n\u00e1rod\u201d<\/i>. (v.50)<\/span><\/p>\n\n\n\n<p><span style=\"letter-spacing: 0.0px\">\u00a0\u00a0 \u00a0 My\u0161lienka obete, ktor\u00e1 by zmiernila, \u010di dokonca odvr\u00e1tila hnev R\u00edma za neposlu\u0161nos\u0165 a za nedostato\u010dn\u00fa vernos\u0165 bola v\u0161etk\u00fdm bl\u00edzka. Obete sa v\u017edy prin\u00e1\u0161ali vo viere, \u017ee sa nimi dosiahne zmiernenie trestu. Obete mali odvraca\u0165 hnev Bo\u017e\u00ed. Tak verili \u017didia i pohania. Obe\u0165ami a darmi sa vyjadrovala vernos\u0165 a lojalita mocn\u00fdm&#8230; Evanjelista J\u00e1n sved\u010d\u00ed, \u017ee \u017didia <em>\u201e<\/em><i>od toho d\u0148a boli rozhodnut\u00ed, \u017ee Ho zabij\u00fa\u201d.( J11,53)<\/i><\/span><\/p>\n\n\n\n<p><span style=\"letter-spacing: 0.0px\">&nbsp; &nbsp; &nbsp; &nbsp;<\/span><\/p>\n\n\n\n<p><span style=\"letter-spacing: 0.0px\">&nbsp;&nbsp; &nbsp; Ke\u010f\u017ee rozhodnutie o odmietnut\u00ed Je\u017ei\u0161a a Jeho posolstva&nbsp; padlo u\u017e vopred, sk\u00f4r ako sa konal Je\u017ei\u0161ov proces, m\u00e1 spomienka na t\u00fato udalos\u0165 ozvenu v pomenovan\u00ed dne\u0161nej nedele: <b>Nede\u013ea s\u00fadu &#8211; lat. Iudica (\u017d 43)<\/b>. Na\u0161e slovensk\u00e9&nbsp; pomenovanie znie: <b><i>Smrtn\u00e1 nede\u013ea, preto\u017ee&nbsp; \u017eidovsk\u00e1 rada rozhodla o Je\u017ei\u0161ovej smrti <\/i>.<\/b><\/span><\/p>\n\n\n\n<p><span style=\"letter-spacing: 0.0px\">&nbsp;&nbsp; &nbsp;<\/span><\/p>\n\n\n\n<p><span style=\"letter-spacing: 0.0px\">\u00a0 \u00a0 Vn\u00fatorne v\u0161ak dne\u0161n\u00e1 nede\u013ea prin\u00e1\u0161a ka\u017ed\u00e9mu \u010dloveku i tomuto svetu ot\u00e1zku: \u010co ty urob\u00ed\u0161 s Je\u017ei\u0161om? \u010co urob\u00ed\u0161 s t\u00fdm n\u00e1rokom, ktor\u00fd priniesol od Otca nebesk\u00e9ho? S posolstvom, \u017ee potrebujeme vyk\u00fapenie, lebo sme v moci\u00a0 hriechu, sveta i zlej duchovnej sily?\u00a0 Ide o v\u0161eobecn\u00e9 a univerz\u00e1lne posolstvo, ktor\u00e9 nesk\u00f4r ap.Pavol vyjadril takto: <em>\u201e<\/em><i>V\u0161etci toti\u017e zhre\u0161ili a nemaj\u00fa sl\u00e1vy Bo\u017eej\u201d .( R 3,23) <\/i>Preto potrebuje ka\u017ed\u00fd \u010dlovek vyslobodenie z moci hriechu i smrti. \u00a0<\/span><\/p>\n\n\n\n<p><span style=\"letter-spacing: 0.0px\">\u00a0\u00a0 \u00a0 Darmo si niekto nahov\u00e1ra, \u017ea sa m\u00f4\u017ee obh\u00e1ji\u0165 a ospravedlni\u0165 s\u00e1m, lebo: <em>\u201e<\/em><i>nikto mi ni\u010d nem\u00f4\u017ee dok\u00e1za\u0165\u201d.<\/i>\u00a0In\u00ed povedia: <em>\u201e<\/em>\u017dijem slu\u0161n\u00fd \u017eivot ako riadny a pracuj\u00faci ob\u010dan\u201d.\u00a0Mor\u00e1lne po\u017eiadavky z\u00e1kona Bo\u017eieho v\u0161ak usved\u010duj\u00fa ka\u017ed\u00e9ho z otroctva hriechu.<\/span><\/p>\n\n\n\n<p><span style=\"letter-spacing: 0.0px\">\u00a0\u00a0 \u00a0 Preto sa d\u00e1 rozumie\u0165 tomu r\u00fdchlemu s\u00fadu, s ktor\u00fdm\u00a0pri\u0161lo Synedrium, \u017didovsk\u00e1 rada\u00a0a ktor\u00fd aj dnes mnoh\u00ed urobia ve\u013emi r\u00fdchlo. Ke\u010f ide o Je\u017ei\u0161a, \u017eiadne dlh\u00e9 s\u00fadne prie\u0165ahy sa nekonaj\u00fa&#8230;Mnoh\u00ed \u013eudia ich robia a\u017e pr\u00edli\u0161 r\u00fdchlo a \u013eahkov\u00e1\u017ene, \u010do m\u00e1 v\u00e1\u017ene d\u00f4sledky, pre \u010dasnos\u0165 i ve\u010dnos\u0165. Preto k nim nepatrime.<\/span><\/p>\n\n\n\n<p><span style=\"letter-spacing: 0.0px\">&nbsp;&nbsp; &nbsp;<\/span><\/p>\n\n\n\n<p><span style=\"letter-spacing: 0.0px\">\u00a0\u00a0 \u00a0 Ve\u013erade \u017didov sa uk\u00e1zala mo\u017enos\u0165 Je\u017ei\u0161ovou smr\u0165ou dokonca nie\u010do z\u00edska\u0165. Kaif\u00e1\u0161 si myslel, \u017ee obetovan\u00edm Je\u017ei\u0161a ako buri\u010da a falo\u0161n\u00e9ho vodcu z\u00edskaj\u00fa d\u00f4veru a \u00fastupky Rimanov. Pre\u010do Ho teda neobetova\u0165 ? Tak sa uk\u00e1zala \u017didom mo\u017enos\u0165 <em>\u201e<\/em>jednou ranou zabi\u0165 dve muchy\u201d.<\/span><\/p>\n\n\n\n<p><span style=\"letter-spacing: 0.0px\">&nbsp;&nbsp; &nbsp; V skuto\u010dnosti povedal ve\u013ek\u0148az pravdu, hoci nevedomky, \u017ee bude najlep\u0161ie, ak sa Je\u017ei\u0161 stane skuto\u010dnou obe\u0165ou za hriechy&nbsp; \u013eud\u00ed. Nielen za hriechy n\u00e1roda Izraelsk\u00e9ho.&nbsp;<\/span><\/p>\n\n\n\n<p><span style=\"letter-spacing: 0.0px\">&nbsp;&nbsp; &nbsp; Je obe\u0165ou za v\u0161etk\u00fdch \u013eud\u00ed, i za n\u00e1s a to pod\u013ea Bo\u017eej v\u00f4le. Obe\u0165ou, ktor\u00fa Boh naozaj chcel a ktor\u00fa aj prijal.<\/span><\/p>\n\n\n\n<p><span style=\"letter-spacing: 0.0px\">&nbsp; &nbsp;<\/span><\/p>\n\n\n\n<p><span style=\"letter-spacing: 0.0px\">&nbsp;&nbsp; Mil\u00ed bratia a sestry v P\u00e1novi JK!&nbsp; &nbsp; &nbsp; &nbsp;<\/span><\/p>\n\n\n\n<p><span style=\"letter-spacing: 0.0px\">\u00a0\u00a0 My sme najsk\u00f4r v pa\u0161iach a potom aj ako k\u00e1z\u0148ov\u00fd text vypo\u010duli <b>slovo zo SZ, ktor\u00e9 je vlastne predobrazom tejto skuto\u010dnosti a pravdy.<\/b> Izrael pova\u017eoval Abrah\u00e1ma za otca viery a hrdo sa k nemu hl\u00e1sil. Aj k jeho poslu\u0161nosti vo\u010di P\u00e1nu Bohu, v ktorej i\u0161iel a\u017e do nepochopite\u013enej krajnosti. K obeti vlastn\u00e9ho syna Iz\u00e1ka.<\/span><\/p>\n\n\n\n<p><span style=\"letter-spacing: 0.0px\">\u00a0 \u00a0 \u00a0 Hospodin nikdy ne\u017eiadal obete \u013eud\u00ed. \u00dastami prorokov dokonca dal jasne na vedomie, \u017ee nechce ani \u017eiadne in\u00e9 obete, ak Jeho \u013eud ne\u017eije, alebo nechce \u017ei\u0165 pod\u013ea Jeho v\u00f4le.\u00a0<\/span><\/p>\n\n\n\n<p><span style=\"letter-spacing: 0.0px\">&nbsp; &nbsp; &nbsp;<\/span><\/p>\n\n\n\n<p><span style=\"letter-spacing: 0.0px\">&nbsp; &nbsp; <b>Cesta na vrch M\u00f3rija<\/b>, ke\u010f Abrah\u00e1m posl\u00fachol P\u00e1na Boha a nalo\u017eil na syna drevo a s\u00e1m niesol v ruke me\u010d a ohe\u0148 sa dala pochopi\u0165 z poh\u013eadu viery Izraela len ako <b>sk\u00fa\u0161ka viery<\/b>. P\u00e1n Boh krv \u010dloveka ako obe\u0165 nikdy nechcel a ne\u017eiadal.&nbsp;<\/span><\/p>\n\n\n\n<p><span style=\"letter-spacing: 0.0px\">&nbsp;&nbsp; &nbsp; Preto zmysel celej udalosti mo\u017eno naplno pochopi\u0165 a uvidie\u0165 iba vo svetle udalosti na Golgote.<\/span><\/p>\n\n\n\n<p><span style=\"letter-spacing: 0.0px\">\u00a0\u00a0 \u00a0 Oba vrchy s\u00fa nad Jeruzalemom. Oba ukazuj\u00fa na poslu\u0161nos\u0165. T\u00e1 prv\u00e1 na poslu\u0161nos\u0165 \u010dloveka Abrah\u00e1ma, t\u00e1 druh\u00e1 na poslu\u0161nos\u0165 Boho\u010dloveka Je\u017ei\u0161a Krista. T\u00fa prv\u00fa\u00a0Otec re\u00e1lne nechcel. <b>\u0147ou v\u0161ak uk\u00e1zal na nutnos\u0165 druhej, toti\u017e skuto\u010dnej a pravej obete, ktor\u00fa chcel\u00a0a ktor\u00fa aj prijal. <\/b>To je obe\u0165 \u010dist\u00e1 a nepo\u0161kvrnen\u00e1, raz a nav\u017edy platn\u00e1 za hriech sveta.\u00a0<\/span><\/p>\n\n\n\n<p><span style=\"letter-spacing: 0.0px\">\u00a0\u00a0 \u00a0 \u00a0 Na ot\u00e1zku Iz\u00e1ka: <em>\u201e<\/em><i>Kde vezmeme bar\u00e1nka na obe\u0165<\/i>?\u201d, odpoved\u00e1 Abrah\u00e1m prorock\u00fdmi slovami. <em>\u201e<\/em><i>Boh si vyhliadne bar\u00e1nka na obe\u0165, syn m\u00f4j\u201d<\/i>.\u00a0 Na vrchu Morija preto netiekla krv Iz\u00e1ka, ale krv obetn\u00e9ho zviera\u0165a.\u00a0<\/span><\/p>\n\n\n\n<p><span style=\"letter-spacing: 0.0px\">\u00a0\u00a0 \u00a0 \u00a0 Mil\u00ed bratia a sestry v P\u00e1novi, napriek tomu, \u010do sa stalo na vrch M\u00f3ria, keby \u013eudstvo podrezalo hoci v\u0161etky barance a kozliaka, ich krv nemohla a nem\u00f4\u017ee zmieri\u0165 Bo\u017e\u00ed hnev. Proroci nev\u00e1hali poveda\u0165\u00a0na adresu kultickej praxe Izrala: Va\u0161e obete sa mi protivia&#8230;<\/span><\/p>\n\n\n\n<p><span style=\"letter-spacing: 0.0px\">\u00a0\u00a0 \u00a0 \u00a0<b>Boh s\u00e1m v\u0161ak pripravil obe\u0165, skrze ktor\u00fa sa mu za\u013e\u00fabilo spasi\u0165 svet. Je to obe\u0165 Je\u017ei\u0161a Krista<\/b>, Jeho Syna. Tak Boh miloval svet&#8230; Viedol Ho cestou poslu\u0161nosti, skrze Ducha Sv\u00e4t\u00e9ho a prijal Ho potom ako dostato\u010dn\u00fa a bezvadn\u00fa obe\u0165, ktor\u00e1 o\u010dis\u0165uje ka\u017ed\u00e9ho hrie\u0161nika. D\u00e1va milos\u0165, pokoj a sp\u00e1su od Boha pre \u010dasno\u0165 i ve\u010dnos\u0165. To uvidel a spoznal aj\u00a0 J\u00e1n Krstite\u013e, ke\u010f povedal: <em>\u201e<\/em><i>Ajh\u013ea, bar\u00e1nok Bo\u017e\u00ed, ktor\u00fd sn\u00edma hriech sveta\u201d.(J 1,20)<\/i><\/span><\/p>\n\n\n\n<p><span style=\"letter-spacing: 0.0px\">&nbsp; &nbsp; &nbsp; &nbsp;<\/span><\/p>\n\n\n\n<p><span style=\"letter-spacing: 0.0px\">\u00a0 \u00a0 \u00a0 Ot\u00e1zka dne\u0161nej nedele v\u0161ak zost\u00e1va upriamen\u00e1 na n\u00e1s. Popri zjavenej Bo\u017eej milosti a Je\u017ei\u0161ovej l\u00e1ske k n\u00e1m, ot\u00e1zka znie:\u201d \u010co robi\u0165\u201d? \u010co m\u00e1me urobi\u0165 s Je\u017ei\u0161om, s Jeho obe\u0165ou, s Jeho darom a ponukou \u017eivota ve\u010dn\u00e9ho my? Pr\u00edjmeme ju ako z\u00e1stupn\u00fa obe\u0165 za n\u00e1s, alebo sa k nej postav\u00edme nev\u0161\u00edmavo a nez\u00fa\u010dastnene? Nede\u013ea s\u00fadu m\u00e1 v sebe z\u00e1sadn\u00fa ot\u00e1zku: Ako rozhodneme a rozs\u00fadime o Je\u017ei\u0161ovom skutku a diele my?\u00a0<\/span><\/p>\n\n\n\n<p><span style=\"letter-spacing: 0.0px\">\u00a0 \u00a0 Juraj Tranovsk\u00fd n\u00e1m pon\u00faka svetlo a pravdu (\u017d 43,3) o Je\u017ei\u0161ovej obeti nasledovne: (ES 89, 3,5)<\/span><\/p>\n\n\n\n<p><span style=\"letter-spacing: 0.0px\">&nbsp;&nbsp; &nbsp; &nbsp; &nbsp; &nbsp; \u201c<i> My sme t\u00ed hrie\u0161nici, ve\u013ek\u00ed dl\u017en\u00edci,\/<\/i><\/span><\/p>\n\n\n\n<p><span style=\"letter-spacing: 0.0px\"><i>&nbsp;&nbsp; &nbsp; &nbsp; &nbsp; &nbsp; &nbsp; Ty si v\u0161ak, Pane n\u00e1\u0161 ,\/ zaplatil za n\u00e1s<\/i><\/span><\/p>\n\n\n\n<p><span style=\"letter-spacing: 0.0px\"><i>&nbsp; &nbsp; &nbsp; &nbsp; &nbsp; &nbsp; &nbsp; nie striebrom, nie zlatom, ale krvou sv\u00e4tou,<\/i><\/span><\/p>\n\n\n\n<p><span style=\"letter-spacing: 0.0px\"><i>&nbsp; &nbsp; &nbsp; &nbsp; &nbsp; &nbsp; &nbsp; \u010do n\u00e1s o\u010distila, hriechov zbavila.\/\/<\/i><\/span><\/p>\n\n\n\n<p><span style=\"letter-spacing: 0.0px\"><i>&nbsp; &nbsp; &nbsp; &nbsp; &nbsp; &nbsp;<\/i><\/span><\/p>\n\n\n\n<p><span style=\"letter-spacing: 0.0px\"><i>&nbsp;&nbsp; &nbsp; &nbsp; &nbsp; &nbsp; &nbsp; Tvoja vern\u00e1 l\u00e1ska to sp\u00f4sobila,&nbsp;<\/i><\/span><\/p>\n\n\n\n<p><span style=\"letter-spacing: 0.0px\"><i>&nbsp;&nbsp; &nbsp; &nbsp; &nbsp; &nbsp; &nbsp; \u017ee n\u00e1s z kliatby hriechu vyslobodila!\/<\/i><\/span><\/p>\n\n\n\n<p><span style=\"letter-spacing: 0.0px\"><i>&nbsp;&nbsp; &nbsp; &nbsp; &nbsp; &nbsp; &nbsp; K tomu n\u00e1m pom\u00e1haj, \/ Ducha sv\u00e4t\u00e9ho daj,<\/i><\/span><\/p>\n\n\n\n<p><span style=\"letter-spacing: 0.0px\"><i>&nbsp; &nbsp; &nbsp; &nbsp; &nbsp; &nbsp; &nbsp; aby sme \u0164a ctili, \/ vr\u00facne chv\u00e1lili. Amen&nbsp;<\/i><\/span><\/p>\n\n\n\n<p>&nbsp;<\/p>\n\n\n\n<p><span style=\"font: 18.0px Helvetica; letter-spacing: 0.0px\">\u00a0\u00a0 \u00a0 \u00a0 \u00a0 \u00a0 \u00a0<\/span><span style=\"letter-spacing: 0.0px\">\u00a0 K\u00e1ze\u0148: Smrtn\u00e1 nede\u013ea\u00a0 2011 &#8211;\u00a0Rovensko , Soboti\u0161te\u00a0 &#8211;\u00a0 \u00a0\u013d.Batka st \u00a0<\/span><\/p>\n\n\n\n<p><span style=\"letter-spacing: 0.0px\">&nbsp;&nbsp; &nbsp; &nbsp; &nbsp; &nbsp; &nbsp; &nbsp; &nbsp;<\/span><\/p>\n\n\n\n<p><\/p>\n","protected":false},"excerpt":{"rendered":"<p>&nbsp;&nbsp; Cesta na vrch M\u00f3rija &nbsp;&nbsp; 1 M 22,1-14: &nbsp; &nbsp; &nbsp; &nbsp; &nbsp; &nbsp; &nbsp; &nbsp;&nbsp; &nbsp; &nbsp; &nbsp; &nbsp; &nbsp; &nbsp; &nbsp; &nbsp; &nbsp; &nbsp; &nbsp; &nbsp; &nbsp; &nbsp; &nbsp; &nbsp; &nbsp; &nbsp;&nbsp;Bratia a sestry&nbsp; v Kristu P\u00e1nu! &nbsp; &nbsp; &nbsp; \u00a0\u00a0 \u00a0 Smrtn\u00e1 nede\u013ea n\u00e1s chce ve\u013emi naliehavo oslovi\u0165 ot\u00e1zkou: \u010co urobi\u0165 &#8230; <a title=\"Cesta na vrch M\u00f3ria\" class=\"read-more\" href=\"https:\/\/www.e-anjelik.sk\/index.php\/2011\/04\/10\/cesta-na-vrch-moria\/\" aria-label=\"Pre\u010d\u00edtajte si viac o Cesta na vrch M\u00f3ria\">\u010c\u00edta\u0165 viac<\/a><\/p>\n","protected":false},"author":4,"featured_media":0,"comment_status":"open","ping_status":"open","sticky":false,"template":"","format":"standard","meta":{"footnotes":""},"categories":[121,53,95],"tags":[192],"class_list":["post-3491","post","type-post","status-publish","format-standard","hentry","category-kazne","category-post","category-sobotiste","tag-kazen"],"_links":{"self":[{"href":"https:\/\/www.e-anjelik.sk\/index.php\/wp-json\/wp\/v2\/posts\/3491","targetHints":{"allow":["GET"]}}],"collection":[{"href":"https:\/\/www.e-anjelik.sk\/index.php\/wp-json\/wp\/v2\/posts"}],"about":[{"href":"https:\/\/www.e-anjelik.sk\/index.php\/wp-json\/wp\/v2\/types\/post"}],"author":[{"embeddable":true,"href":"https:\/\/www.e-anjelik.sk\/index.php\/wp-json\/wp\/v2\/users\/4"}],"replies":[{"embeddable":true,"href":"https:\/\/www.e-anjelik.sk\/index.php\/wp-json\/wp\/v2\/comments?post=3491"}],"version-history":[{"count":4,"href":"https:\/\/www.e-anjelik.sk\/index.php\/wp-json\/wp\/v2\/posts\/3491\/revisions"}],"predecessor-version":[{"id":39030,"href":"https:\/\/www.e-anjelik.sk\/index.php\/wp-json\/wp\/v2\/posts\/3491\/revisions\/39030"}],"wp:attachment":[{"href":"https:\/\/www.e-anjelik.sk\/index.php\/wp-json\/wp\/v2\/media?parent=3491"}],"wp:term":[{"taxonomy":"category","embeddable":true,"href":"https:\/\/www.e-anjelik.sk\/index.php\/wp-json\/wp\/v2\/categories?post=3491"},{"taxonomy":"post_tag","embeddable":true,"href":"https:\/\/www.e-anjelik.sk\/index.php\/wp-json\/wp\/v2\/tags?post=3491"}],"curies":[{"name":"wp","href":"https:\/\/api.w.org\/{rel}","templated":true}]}}