{"id":3492,"date":"2011-04-11T09:42:43","date_gmt":"2011-04-11T09:42:43","guid":{"rendered":"http:\/\/e-anjelik.sk\/?p=3492"},"modified":"2011-04-11T09:42:43","modified_gmt":"2011-04-11T09:42:43","slug":"novy-biskup-zapadneho-distriktu-evanjelickej-cirkvi-v-madarsku","status":"publish","type":"post","link":"https:\/\/www.e-anjelik.sk\/index.php\/2011\/04\/11\/novy-biskup-zapadneho-distriktu-evanjelickej-cirkvi-v-madarsku\/","title":{"rendered":"Nov\u00fd biskup Z\u00e1padn\u00e9ho di\u0161triktu Evanjelickej cirkvi v Ma\u010farsku"},"content":{"rendered":"<p>8. apr&iacute;la t.r. sa v Gy&ouml;ri zi&scaron;la volebn&aacute; komisia pre vo\u013ebu biskupa ZD Evanjelickej cirkvi v Ma\u010farsku a po s\u010d&iacute;tan&iacute; a overen&iacute; z&aacute;pisn&iacute;c o vo\u013eb&aacute;ch v di&scaron;trikte zistila, \u017ee vo\u013eby s&uacute; platn&eacute; a &uacute;spe&scaron;n&eacute;. Na tomto z&aacute;klade vyhl&aacute;sila meno nov&eacute;ho biskupa. Je n&iacute;m <strong>Szemerei J&aacute;nos<\/strong>. Po\u010det v&scaron;etk&yacute;ch volebn&yacute;ch hlasov bol 121. V&scaron;etci&nbsp;hlas odvzdali. 5 hlasov bolo neplatn&yacute;ch. Zostalo teda 116 platn&yacute;ch hlasov, ktor&eacute;&nbsp;pripadli takto: Bencze Andr&aacute;s z&iacute;skal 46 hlasov&nbsp;a <strong>Szemerei J&aacute;nos 70 hlasov<\/strong>.<\/p>\n<p>Narodil sa v meste Lajoskom&aacute;rome&nbsp;v roku 1963 ako siedme die\u0165a z desiatich det&iacute; v rodine agron&oacute;ma- &nbsp;z&aacute;hradn&iacute;ka. Obaja rodi\u010dia sl&uacute;\u017eili v cirkevnom zbore ako kantori. Teol&oacute;giu ukon\u010dil v r. 1987. V tom istom roku uzavrel man\u017eelstvo s Enik&ouml; Szigethy. Maj&uacute; tri deti: dvoch synov a dc&eacute;ru. Rodina je zap&aacute;len&aacute; pre cestovanie. Spolu precestovali cel&uacute; Eur&oacute;pu, USA, Bl&iacute;zky V&yacute;chod a Severn&uacute; Afriku. Profesion&aacute;lnu slu\u017ebu za\u010dal po ordin&aacute;cii v dvojzbore Tord&aacute;s &#8211; Gy&uacute;ro ako kapl&aacute;n, nesk&ocirc;r ako zborov&yacute; far&aacute;r. Tu p&ocirc;sobil do roku 2004. V tomto roku si ho zbor v Kaposv&aacute;re zvolil za zborov&eacute;ho far&aacute;ra. Nesk&ocirc;r sa stal seniorom.Popri tejto \u010dinnosti sl&uacute;\u017eil aj ako duchovn&yacute; pre v&auml;z\u0148ov, vojakov a deti v &scaron;t&aacute;tnom &uacute;stave. Jeho srdcovou z&aacute;le\u017eitos\u0165ou bola pr&aacute;ca s ev. ml&aacute;de\u017eou. Bol ved&uacute;cim ml&aacute;de\u017ee v senior&aacute;te a \u010dlenom celo&scaron;t&aacute;tneho v&yacute;boru pre ml&aacute;de\u017e. R. 2000 ho zvolili za di&scaron;triktu&aacute;lneho misijn&eacute;ho k\u0148aza. Zalo\u017eil a roky viedol celo&scaron;t&aacute;tne t&aacute;bory ev. rod&iacute;n. Je akt&iacute;vny v pr&aacute;ci s m&eacute;diami, v predn&aacute;&scaron;an&iacute; a v p&iacute;san&iacute; \u010dl&aacute;nkov a kn&iacute;h. Po\u010das prv&eacute;ho roku v \u010dinnosti biskupa chce nav&scaron;t&iacute;vi\u0165 v&scaron;etk&yacute;ch duchovn&yacute;ch v di&scaron;trikte, pozna\u0165 ich situ&aacute;ciu, radosti i starosti. In&scaron;tal&aacute;cia nov&eacute;ho biskupa bude 25. j&uacute;na t.r. v Gy&ouml;ri.<\/p>\n<p>(<a href=\"http:\/\/www.evangelikus.hu\">www.evangelikus.hu<\/a>); (<a href=\"http:\/\/www.szemereijanos.hu\">www.szemereijanos.hu<\/a>)<\/p>\n","protected":false},"excerpt":{"rendered":"<p>8. apr&iacute;la t.r. sa v Gy&ouml;ri zi&scaron;la volebn&aacute; komisia pre vo\u013ebu biskupa ZD Evanjelickej cirkvi v Ma\u010farsku a po s\u010d&iacute;tan&iacute; a overen&iacute; z&aacute;pisn&iacute;c o vo\u013eb&aacute;ch v di&scaron;trikte zistila, \u017ee vo\u013eby s&uacute; platn&eacute; a &uacute;spe&scaron;n&eacute;. Na tomto z&aacute;klade vyhl&aacute;sila meno nov&eacute;ho biskupa. Je n&iacute;m Szemerei J&aacute;nos. Po\u010det v&scaron;etk&yacute;ch volebn&yacute;ch hlasov bol 121. V&scaron;etci&nbsp;hlas odvzdali. 5 hlasov &#8230; <a title=\"Nov\u00fd biskup Z\u00e1padn\u00e9ho di\u0161triktu Evanjelickej cirkvi v Ma\u010farsku\" class=\"read-more\" href=\"https:\/\/www.e-anjelik.sk\/index.php\/2011\/04\/11\/novy-biskup-zapadneho-distriktu-evanjelickej-cirkvi-v-madarsku\/\" aria-label=\"Pre\u010d\u00edtajte si viac o Nov\u00fd biskup Z\u00e1padn\u00e9ho di\u0161triktu Evanjelickej cirkvi v Ma\u010farsku\">\u010c\u00edta\u0165 viac<\/a><\/p>\n","protected":false},"author":22,"featured_media":0,"comment_status":"open","ping_status":"open","sticky":false,"template":"","format":"standard","meta":{"footnotes":""},"categories":[9,10],"tags":[],"class_list":["post-3492","post","type-post","status-publish","format-standard","hentry","category-europa","category-zo-sveta"],"_links":{"self":[{"href":"https:\/\/www.e-anjelik.sk\/index.php\/wp-json\/wp\/v2\/posts\/3492","targetHints":{"allow":["GET"]}}],"collection":[{"href":"https:\/\/www.e-anjelik.sk\/index.php\/wp-json\/wp\/v2\/posts"}],"about":[{"href":"https:\/\/www.e-anjelik.sk\/index.php\/wp-json\/wp\/v2\/types\/post"}],"author":[{"embeddable":true,"href":"https:\/\/www.e-anjelik.sk\/index.php\/wp-json\/wp\/v2\/users\/22"}],"replies":[{"embeddable":true,"href":"https:\/\/www.e-anjelik.sk\/index.php\/wp-json\/wp\/v2\/comments?post=3492"}],"version-history":[{"count":0,"href":"https:\/\/www.e-anjelik.sk\/index.php\/wp-json\/wp\/v2\/posts\/3492\/revisions"}],"wp:attachment":[{"href":"https:\/\/www.e-anjelik.sk\/index.php\/wp-json\/wp\/v2\/media?parent=3492"}],"wp:term":[{"taxonomy":"category","embeddable":true,"href":"https:\/\/www.e-anjelik.sk\/index.php\/wp-json\/wp\/v2\/categories?post=3492"},{"taxonomy":"post_tag","embeddable":true,"href":"https:\/\/www.e-anjelik.sk\/index.php\/wp-json\/wp\/v2\/tags?post=3492"}],"curies":[{"name":"wp","href":"https:\/\/api.w.org\/{rel}","templated":true}]}}