{"id":3494,"date":"2011-04-12T09:20:48","date_gmt":"2011-04-12T09:20:48","guid":{"rendered":"http:\/\/e-anjelik.sk\/?p=3494"},"modified":"2011-04-12T09:20:48","modified_gmt":"2011-04-12T09:20:48","slug":"predseda-rady-ekd-nijaky-ustup-z-vychodu-nemecka","status":"publish","type":"post","link":"https:\/\/www.e-anjelik.sk\/index.php\/2011\/04\/12\/predseda-rady-ekd-nijaky-ustup-z-vychodu-nemecka\/","title":{"rendered":"Predseda Rady EKD: Nijak\u00fd \u00fastup z v\u00fdchodu Nemecka"},"content":{"rendered":"<p>Predseda Rady EKD prezes Nikolaus Schneider povedal v interview pre berl&iacute;nsky denn&iacute;k Neues Deutschland o i. aj toto:&quot; Cirkev neustupuje z v&yacute;chodn&eacute;ho Nemecka. Ob\u010dania maj&uacute; ve\u013ek&yacute; z&aacute;ujem o kult&uacute;ru, vzdel&aacute;vacie a soci&aacute;lne zariadenia cirkvi. Je pravda, \u017ee z&aacute;ujem mlad&scaron;ej gener&aacute;cie o kres\u0165ansk&uacute; vieru a cirkev je slab&yacute;. K&yacute;m v z&aacute;padn&yacute;ch spolkov&yacute;ch krajin&aacute;ch je po\u010det \u010dlenov cirkv&iacute; 72%, na &uacute;zem&iacute; b&yacute;valej NDR len 25%. Mus&iacute; prejs\u0165 asi on&yacute;ch \u010fal&scaron;&iacute;ch &scaron;tyridsa\u0165 biblick&yacute;ch rokov a vymeni\u0165 sa jedn&aacute; gener&aacute;cia, aby sa situ&aacute;cia zmenila. Kres\u0165ania boli v NDR dlhodobo diskriminovan&iacute;. Tento n&aacute;sledok vl&aacute;dnutia SED s\u0165a\u017euje aj dnes spolupr&aacute;cu cirkvi s \u013eavicovou stranou. Ch&yacute;ba mi jasn&eacute; vyjadrenie tejto strany k 40 ro\u010dn&eacute;mu prenasaledovaniu kres\u0165anov.&quot;&nbsp;<\/p>\n<p>(<a href=\"http:\/\/www.idea.de\">www.idea.de<\/a>)<\/p>\n","protected":false},"excerpt":{"rendered":"<p>Predseda Rady EKD prezes Nikolaus Schneider povedal v interview pre berl&iacute;nsky denn&iacute;k Neues Deutschland o i. aj toto:&quot; Cirkev neustupuje z v&yacute;chodn&eacute;ho Nemecka. Ob\u010dania maj&uacute; ve\u013ek&yacute; z&aacute;ujem o kult&uacute;ru, vzdel&aacute;vacie a soci&aacute;lne zariadenia cirkvi. Je pravda, \u017ee z&aacute;ujem mlad&scaron;ej gener&aacute;cie o kres\u0165ansk&uacute; vieru a cirkev je slab&yacute;. K&yacute;m v z&aacute;padn&yacute;ch spolkov&yacute;ch krajin&aacute;ch je po\u010det \u010dlenov &#8230; <a title=\"Predseda Rady EKD: Nijak\u00fd \u00fastup z v\u00fdchodu Nemecka\" class=\"read-more\" href=\"https:\/\/www.e-anjelik.sk\/index.php\/2011\/04\/12\/predseda-rady-ekd-nijaky-ustup-z-vychodu-nemecka\/\" aria-label=\"Pre\u010d\u00edtajte si viac o Predseda Rady EKD: Nijak\u00fd \u00fastup z v\u00fdchodu Nemecka\">\u010c\u00edta\u0165 viac<\/a><\/p>\n","protected":false},"author":22,"featured_media":0,"comment_status":"open","ping_status":"open","sticky":false,"template":"","format":"standard","meta":{"footnotes":""},"categories":[9,10],"tags":[],"class_list":["post-3494","post","type-post","status-publish","format-standard","hentry","category-europa","category-zo-sveta"],"_links":{"self":[{"href":"https:\/\/www.e-anjelik.sk\/index.php\/wp-json\/wp\/v2\/posts\/3494","targetHints":{"allow":["GET"]}}],"collection":[{"href":"https:\/\/www.e-anjelik.sk\/index.php\/wp-json\/wp\/v2\/posts"}],"about":[{"href":"https:\/\/www.e-anjelik.sk\/index.php\/wp-json\/wp\/v2\/types\/post"}],"author":[{"embeddable":true,"href":"https:\/\/www.e-anjelik.sk\/index.php\/wp-json\/wp\/v2\/users\/22"}],"replies":[{"embeddable":true,"href":"https:\/\/www.e-anjelik.sk\/index.php\/wp-json\/wp\/v2\/comments?post=3494"}],"version-history":[{"count":0,"href":"https:\/\/www.e-anjelik.sk\/index.php\/wp-json\/wp\/v2\/posts\/3494\/revisions"}],"wp:attachment":[{"href":"https:\/\/www.e-anjelik.sk\/index.php\/wp-json\/wp\/v2\/media?parent=3494"}],"wp:term":[{"taxonomy":"category","embeddable":true,"href":"https:\/\/www.e-anjelik.sk\/index.php\/wp-json\/wp\/v2\/categories?post=3494"},{"taxonomy":"post_tag","embeddable":true,"href":"https:\/\/www.e-anjelik.sk\/index.php\/wp-json\/wp\/v2\/tags?post=3494"}],"curies":[{"name":"wp","href":"https:\/\/api.w.org\/{rel}","templated":true}]}}