{"id":3495,"date":"2011-04-12T09:56:56","date_gmt":"2011-04-12T09:56:56","guid":{"rendered":"http:\/\/e-anjelik.sk\/?p=3495"},"modified":"2011-04-12T09:56:56","modified_gmt":"2011-04-12T09:56:56","slug":"konferencia-veducich-lut-cirkvi-afriky-alclc","status":"publish","type":"post","link":"https:\/\/www.e-anjelik.sk\/index.php\/2011\/04\/12\/konferencia-veducich-lut-cirkvi-afriky-alclc\/","title":{"rendered":"Konferencia ved\u00facich lut. cirkv\u00ed Afriky (ALCLC)"},"content":{"rendered":"<p>Od 4. do 8. apr&iacute;la t.r. sa v Johannesburgu, Ju\u017en&aacute; Afrika konala Konferencia ved&uacute;cich lut. cirkv&iacute; Afriky (ALCLC). Z&uacute;\u010dastnilo sa jej do 60 os&ocirc;b.Hostite\u013eom bolo luter&aacute;nske spolo\u010denstvo v Ju\u017enej Afrike. Bolo to prv&eacute; region&aacute;lne stretnutie po 11. Valnom zhroma\u017eden&iacute; SLZ. Gener&aacute;lny tajomn&iacute;k Martin Junge na konzult&aacute;cii zd&ocirc;raznil zakotvenos\u0165 SLZ v rodine svetov&eacute;ho \u013eudstva. Po\u010fakoval africk&yacute;m cirkv&aacute;m za ich doteraj&scaron;iu pr&aacute;cu v oblasti boja proti HIV a AIDS, v presadzovan&iacute; mor&aacute;lnych z&aacute;sad a v pomoci biednym a ute\u010dencom. Povzbudzoval cirkvi pokra\u010dova\u0165 v &scaron;&iacute;ren&iacute; hodn&ocirc;t a n&aacute;deje. Treba, aby cirkev bola sl&uacute;\u017eiacou rukou a prorock&yacute;m hlasom.<\/p>\n<p>(<a href=\"http:\/\/www.lutheranworld.org\">www.lutheranworld.org<\/a>)<\/p>\n","protected":false},"excerpt":{"rendered":"<p>Od 4. do 8. apr&iacute;la t.r. sa v Johannesburgu, Ju\u017en&aacute; Afrika konala Konferencia ved&uacute;cich lut. cirkv&iacute; Afriky (ALCLC). Z&uacute;\u010dastnilo sa jej do 60 os&ocirc;b.Hostite\u013eom bolo luter&aacute;nske spolo\u010denstvo v Ju\u017enej Afrike. Bolo to prv&eacute; region&aacute;lne stretnutie po 11. Valnom zhroma\u017eden&iacute; SLZ. Gener&aacute;lny tajomn&iacute;k Martin Junge na konzult&aacute;cii zd&ocirc;raznil zakotvenos\u0165 SLZ v rodine svetov&eacute;ho \u013eudstva. Po\u010fakoval africk&yacute;m &#8230; <a title=\"Konferencia ved\u00facich lut. cirkv\u00ed Afriky (ALCLC)\" class=\"read-more\" href=\"https:\/\/www.e-anjelik.sk\/index.php\/2011\/04\/12\/konferencia-veducich-lut-cirkvi-afriky-alclc\/\" aria-label=\"Pre\u010d\u00edtajte si viac o Konferencia ved\u00facich lut. cirkv\u00ed Afriky (ALCLC)\">\u010c\u00edta\u0165 viac<\/a><\/p>\n","protected":false},"author":22,"featured_media":0,"comment_status":"open","ping_status":"open","sticky":false,"template":"","format":"standard","meta":{"footnotes":""},"categories":[50,10],"tags":[],"class_list":["post-3495","post","type-post","status-publish","format-standard","hentry","category-afrika","category-zo-sveta"],"_links":{"self":[{"href":"https:\/\/www.e-anjelik.sk\/index.php\/wp-json\/wp\/v2\/posts\/3495","targetHints":{"allow":["GET"]}}],"collection":[{"href":"https:\/\/www.e-anjelik.sk\/index.php\/wp-json\/wp\/v2\/posts"}],"about":[{"href":"https:\/\/www.e-anjelik.sk\/index.php\/wp-json\/wp\/v2\/types\/post"}],"author":[{"embeddable":true,"href":"https:\/\/www.e-anjelik.sk\/index.php\/wp-json\/wp\/v2\/users\/22"}],"replies":[{"embeddable":true,"href":"https:\/\/www.e-anjelik.sk\/index.php\/wp-json\/wp\/v2\/comments?post=3495"}],"version-history":[{"count":0,"href":"https:\/\/www.e-anjelik.sk\/index.php\/wp-json\/wp\/v2\/posts\/3495\/revisions"}],"wp:attachment":[{"href":"https:\/\/www.e-anjelik.sk\/index.php\/wp-json\/wp\/v2\/media?parent=3495"}],"wp:term":[{"taxonomy":"category","embeddable":true,"href":"https:\/\/www.e-anjelik.sk\/index.php\/wp-json\/wp\/v2\/categories?post=3495"},{"taxonomy":"post_tag","embeddable":true,"href":"https:\/\/www.e-anjelik.sk\/index.php\/wp-json\/wp\/v2\/tags?post=3495"}],"curies":[{"name":"wp","href":"https:\/\/api.w.org\/{rel}","templated":true}]}}