{"id":34968,"date":"2021-11-02T00:09:00","date_gmt":"2021-11-01T23:09:00","guid":{"rendered":"http:\/\/e-anjelik.sk\/?p=34968"},"modified":"2021-10-01T12:42:42","modified_gmt":"2021-10-01T10:42:42","slug":"daniel-miloslav-bachat-posledna-ziadost-dietata","status":"publish","type":"post","link":"https:\/\/www.e-anjelik.sk\/index.php\/2021\/11\/02\/daniel-miloslav-bachat-posledna-ziadost-dietata\/","title":{"rendered":"Daniel Miloslav Bach\u00e1t \u2013 Posledn\u00e1 \u017eiados\u0165 die\u0165a\u0165a"},"content":{"rendered":"\n<p>Kosec s&nbsp;kosou svojou<br>bl\u00ed\u017eil sa k p\u00fap\u00e4tku;<br>pri umieraj\u00facom smutn\u00e1 st\u00e1la<br>mami\u010dka die\u0165atku.<br>\u010co chce\u0161, sladk\u00fd \u017eivot?<br>d\u00edva\u0161 sa prosebn\u00fdm okom<br>\u010do ti m\u00e1m? P\u00fdta sa ona<br>v \u017eiali hlbokom.<\/p>\n\n\n\n<p>A\u00a0rt\u00edky otvoria sa<br>(papr\u0161lek posledn\u00fd<br>tmou srdca zajas\u00e1 sa)<br>A hlas die\u0165a\u0165a znie:<br>\u201eKe\u010f ma, \u00f3 drah\u00e1 mati<br>oble\u010die\u0161 do hrobu,<br>tak ned\u00e1vaj mi z kvet\u00edn,<br>vence na ozdobu.\u201c<\/p>\n\n\n\n<p>Zadiven\u00e1 sa, boles\u0165<br>tlmiac, p\u00fdta ma\u0165:<br>\u201ePre\u010do die\u0165a na hlavu ti<br>vence nem\u00e1m da\u0165?<br>Tak rada ty kvietky, vence,<br>tak rada si videla,<br>pre\u010do by som ti ich do hrobu<br>die\u0165a, da\u0165 nemala?\u201c<\/p>\n\n\n\n<p>\u201eM\u00f4j Je\u017ei\u0161 na svojom kr\u00ed\u017ei<br>\u017eiadne kvety nemal,<br>korunu z&nbsp;t\u0155nia maj\u00fac<br>bolestne na \u0148om pnel!<br>On zomrel pre m\u0148a s&nbsp;t\u0155n\u00edm,<br>potupne, krvave,<br>ako by som ja smela k&nbsp;Nemu<br>\u00eds\u0165 s&nbsp;vencom na hlave?\u201c<\/p>\n","protected":false},"excerpt":{"rendered":"<p>Kosec s&nbsp;kosou svojoubl\u00ed\u017eil sa k p\u00fap\u00e4tku;pri umieraj\u00facom smutn\u00e1 st\u00e1lamami\u010dka die\u0165atku.\u010co chce\u0161, sladk\u00fd \u017eivot?d\u00edva\u0161 sa prosebn\u00fdm okom\u010do ti m\u00e1m? P\u00fdta sa onav \u017eiali hlbokom. A\u00a0rt\u00edky otvoria sa(papr\u0161lek posledn\u00fdtmou srdca zajas\u00e1 sa)A hlas die\u0165a\u0165a znie:\u201eKe\u010f ma, \u00f3 drah\u00e1 matioble\u010die\u0161 do hrobu,tak ned\u00e1vaj mi z kvet\u00edn,vence na ozdobu.\u201c Zadiven\u00e1 sa, boles\u0165tlmiac, p\u00fdta ma\u0165:\u201ePre\u010do die\u0165a na hlavu tivence nem\u00e1m &#8230; <a title=\"Daniel Miloslav Bach\u00e1t \u2013 Posledn\u00e1 \u017eiados\u0165 die\u0165a\u0165a\" class=\"read-more\" href=\"https:\/\/www.e-anjelik.sk\/index.php\/2021\/11\/02\/daniel-miloslav-bachat-posledna-ziadost-dietata\/\" aria-label=\"Pre\u010d\u00edtajte si viac o Daniel Miloslav Bach\u00e1t \u2013 Posledn\u00e1 \u017eiados\u0165 die\u0165a\u0165a\">\u010c\u00edta\u0165 viac<\/a><\/p>\n","protected":false},"author":3,"featured_media":0,"comment_status":"open","ping_status":"open","sticky":false,"template":"","format":"standard","meta":{"footnotes":""},"categories":[281,165],"tags":[],"class_list":["post-34968","post","type-post","status-publish","format-standard","hentry","category-pamiatka-zosnulych","category-poezia-2"],"_links":{"self":[{"href":"https:\/\/www.e-anjelik.sk\/index.php\/wp-json\/wp\/v2\/posts\/34968","targetHints":{"allow":["GET"]}}],"collection":[{"href":"https:\/\/www.e-anjelik.sk\/index.php\/wp-json\/wp\/v2\/posts"}],"about":[{"href":"https:\/\/www.e-anjelik.sk\/index.php\/wp-json\/wp\/v2\/types\/post"}],"author":[{"embeddable":true,"href":"https:\/\/www.e-anjelik.sk\/index.php\/wp-json\/wp\/v2\/users\/3"}],"replies":[{"embeddable":true,"href":"https:\/\/www.e-anjelik.sk\/index.php\/wp-json\/wp\/v2\/comments?post=34968"}],"version-history":[{"count":2,"href":"https:\/\/www.e-anjelik.sk\/index.php\/wp-json\/wp\/v2\/posts\/34968\/revisions"}],"predecessor-version":[{"id":35054,"href":"https:\/\/www.e-anjelik.sk\/index.php\/wp-json\/wp\/v2\/posts\/34968\/revisions\/35054"}],"wp:attachment":[{"href":"https:\/\/www.e-anjelik.sk\/index.php\/wp-json\/wp\/v2\/media?parent=34968"}],"wp:term":[{"taxonomy":"category","embeddable":true,"href":"https:\/\/www.e-anjelik.sk\/index.php\/wp-json\/wp\/v2\/categories?post=34968"},{"taxonomy":"post_tag","embeddable":true,"href":"https:\/\/www.e-anjelik.sk\/index.php\/wp-json\/wp\/v2\/tags?post=34968"}],"curies":[{"name":"wp","href":"https:\/\/api.w.org\/{rel}","templated":true}]}}