{"id":3504,"date":"2011-04-15T09:33:10","date_gmt":"2011-04-15T09:33:10","guid":{"rendered":"http:\/\/e-anjelik.sk\/?p=3504"},"modified":"2011-04-15T09:33:10","modified_gmt":"2011-04-15T09:33:10","slug":"krst-danskych-kralovskych-dvojiciek","status":"publish","type":"post","link":"https:\/\/www.e-anjelik.sk\/index.php\/2011\/04\/15\/krst-danskych-kralovskych-dvojiciek\/","title":{"rendered":"Krst d\u00e1nskych kr\u00e1\u013eovsk\u00fdch dvoji\u010diek"},"content":{"rendered":"<p>8. janu&aacute;ra 2011 sa d&aacute;nskemu korunn&eacute;mu princovi Frederikovi a jeho man\u017eelke princeznej Mary narodili dvoji\u010dky : syn a dc&eacute;ra. 14. apr&iacute;la t.r. popoludn&iacute; boli dvoji\u010dky pokrsten&eacute; v kostole Holmenskirke v Kodani za &uacute;\u010dasti asi 300 pozvan&yacute;ch host&iacute;. Deti\u010dky pri krste dr\u017eali obaja rodi\u010dia. Krstil ich duchovn&yacute; kr&aacute;\u013eovskej rodiny, biskup Erik Norman Svendsen.D&aacute;nsky nov&yacute; princ sa teraz vol&aacute; Vincent Frederik Minik Alexander, mal&aacute; princezn&aacute; m&aacute; tieto men&aacute;: Josephine Sophia Ivalo Mathilda. Men&aacute; Minik a Ivalo s&uacute; gr&oacute;nskeho p&ocirc;vodu. Rodi\u010dia maj&uacute; u\u017e dve deti: princa Christiana a princezn&uacute; Isabellu.<\/p>\n<p>(<a href=\"http:\/\/www.dagen.se\">www.dagen.se<\/a>; <a href=\"http:\/\/www.folkekirken.dk\">www.folkekirken.dk<\/a>)<\/p>\n","protected":false},"excerpt":{"rendered":"<p>8. janu&aacute;ra 2011 sa d&aacute;nskemu korunn&eacute;mu princovi Frederikovi a jeho man\u017eelke princeznej Mary narodili dvoji\u010dky : syn a dc&eacute;ra. 14. apr&iacute;la t.r. popoludn&iacute; boli dvoji\u010dky pokrsten&eacute; v kostole Holmenskirke v Kodani za &uacute;\u010dasti asi 300 pozvan&yacute;ch host&iacute;. Deti\u010dky pri krste dr\u017eali obaja rodi\u010dia. Krstil ich duchovn&yacute; kr&aacute;\u013eovskej rodiny, biskup Erik Norman Svendsen.D&aacute;nsky nov&yacute; princ sa &#8230; <a title=\"Krst d\u00e1nskych kr\u00e1\u013eovsk\u00fdch dvoji\u010diek\" class=\"read-more\" href=\"https:\/\/www.e-anjelik.sk\/index.php\/2011\/04\/15\/krst-danskych-kralovskych-dvojiciek\/\" aria-label=\"Pre\u010d\u00edtajte si viac o Krst d\u00e1nskych kr\u00e1\u013eovsk\u00fdch dvoji\u010diek\">\u010c\u00edta\u0165 viac<\/a><\/p>\n","protected":false},"author":22,"featured_media":0,"comment_status":"open","ping_status":"open","sticky":false,"template":"","format":"standard","meta":{"footnotes":""},"categories":[9,10],"tags":[],"class_list":["post-3504","post","type-post","status-publish","format-standard","hentry","category-europa","category-zo-sveta"],"_links":{"self":[{"href":"https:\/\/www.e-anjelik.sk\/index.php\/wp-json\/wp\/v2\/posts\/3504","targetHints":{"allow":["GET"]}}],"collection":[{"href":"https:\/\/www.e-anjelik.sk\/index.php\/wp-json\/wp\/v2\/posts"}],"about":[{"href":"https:\/\/www.e-anjelik.sk\/index.php\/wp-json\/wp\/v2\/types\/post"}],"author":[{"embeddable":true,"href":"https:\/\/www.e-anjelik.sk\/index.php\/wp-json\/wp\/v2\/users\/22"}],"replies":[{"embeddable":true,"href":"https:\/\/www.e-anjelik.sk\/index.php\/wp-json\/wp\/v2\/comments?post=3504"}],"version-history":[{"count":0,"href":"https:\/\/www.e-anjelik.sk\/index.php\/wp-json\/wp\/v2\/posts\/3504\/revisions"}],"wp:attachment":[{"href":"https:\/\/www.e-anjelik.sk\/index.php\/wp-json\/wp\/v2\/media?parent=3504"}],"wp:term":[{"taxonomy":"category","embeddable":true,"href":"https:\/\/www.e-anjelik.sk\/index.php\/wp-json\/wp\/v2\/categories?post=3504"},{"taxonomy":"post_tag","embeddable":true,"href":"https:\/\/www.e-anjelik.sk\/index.php\/wp-json\/wp\/v2\/tags?post=3504"}],"curies":[{"name":"wp","href":"https:\/\/api.w.org\/{rel}","templated":true}]}}