{"id":35043,"date":"2021-11-25T00:52:05","date_gmt":"2021-11-24T23:52:05","guid":{"rendered":"https:\/\/e-anjelik.sk\/?p=35043"},"modified":"2021-11-25T00:52:05","modified_gmt":"2021-11-24T23:52:05","slug":"odpovede-a-otazky-co-mame-robit-od-22-11-2021","status":"publish","type":"post","link":"https:\/\/www.e-anjelik.sk\/index.php\/2021\/11\/25\/odpovede-a-otazky-co-mame-robit-od-22-11-2021\/","title":{"rendered":"Odpovede a ot\u00e1zky- \u010do m\u00e1me robi\u0165 od 22.11.2021"},"content":{"rendered":"\n<ul class=\"wp-block-list\"><li>&nbsp;19.11.21<\/li><li>&nbsp;&nbsp;Jana Nunv\u00e1\u0159ov\u00e1, tla\u010dov\u00e1 tajomn\u00ed\u010dka<\/li><li>&nbsp;<a href=\"https:\/\/www.ecav.sk\/aktuality\/oznamy\">&nbsp;Oznamy<\/a><\/li><\/ul>\n\n\n\n<figure class=\"wp-block-image\"><a href=\"https:\/\/www.ecav.sk\/rails\/active_storage\/blobs\/eyJfcmFpbHMiOnsibWVzc2FnZSI6IkJBaHBBa0M0IiwiZXhwIjpudWxsLCJwdXIiOiJibG9iX2lkIn19--d5335dc2fb3bd91a1a9613728f994294b0bcf8d6\/Lutherova_Ruza_VELKA.png\"><img decoding=\"async\" src=\"https:\/\/www.ecav.sk\/rails\/active_storage\/representations\/eyJfcmFpbHMiOnsibWVzc2FnZSI6IkJBaHBBa0M0IiwiZXhwIjpudWxsLCJwdXIiOiJibG9iX2lkIn19--d5335dc2fb3bd91a1a9613728f994294b0bcf8d6\/eyJfcmFpbHMiOnsibWVzc2FnZSI6IkJBaDdCam9MY21WemFYcGxTU0lJT1RBd0Jqb0dSVlE9IiwiZXhwIjpudWxsLCJwdXIiOiJ2YXJpYXRpb24ifX0=--f83398908a42570f1be2d2870fc3e62f317d893b\/Lutherova_Ruza_VELKA.png\" alt=\"Odpovede a ot\u00e1zky- \u010do m\u00e1me robi\u0165 od 22.11.2021\"\/><\/a><\/figure>\n\n\n\n<p>Bratia a sestry, kladiete n\u00e1m opakovane ve\u013emi podobn\u00e9 ot\u00e1zky. Tu s\u00fa odpovede na niektor\u00e9 z nich. Ak by v\u00e1s zauj\u00edmali \u010fal\u0161ie inform\u00e1cie, nap\u00ed\u0161te na media@ecav.sk, alebo volajte 0918 828 011. Va\u0161u ot\u00e1zku a odpove\u010f na \u0148u zarad\u00edme do tohto \u010dl\u00e1nku a pom\u00f4\u017eeme aj \u010fal\u0161\u00edm.<\/p>\n\n\n\n<p><strong>Ak far\u00e1r\/ka nie je zao\u010dkovan\u00fd\/\u00e1 ani neprekonal za posledn\u00fdch 180 dn\u00ed COVID, m\u00f4\u017eeme ma\u0165 Slu\u017eby Bo\u017eie v re\u017eime OP?<\/strong><br>Nie. Far\u00e1r\/ka je rovnako \u00fa\u010dastn\u00edkom ako ktor\u00fdko\u013evek in\u00fd veriaci. Preto ak far\u00e1r nepatr\u00ed do skupiny OP, SB musia by\u0165 v re\u017eime OTP- teda max. 6 os\u00f4b v spolo\u010denstve.<\/p>\n\n\n\n<p><strong>Mus\u00ed aj na\u010falej organiz\u00e1tor (teda predsedn\u00edctvo cirkevn\u00e9ho zboru) vyhotovova\u0165 zoznamy \u00fa\u010dastn\u00edkov?<\/strong><br>\u00c1no, t\u00e1to povinnos\u0165 je st\u00e1le aktu\u00e1lna. Po dvoch t\u00fd\u017ed\u0148och je potrebn\u00e9 zoznam znehodnoti\u0165.<\/p>\n\n\n\n<p><strong>\u010co s de\u0165mi? Po\u010d\u00edtaj\u00fa sa do celkov\u00e9ho po\u010dtu, s\u00fa zaraden\u00e9 do skupiny OP?<\/strong><br>Deti od 2 do 12 rokov sa do skupiny OP zaraden\u00e9 iba s testom (48-hodinov\u00fd antig\u00e9nov\u00fd test alebo 72-hodinov\u00fd PCR test). Do celkov\u00e9ho po\u010dtu sa zapo\u010d\u00edtavaj\u00fa. Deti mlad\u0161ie ako 2 roky m\u00f4\u017eu by\u0165 s\u00fa\u010das\u0165ou skupiny OP bez obmedzen\u00ed.<\/p>\n\n\n\n<p><strong>Ak pripravujeme Slu\u017eby Bo\u017eie v re\u017eime OP, \u010do m\u00e1me poveda\u0165 neo\u010dkovan\u00fdm, ktor\u00ed COVID e\u0161te neprekonali?<\/strong><br>T\u00edto sa na Slu\u017eb\u00e1ch Bo\u017e\u00edch z\u00fa\u010dast\u0148ova\u0165 nem\u00f4\u017eu ani s testom. Ak by boli otestovan\u00ed, st\u00e1le patria do skupiny OTP, teda max. 6 \u00fa\u010dastn\u00edkov.<\/p>\n\n\n\n<p><strong>Ako je to s krstom, svadbou \u010do pohrebom?<\/strong><br>Na obrady pohrebu sa nevz\u0165ahuj\u00fa kapacitn\u00e9 obmedzenia!!! \u010co sa t\u00fdka krstov a svadieb, m\u00f4\u017eu sa kona\u0165 aj v re\u017eime Z\u00c1KLAD, pri\u010dom maxim\u00e1lne m\u00f4\u017ee by\u0165 6 \u00fa\u010dastn\u00edkov.<\/p>\n\n\n\n<p><strong>Mus\u00ed ma\u0165 respir\u00e1tor aj far\u00e1r\/ka, ktor\u00fd je od ostatn\u00fdch vo vzdialenosti viac ako 2 metre?<\/strong><br>Respir\u00e1tor je v interi\u00e9ri povinn\u00fd pre v\u0161etk\u00fdch \u00fa\u010dastn\u00edkov, teda aj pre far\u00e1ra\/ku.<\/p>\n\n\n\n<p><strong>Ako sa m\u00e1me zariadi\u0165 pri vn\u00fatro-misijn\u00fdch aktivit\u00e1ch?<\/strong><br>Riadite sa pod\u013ea nastaven\u00ed hromadn\u00fdch podujat\u00ed (HP). Kapacitne je to rovnak\u00e9 ako pri bohoslu\u017eb\u00e1ch. Ak je stretnutie v re\u017eime OP (potrebn\u00fd je zoznam), po\u010det \u00fa\u010dastn\u00edkov je 200\/100\/50. Stretnutia pre re\u017eim Z\u00c1KLAD s\u00fa u\u017e len na individu\u00e1lnej b\u00e1ze.<\/p>\n\n\n\n<p><strong>Kedy a \u010do m\u00e1me ohlasova\u0165 na R\u00daVZ?<\/strong><br>Ak pripravujete sob\u00e1\u0161 alebo krst v kostole v re\u017eime OP (teda pre \u010derven\u00e9 okresy plat\u00ed limit 200, pre bordov\u00e9 100 a pre \u010dierne 50 \u013eud\u00ed), je nutn\u00e9 ohl\u00e1si\u0165 to na miestnom pr\u00edslu\u0161nom R\u00daVZ najnesk\u00f4r 48 hod\u00edn pred za\u010diatkom podujatia, pri\u010dom je potrebn\u00e9 uvies\u0165 presn\u00fd \u010das a miesto konania. Pri pohrebn\u00fdch obradoch, ktor\u00e9 sa konaj\u00fa mimo kostola, organiz\u00e1torom nie je CZ, ale je vhodn\u00e9 dohodn\u00fa\u0165 sa s majite\u013eom alebo spr\u00e1vcom priestorov, kto dan\u00e9 podujatie na R\u00daVZ nahl\u00e1si. Bohoslu\u017eieb v re\u017eime OP sa t\u00e1to povinnos\u0165 net\u00fdka.<\/p>\n\n\n\n<p><strong>Ko\u013eko \u013eud\u00ed m\u00f4\u017ee by\u0165 na pohrebe? Aj tento treba nahl\u00e1si\u0165 na R\u00daVZ?<\/strong><br>Na obrady pohrebu sa nevz\u0165ahuj\u00fa kapacitn\u00e9 obmedzenia. Povinnos\u0165 nahlasovania na R\u00daVZ aj vyhotovenie zoznamu \u00fa\u010dastn\u00edkov sa vz\u0165ahuje aj na pohreby.<\/p>\n\n\n\n<p><strong>Je nejako obmedzen\u00fd spev?<\/strong><br>Spev je povolen\u00fd, samozrejme s respir\u00e1torom FFP2. Pri speve doteraz platilo, \u017ee od \u010dervenej f\u00e1zy bolo odpor\u00fa\u010dan\u00e9 spev obmedzi\u0165. Hoci mnoh\u00e9 zbory p\u00f4jdu v OP re\u017eime, vzh\u013eadom na nutnos\u0165 respir\u00e1torov je st\u00e1le vhodn\u00e9 upravi\u0165 mno\u017estvo spevu.<\/p>\n\n\n\n<p><strong>Treba v\u00fdsledky testu alebo potvrdenie o o\u010dkovan\u00ed pred vstupom do kostola kontrolova\u0165?<\/strong><br>\u00c1no. V\u00fdsledok testu je potrebn\u00e9 preuk\u00e1za\u0165 SMS \u010di ofici\u00e1lnym tla\u010divom. Rovnako aj potvrdenie o zao\u010dkovan\u00ed \u010di potvrdenie o prekonan\u00ed COVIDu. V\u00fdsledok samotestov, ktor\u00e9 dostali deti v \u0161kol\u00e1ch NIE je validn\u00fd a teda NIE je mo\u017en\u00e9 pou\u017ei\u0165 ho pre n\u00e1v\u0161tevu bohoslu\u017eieb.<\/p>\n\n\n\n<p><strong>Ak\u00e9 platia pravidl\u00e1 pri zasadnut\u00ed presbyterstiev, ak by bolo pripravovan\u00e9 v re\u017eime OP?<\/strong><br>Vzh\u013eadom na skuto\u010dnos\u0165, \u017ee v re\u017eime OP sa niektor\u00ed presbyteri zasadnutia nem\u00f4\u017eu z\u00fa\u010dastni\u0165, je d\u00f4le\u017eit\u00e9 pam\u00e4ta\u0165 na fakt, \u017ee t\u00ed, ktor\u00fdm bola \u00fa\u010das\u0165 odopret\u00e1, bud\u00fa m\u00f4c\u0165 napadn\u00fa\u0165 prijat\u00e9 uznesenia. Odpor\u00fa\u010dame rokova\u0165 ONLINE. Ak s\u00fa v\u0161etci \u010dlenovia presbyterstva zao\u010dkovan\u00ed alebo prekonali COVID, aj tu plat\u00ed povinnos\u0165 nahl\u00e1si\u0165 podujatie na R\u00daVZ 48 hod\u00edn vopred a takisto je potrebn\u00e9 vyhotovenie zoznamu \u00fa\u010dastn\u00edkov.<a href=\"https:\/\/www.ecav.sk\/aktuality\/oznamy\/odpovede-a-otazky-co-mame-robit-od-22-11-2021#\"><\/a><\/p>\n\n\n\n<p>test \u010d<\/p>\n","protected":false},"excerpt":{"rendered":"<p>&nbsp;19.11.21 &nbsp;&nbsp;Jana Nunv\u00e1\u0159ov\u00e1, tla\u010dov\u00e1 tajomn\u00ed\u010dka &nbsp;&nbsp;Oznamy Bratia a sestry, kladiete n\u00e1m opakovane ve\u013emi podobn\u00e9 ot\u00e1zky. Tu s\u00fa odpovede na niektor\u00e9 z nich. Ak by v\u00e1s zauj\u00edmali \u010fal\u0161ie inform\u00e1cie, nap\u00ed\u0161te na media@ecav.sk, alebo volajte 0918 828 011. Va\u0161u ot\u00e1zku a odpove\u010f na \u0148u zarad\u00edme do tohto \u010dl\u00e1nku a pom\u00f4\u017eeme aj \u010fal\u0161\u00edm. Ak far\u00e1r\/ka nie je zao\u010dkovan\u00fd\/\u00e1 &#8230; <a title=\"Odpovede a ot\u00e1zky- \u010do m\u00e1me robi\u0165 od 22.11.2021\" class=\"read-more\" href=\"https:\/\/www.e-anjelik.sk\/index.php\/2021\/11\/25\/odpovede-a-otazky-co-mame-robit-od-22-11-2021\/\" aria-label=\"Pre\u010d\u00edtajte si viac o Odpovede a ot\u00e1zky- \u010do m\u00e1me robi\u0165 od 22.11.2021\">\u010c\u00edta\u0165 viac<\/a><\/p>\n","protected":false},"author":4,"featured_media":0,"comment_status":"open","ping_status":"open","sticky":false,"template":"","format":"standard","meta":{"footnotes":""},"categories":[1],"tags":[],"class_list":["post-35043","post","type-post","status-publish","format-standard","hentry","category-adventna-modlitba"],"_links":{"self":[{"href":"https:\/\/www.e-anjelik.sk\/index.php\/wp-json\/wp\/v2\/posts\/35043","targetHints":{"allow":["GET"]}}],"collection":[{"href":"https:\/\/www.e-anjelik.sk\/index.php\/wp-json\/wp\/v2\/posts"}],"about":[{"href":"https:\/\/www.e-anjelik.sk\/index.php\/wp-json\/wp\/v2\/types\/post"}],"author":[{"embeddable":true,"href":"https:\/\/www.e-anjelik.sk\/index.php\/wp-json\/wp\/v2\/users\/4"}],"replies":[{"embeddable":true,"href":"https:\/\/www.e-anjelik.sk\/index.php\/wp-json\/wp\/v2\/comments?post=35043"}],"version-history":[{"count":2,"href":"https:\/\/www.e-anjelik.sk\/index.php\/wp-json\/wp\/v2\/posts\/35043\/revisions"}],"predecessor-version":[{"id":35107,"href":"https:\/\/www.e-anjelik.sk\/index.php\/wp-json\/wp\/v2\/posts\/35043\/revisions\/35107"}],"wp:attachment":[{"href":"https:\/\/www.e-anjelik.sk\/index.php\/wp-json\/wp\/v2\/media?parent=35043"}],"wp:term":[{"taxonomy":"category","embeddable":true,"href":"https:\/\/www.e-anjelik.sk\/index.php\/wp-json\/wp\/v2\/categories?post=35043"},{"taxonomy":"post_tag","embeddable":true,"href":"https:\/\/www.e-anjelik.sk\/index.php\/wp-json\/wp\/v2\/tags?post=35043"}],"curies":[{"name":"wp","href":"https:\/\/api.w.org\/{rel}","templated":true}]}}