{"id":35070,"date":"2021-11-03T14:10:25","date_gmt":"2021-11-03T13:10:25","guid":{"rendered":"https:\/\/e-anjelik.sk\/?p=35070"},"modified":"2021-11-03T14:10:25","modified_gmt":"2021-11-03T13:10:25","slug":"ako-spominame","status":"publish","type":"post","link":"https:\/\/www.e-anjelik.sk\/index.php\/2021\/11\/03\/ako-spominame\/","title":{"rendered":"Ako spom\u00edname?"},"content":{"rendered":"\n<p><em>&nbsp; &nbsp; <\/em><strong>Ako spom\u00edname ?<\/strong><\/p>\n\n\n\n<p><em>Chv\u00ed\u013ea tich\u00fdch spomienok,<\/em><\/p>\n\n\n\n<p><em>bielych kvetov, my\u0161lienok &#8211;<\/em><\/p>\n\n\n\n<p><em>zmierni b\u00f4\u013e,<\/em><\/p>\n\n\n\n<p><em>srdcia \u017eia\u013ene uchl\u00e1chol!<\/em><\/p>\n\n\n\n<p><em>A Ty, drah\u00fd Pane n\u00e1\u0161,<\/em><\/p>\n\n\n\n<p><em>s l\u00e1skou ktorej hojne m\u00e1\u0161,<\/em><\/p>\n\n\n\n<p><em>pri n\u00e1s stoj &#8211;<\/em><\/p>\n\n\n\n<p><em>du\u0161e na\u0161e upokoj! Amen (M.R.)<\/em><\/p>\n\n\n\n<p><strong>\u017d 90, 1 &#8211; 12:<\/strong><\/p>\n\n\n\n<p><em>Pane, Ty si b\u00fdval na\u0161\u00edm pr\u00edbytkom od pokolenia do pokolenia.<\/em><\/p>\n\n\n\n<p><em>(2) Prv, ne\u017e sa vrchy zrodili, ne\u017e boli utvoren\u00e9 zem a svet, Ty si Boh od vekov a\u017e na veky.<\/em><\/p>\n\n\n\n<p><em>(3) Do prachu vracia\u0161 \u010dloveka a vrav\u00ed\u0161: Vr\u00e1\u0165te sa \u013eudsk\u00ed synovia!<\/em><\/p>\n\n\n\n<p><em>(4) Lebo v Tvojich o\u010diach je tis\u00edc rokov ako v\u010deraj\u0161\u00ed de\u0148, ke\u010f sa pominul, a ako no\u010dn\u00e1 str\u00e1\u017e.<\/em><\/p>\n\n\n\n<p><em>(5) Odplavuje\u0161 ich, s\u00fa ako sp\u00e1nok, s\u00fa ako tr\u00e1va, ktor\u00e1 zr\u00e1na ra\u0161\u00ed;&nbsp;<\/em><\/p>\n\n\n\n<p><em>(6) za r\u00e1na kvitne, ra\u0161\u00ed, podve\u010der v\u00e4dne, usych\u00e1.<\/em><\/p>\n\n\n\n<p><em>(7) Lebo my hynieme od Tvojho hnevu, a Tvoja prvhlivos\u0165 n\u00e1s des\u00ed.<\/em><\/p>\n\n\n\n<p><em>(8) Pred seba postavil si na\u0161e viny a na\u0161e tajn\u00e9 hriechy do svetla svojej tv\u00e1re.<\/em><\/p>\n\n\n\n<p><em>(9) Lebo pre Tvoj hnev mizn\u00fa v\u0161etky na\u0161e dni, kon\u010d\u00edme svoje roky ako vzdych.<\/em><\/p>\n\n\n\n<p><em>(10) \u010cas n\u00e1\u0161ho \u017eivota je sedemdesiat rokov, &#8211; pri dobrej sile osemdesiat rokov; ich p\u00fdchou je n\u00e1maha stras\u0165; bo r\u00fdche prejde, a my odlet\u00edme.<\/em><\/p>\n\n\n\n<p><em>(11) Ale kto pozn\u00e1 silu Tvojho hnevu? A Tvoju prchlivos\u0165, ako \u017eiada Tvoja b\u00e1ze\u0148?<\/em><\/p>\n\n\n\n<p><em>(12) U\u010d n\u00e1s tak po\u010d\u00edta\u0165 dni \u017eivota, aby sme m\u00fadre srdce z\u00edskali.\u201d Amen<\/em><\/p>\n\n\n\n<p>&nbsp;&nbsp; &nbsp; \u00dato\u010di\u0161te ve\u010dn\u00e9 h\u013eadaj\u00faci spolup\u00fatnici, bratia a sestry!<\/p>\n\n\n\n<p>&nbsp;&nbsp; Cesta \u013eud\u00ed sa pret\u00ednaj\u00fa v t\u00fdchto d\u0148och v br\u00e1nach cintor\u00ednov. Temer ka\u017ed\u00fd z n\u00e1s tam niekoho m\u00e1. A ka\u017ed\u00fd z n\u00e1s r\u00e1d spom\u00edna. Spolo\u010dne stoj\u00edme v kr\u00e1tkom zastaven\u00ed nad hrobmi &#8211; nov\u00fdmi, alebo na t\u00fdmi, kde sa zem u\u017e z\u013eahla. Kvety a vence pokr\u00fdvaj\u00fa pochovan\u00e9 tel\u00e1, ktor\u00e9 sa r\u00fdchlo, \u010di pomaly zmenili a menia na prach. Pred&nbsp; sebou v\u0161ak m\u00e1me mnoh\u00e9 vz\u00e1cne a mil\u00e9 tv\u00e1re, l\u00e1skav\u00e9 o\u010di a ruky tak bl\u00edzke a drah\u00e9. Mnoh\u00ed tu zrete\u013ene po\u010duj\u00fa slov\u00e1 svojich mil\u00fdch, ktor\u00ed akoby e\u0161te hovorili. Spom\u00edname na mnoh\u00fdch a na mnoh\u00e9, \u010do n\u00e1s sp\u00e1jalo.&nbsp;<\/p>\n\n\n\n<p>&nbsp;&nbsp; &nbsp; Ot\u00e1zka v\u0161ak je: ako spom\u00edname ? Azda v duchu slov b\u00e1snika Ji\u0159\u00edho Wolkra: <em>\u201d D\u011bln\u00edk je smrteln\u00fd, pr\u00e1ce je \u017eiv\u00e1\u201d<\/em>? Alebo sa n\u00e1m zd\u00e1 tak\u00e1 ot\u00e1zka nadbyto\u010dn\u00e1? Ve\u010f predsa v\u0161etci spom\u00edname na zosnul\u00fdch. Napriek tomu sa p\u00fdtam e\u0161te raz: spom\u00edname na zosnul\u00fdch? Alebo na zomret\u00fdch? Lebo ak na zosnul\u00fdch, potom sme bl\u00edzko tej pravdy, ktor\u00fa vyslovil Je\u017ei\u0161 nad smrtn\u00fdm l\u00f4\u017ekom Jajrovej dc\u00e9ry, ke\u010f povedal: <em>\u201cNeumrela dievo\u010dka, ale sp\u00ed!\u201d <\/em>Je\u017ei\u0161 ozna\u010dil smr\u0165 sp\u00e1nkom preto, lebo nazna\u010dil, \u017ee tento sp\u00e1nok sa skon\u010d\u00ed prebuden\u00edm.<\/p>\n\n\n\n<p>&nbsp; &nbsp; Vyt\u00fdkal mi raz jeden mlad\u00fd brat: <em>\u201cVy kazatelia ste pr\u00edli\u0161 \u00fatlocitn\u00ed, a\u017e prejemnel\u00ed, ke\u010f o m\u0155tvych hovor\u00edte ako o zosnul\u00fdch\u201d. <\/em>\u00c1no, hovor\u00edme o zomret\u00fdch aj takto. Je to v\u0161ak iba z oh\u013eadu na boles\u0165 t\u00fdch, \u010do sa l\u00fa\u010dia nad hrobom? Alebo m\u00e1me k tomu aj in\u00fd, v\u00e1\u017enej\u0161\u00ed d\u00f4vod?<\/p>\n\n\n\n<p>&nbsp;&nbsp; &nbsp; Bo\u017eie slovo je pravdiv\u00e9 v ka\u017edom oh\u013eade. Preto n\u00e1s u\u010d\u00ed, aby sme v\u00e1\u017ene brali smr\u0165 a \u013eudsk\u00fa pominute\u013enos\u0165. Zn\u00e1my 90 &#8211; ty \u017ealm hovor\u00ed, \u017ee ve\u010dn\u00fd je iba P\u00e1n Boh. Ten, ktor\u00fd bol sk\u00f4r<em> \u201cako sa vrchy zrodili<\/em>\u201d, sk\u00f4r <em>\u201cne\u017e boli utvoren\u00e9 zem a svet, Ty si Boh od vekov a\u017e na veky\u201d<\/em>. \u017dalmista hovor\u00ed aj o tom, \u017ee On je ten, ktor\u00fd <em>\u201cdo prachu vracia \u010dloveka\u201d <\/em>a nad na\u0161\u00edm \u017eivotom hovor\u00ed<em>: \u201dVr\u00e1\u0165te sa \u013eudsk\u00ed synovia\u201d!&nbsp; <\/em>Bo\u017eie slovo pripom\u00edna, \u017ee n\u00e1\u0161 \u017eivot je iba nepatrnou \u010das\u0165ou ve\u010dnosti. <em>\u201cLebo v Tvojich o\u010diach je tis\u00edc rokov ako v\u010deraj\u0161\u00ed de\u0148, ke\u010f sa pominul, a ako no\u010dn\u00e1 str\u00e1\u017e\u201d. <\/em>Neraz hovor\u00edme: Ako r\u00fdchlo ten \u010das let\u00ed, akoby sa pon\u00e1h\u013eal\u2026\u017dalmista akoby potvrdzoval na\u0161e slov\u00e1 a my\u0161lienky o na\u0161om \u010dasnom \u017eivote a sved\u010d\u00ed:<em> \u201dOdplavuje\u0161 ich, s\u00fa ako sp\u00e1nok, s\u00fa ako tr\u00e1va, ktor\u00e1 zr\u00e1na ra\u0161\u00ed; podve\u010der v\u00e4dne, usych\u00e1\u201d. <\/em>Nikto nie je zaisten\u00fd vo\u010di pominute\u013enosti a odchodu z tejto \u010dasnosti. Pri tom aj my s P.O.Hviezdoslavom hovor\u00edme:<em>\u201d \u017di\u0165 chceme, \u017ei\u0165, Bo\u017ee \u017eiv\u00fd\u201d!&nbsp; <\/em>V P\u00edsme sv\u00e4tom nach\u00e1dzame potvrdenie tejto t\u00fa\u017eby po \u017eivote, ke\u010f v knihe Kazate\u013e \u010d\u00edtame, \u017ee Stvorite\u013e vlo\u017eil \u010dloveku do srdca t\u00fa\u017ebu po v<em>e\u010dnosti.(Kaz 3, 11) <\/em>S\u00fa\u010dasne v\u0161ak plat\u00ed, \u017ee z Bo\u017eej ruky je aj n\u00e1\u0161 udel smrti: <em>\u201dLebo my hynieme od Tvojho hnevu a Tvoja prchlivos\u0165 n\u00e1s des\u00ed\u201d.&nbsp;<\/em><\/p>\n\n\n\n<p><em>&nbsp;&nbsp; <\/em>Vzdych\u00e1me preto, \u017ee \u010das n\u00e1\u0161ho \u017eivota je sedemsediat rokov, pri dobrej sile osemdesiat rokov. Vzdych\u00e1me tie\u017e pod bremenom mnoh\u00fdch pr\u00e1c a povinnost\u00ed, preto\u017ee \u201cp\u00fdchou\u201d na\u0161ich rokov v \u010dasnosti je n\u00e1maha, stras\u0165 a v\u0161etko napokon <em>\u201cprejde r\u00fdchlo a my odlet\u00edme\u201d.<\/em> Tu vid\u00edme, \u017ee Bo\u017eie slovo nie je len \u201c\u00fatlocitn\u00e9\u201d, lebo n\u00e1m pripom\u00edna a nazna\u010duje d\u00f4vod tohoto stavu a nap\u00e4tia, ktor\u00e9 sa premieta v na\u0161om srdci a v na\u0161ej du\u0161i. <em>\u201cPred seba postavil si na\u0161e viny a na\u0161e tajn\u00e9 hriechy do svetla svojej tv\u00e1re. Lebo pre Tvoj hnev mizn\u00fa v\u0161etky na\u0161e dni, kon\u010d\u00edme svoje roky ako vzdych\u201d.<\/em> Pr\u00e1ve na\u0161e hriechy s\u00fa d\u00f4vodom n\u00e1\u0161ho vzdychania, \u010do potvrdzuj\u00fa aj slov\u00e1 apo\u0161tola Pavla z listu R\u00edmskym:<em> \u201dOdplata za hriech je smr\u0165\u201d. <\/em>A v \u010fal\u0161\u00edch slov\u00e1ch e\u0161te pod\u010diarkol t\u00fato pravdu, ke\u010f nap\u00edsal:<em>\u201d V\u0161etci toti\u017e zhre\u0161ili a nemaj\u00fa sl\u00e1vy Bo\u017eej\u201d.<\/em><\/p>\n\n\n\n<p>&nbsp; &nbsp; Mil\u00ed bratia a sestry!<\/p>\n\n\n\n<p>&nbsp; &nbsp; Napriek pravdivosti v\u0161etk\u00fdch t\u00fdchto slov, predsa v\u0161ak smieme hovori\u0165 o na\u0161ich zomret\u00fdch ako o zosnul\u00fdch. Smieme tak hovori\u0165 v\u010faka vykonan\u00e9mu a dokonan\u00e9mu dielu P\u00e1na Je\u017ei\u0161a Krista, v\u010faka ktor\u00e9mu sa smr\u0165 pre veriacich v Neho stala sp\u00e1nkom. Jemu toti\u017e dal Otec do r\u00fak v\u0161etku moc &#8211; i moc nad smr\u0165ou. On sa stal P\u00e1nom v\u0161etk\u00e9ho a v\u0161etk\u00fdch: \u017eiv\u00fdch i m\u0155tvych a je P\u00e1nom aj nad smr\u0165ou.<\/p>\n\n\n\n<p>I ke\u010f je smr\u0165 mocn\u00fdm prehovoren\u00edm Bo\u017e\u00edm do na\u0161ich \u017eivotov, v Synovi n\u00e1m dal P\u00e1n Boh aj \u017eiv\u00fa n\u00e1dej vzrkriesenia a ve\u010dn\u00e9ho \u017eivota s N\u00edm.&nbsp;<\/p>\n\n\n\n<p>&nbsp;&nbsp; Star\u00ed pohania hovorievali: \u201dProti smrti nieto lieku, ani byliny v z\u00e1hrad\u00e1ch\u201d. Otec nebesk\u00fd n\u00e1m v\u0161ak zo svojej milosti tak\u00fdto liek a tak\u00fato bylinu dal vo svojom Synovi, na\u0161om Spasite\u013eovi. Preto, aby sme sa mohli vr\u00e1ti\u0165 k Nemu, do Jeho a na\u0161ich ve\u010dn\u00fdch pr\u00edbytkov. O tejto ponuke hovoril P\u00e1n Je\u017ei\u0161 svojim u\u010den\u00edkom takto: <em>\u201cV dome m\u00f4jho Otca je mnoho pr\u00edbytkov\u2026\u201d .<\/em> Cestu do nich n\u00e1m pripravil svoj\u00edm vyk\u00fapen\u00edm, zaplaten\u00edm za n\u00e1s a na\u0161e hriechy svojou smr\u0165ou na kr\u00ed\u017ei. Apo\u0161tol Pavel o tejto novej skuto\u010dnosti pre pokrsten\u00fdch a veriach kres\u0165anov sved\u010d\u00ed:<em> \u201d Spolu s Kristom sme skrze Krst pohroben\u00ed v smr\u0165, aby tak, ako Kristus vzkriesen\u00fd bol sl\u00e1vnou mocou Otcovou, aj my sme chodili v novote \u017eivota. &#8211; Ak sme umreli s Kristom, ver\u00edme, \u017ee s N\u00edm budem aj \u017ei\u0165\u201d. (R 6)<\/em> V tejto n\u00e1deji teda dnes spom\u00edname na t\u00fdch, ktor\u00ed n\u00e1s predi\u0161li na ve\u010dnos\u0165. &nbsp;<\/p>\n\n\n\n<p>&nbsp;&nbsp; Aby v\u0161ak ve\u010dnos\u0165 po vzkriesen\u00ed bola pre n\u00e1s ve\u010dnos\u0165ou s KRISTOM P\u00c1NOM a s t\u00fdmi, ktor\u00ed Ho vo viere prijali ako svojho P\u00e1na, chr\u00e1\u0148me sa pred cestou k duchovnej smrti. Duchovn\u00e1 smr\u0165 je preru\u0161enie n\u00e1\u0161ho duchovn\u00e9ho napojenia na Krista. Duchovn\u00e1 smr\u0165 sa tak m\u00f4\u017ee sta\u0165 cestou k smrti ve\u010dnej. V\u0161eobecn\u00e9 vzkriesenie pre t\u00fdch, ktor\u00ed odmietli spojenie s Kristom tak povedie k trval\u00e9mu odl\u00fa\u010deniu od Otca nebesk\u00e9ho. Spomienka na zosnul\u00fdch je pre n\u00e1s preto aj v\u00fdzvou, aby sme prosili o to, aby n\u00e1s pred duchovnou \u013eahostajnos\u0165ou a zatraten\u00edm chr\u00e1nil a zachoval n\u00e1\u0161 P\u00e1n skrze Ducha Sv\u00e4t\u00e9ho. Prostredn\u00edk SZ, Bo\u017e\u00ed slu\u017eobn\u00edk Moj\u017ei\u0161 tie\u017e prosil o tak\u00fa milos\u0165, ako to vyjadruje jeden z ver\u0161ov 90-ho \u017dalmu: <em>\u201dU\u010d n\u00e1s tak po\u010d\u00edta\u0165 dni \u017eivota, aby sme m\u00fadre srdce z\u00edskali\u201d. <\/em>Podobne v \u010fal\u0161om ver\u0161i zaznieva jeho prosba:<em>\u201d Zmiluj sa nad svojimi sluhami\u201d. (v.13)<\/em><\/p>\n\n\n\n<p><em>&nbsp;&nbsp; <\/em>Pripome\u0148me si, \u017ee na\u0161\u00edm Prostredn\u00edkom a Pr\u00edmluvcom pred Bo\u017e\u00edm tr\u00f3nom je v\u00e4\u010d\u0161\u00ed ako bol prostredn\u00edk SZ Moj\u017ei\u0161. Za n\u00e1s pros\u00ed a prihov\u00e1ra sa Ten, ktor\u00e9ho o\u010dak\u00e1val a o ktorom sved\u010dil i s\u00e1m Moj\u017ei\u0161, podobne aj kr\u00e1\u013e D\u00e1vid a v\u0161etci proroci. V Jeho pr\u00edhovor a v Jeho sv\u00e4t\u00e9 meno ver\u00edme a d\u00fafame aj my, ako to vyslovil aj apo\u0161tol Pavel, \u017ee <em>\u201cKristus s\u00e1m sa v nebi prihov\u00e1ra za n\u00e1s vzdychan\u00edm nevyslovite\u013en\u00fdm\u201d<\/em>.<\/p>\n\n\n\n<p>&nbsp; &nbsp; Bratia a sestry!<\/p>\n\n\n\n<p>&nbsp;&nbsp; Cesty mnoh\u00fdch \u013eud\u00ed smeruj\u00fa v t\u00fdchto d\u0148och na cintor\u00edny. Ka\u017ed\u00fd z n\u00e1s sa u\u017e l\u00fa\u010dil so svojimi bl\u00edzkymi a odprev\u00e1dzal niekoho z kruhu rodiny k hrobov\u00e9mu odpo\u010dinku tela. O\u010di mnoh\u00fdch sa mo\u017eno nanovo naplnia v\u010fa\u010dnou slzou a srdce sa zachveje.&nbsp;<\/p>\n\n\n\n<p>&nbsp;&nbsp; &nbsp; Nech n\u00e1m v\u0161ak sl\u00fa\u017ei tak\u00e1to chv\u00ed\u013ea aj k posileniu viery, l\u00e1sky a&nbsp; kres\u0165anskej n\u00e1deje, \u017ee raz z milosti, pre Kristove z\u00e1sluhy spolu s P\u00e1nom budeme. Jemu, P\u00e1novi vekov, sme zverili na\u0161ich drah\u00fdch a Jemu zverme aj seba. <em>\u201c\u010ci \u017eijeme, alebo umierame, P\u00e1novi sme. Lebo Jemu v\u0161etci \u017eij\u00fa\u201d,<\/em> povzbudzuje n\u00e1s aj apo\u0161tolsk\u00e9 slovo. Pam\u00e4tajme, \u017ee sa pribli\u017euje de\u0148, ke\u010f n\u00e1s P\u00e1n uvedie do pr\u00edbytkov ve\u010dn\u00fdch v nebesiach. Amen<\/p>\n\n\n\n<p>&nbsp;&nbsp; &nbsp; &nbsp; &nbsp; &nbsp; &nbsp; &nbsp; &nbsp; &nbsp; &nbsp; &nbsp; &nbsp; &nbsp; &nbsp; Pamiatka zosnul\u00fdch &#8211; 2021, &nbsp; \u013dubom\u00edr Batka st. &nbsp;<\/p>\n","protected":false},"excerpt":{"rendered":"<p>&nbsp; &nbsp; Ako spom\u00edname ? Chv\u00ed\u013ea tich\u00fdch spomienok, bielych kvetov, my\u0161lienok &#8211; zmierni b\u00f4\u013e, srdcia \u017eia\u013ene uchl\u00e1chol! A Ty, drah\u00fd Pane n\u00e1\u0161, s l\u00e1skou ktorej hojne m\u00e1\u0161, pri n\u00e1s stoj &#8211; du\u0161e na\u0161e upokoj! Amen (M.R.) \u017d 90, 1 &#8211; 12: Pane, Ty si b\u00fdval na\u0161\u00edm pr\u00edbytkom od pokolenia do pokolenia. (2) Prv, ne\u017e sa &#8230; <a title=\"Ako spom\u00edname?\" class=\"read-more\" href=\"https:\/\/www.e-anjelik.sk\/index.php\/2021\/11\/03\/ako-spominame\/\" aria-label=\"Pre\u010d\u00edtajte si viac o Ako spom\u00edname?\">\u010c\u00edta\u0165 viac<\/a><\/p>\n","protected":false},"author":4,"featured_media":0,"comment_status":"open","ping_status":"open","sticky":false,"template":"","format":"standard","meta":{"footnotes":""},"categories":[121,118,281,95],"tags":[],"class_list":["post-35070","post","type-post","status-publish","format-standard","hentry","category-kazne","category-myjava","category-pamiatka-zosnulych","category-sobotiste"],"_links":{"self":[{"href":"https:\/\/www.e-anjelik.sk\/index.php\/wp-json\/wp\/v2\/posts\/35070","targetHints":{"allow":["GET"]}}],"collection":[{"href":"https:\/\/www.e-anjelik.sk\/index.php\/wp-json\/wp\/v2\/posts"}],"about":[{"href":"https:\/\/www.e-anjelik.sk\/index.php\/wp-json\/wp\/v2\/types\/post"}],"author":[{"embeddable":true,"href":"https:\/\/www.e-anjelik.sk\/index.php\/wp-json\/wp\/v2\/users\/4"}],"replies":[{"embeddable":true,"href":"https:\/\/www.e-anjelik.sk\/index.php\/wp-json\/wp\/v2\/comments?post=35070"}],"version-history":[{"count":1,"href":"https:\/\/www.e-anjelik.sk\/index.php\/wp-json\/wp\/v2\/posts\/35070\/revisions"}],"predecessor-version":[{"id":35071,"href":"https:\/\/www.e-anjelik.sk\/index.php\/wp-json\/wp\/v2\/posts\/35070\/revisions\/35071"}],"wp:attachment":[{"href":"https:\/\/www.e-anjelik.sk\/index.php\/wp-json\/wp\/v2\/media?parent=35070"}],"wp:term":[{"taxonomy":"category","embeddable":true,"href":"https:\/\/www.e-anjelik.sk\/index.php\/wp-json\/wp\/v2\/categories?post=35070"},{"taxonomy":"post_tag","embeddable":true,"href":"https:\/\/www.e-anjelik.sk\/index.php\/wp-json\/wp\/v2\/tags?post=35070"}],"curies":[{"name":"wp","href":"https:\/\/api.w.org\/{rel}","templated":true}]}}