{"id":35105,"date":"2021-11-23T21:48:56","date_gmt":"2021-11-23T20:48:56","guid":{"rendered":"https:\/\/e-anjelik.sk\/?p=35105"},"modified":"2021-11-23T21:48:56","modified_gmt":"2021-11-23T20:48:56","slug":"ochotneho-darcu-miluje-boh-2","status":"publish","type":"post","link":"https:\/\/www.e-anjelik.sk\/index.php\/2021\/11\/23\/ochotneho-darcu-miluje-boh-2\/","title":{"rendered":"Ochotn\u00e9ho darcu miluje Boh"},"content":{"rendered":"\n<p><em>&nbsp;&nbsp; &nbsp; <\/em><strong>Ochotn\u00e9ho darcu miluje Boh<\/strong><\/p>\n\n\n\n<p><em>Tys dal n\u00e1m, Bo\u017ee, \u010do treba\u2026<\/em><\/p>\n\n\n\n<p><em>Bu\u010f Ti dnes sl\u00e1va, veleba &#8211;<\/em><\/p>\n\n\n\n<p><em>za chlieb a zdravie i \u010do m\u00e1me<\/em><\/p>\n\n\n\n<p><em>\u010fakujeme Ti v na\u0161om chr\u00e1me.<\/em><\/p>\n\n\n\n<p><em>A ke\u010f u\u017e m\u00e1me zas \u010do jes\u0165 &#8211;&nbsp;<\/em><\/p>\n\n\n\n<p><em>patr\u00ed Ti v\u010faka a v\u0161etka \u010des\u0165!<\/em><\/p>\n\n\n\n<p><em>Ve\u010f n\u00e1s i \u010falej &#8211; dary v zdrav\u00ed u\u017ei\u0165<\/em><\/p>\n\n\n\n<p><em>a Tebe, Ot\u010de, verne sl\u00fa\u017ei\u0165!&nbsp; Amen&nbsp; ( M.R.)<\/em><\/p>\n\n\n\n<p><strong>2 K 9, 6 &#8211; 11:<\/strong><\/p>\n\n\n\n<p><em>&nbsp; &nbsp; \u201c Toto v\u0161ak hovor\u00edm: Kto sk\u00fapo rozsieva, sk\u00fapo bude aj \u017ea\u0165; kto v\u0161ak hojne rozsieva, hojne bude aj \u017ea\u0165. (7) Ka\u017ed\u00fd nech d\u00e1, ako si umienil v srdci, nie z neochoty alebo z prin\u00fatenia; lebo ochotn\u00e9ho darcu miluje Boh. ( 8) A Boh m\u00e1 moc vo v\u0161etkom rozhojni\u0165 pri v\u00e1s svoju milos\u0165, aby ste vo v\u0161etkom mali v\u017edy dostatok v\u0161etk\u00e9ho pre seba, aj nadbytok pre ka\u017ed\u00fd skutok, (9) ako je nap\u00edsan\u00e9: Rozsypal, dal chudobn\u00fdm, jeho spravodlivos\u0165 trv\u00e1 naveky.&nbsp;<\/em><\/p>\n\n\n\n<p><em>&nbsp;&nbsp; (10) A Ten, kto rozsieva\u010dovi d\u00e1va semeno i chlieb, aby mal \u010do jes\u0165, d\u00e1 a rozmno\u017e\u00ed va\u0161e osivo, d\u00e1 vzrast plodom va\u0161ej spravodlivosti,&nbsp; (11) a vo v\u0161etkom budete obohaten\u00ed na v\u0161emo\u017en\u00fa \u0161tedros\u0165, ktor\u00e1 skrze n\u00e1s p\u00f4sob\u00ed v\u010fa\u010dnos\u0165 Bohu\u201d. Amen<\/em><\/p>\n\n\n\n<p><em>&nbsp; &nbsp; &nbsp; &nbsp; &nbsp; &nbsp; <\/em>Bohumil\u00ed kres\u0165ania, bratia a sestry v na\u0161om P\u00e1novi,<\/p>\n\n\n\n<p>&nbsp;&nbsp; &nbsp; &nbsp; &nbsp; &nbsp; &nbsp; &nbsp; &nbsp; &nbsp; &nbsp; &nbsp; &nbsp; &nbsp; &nbsp; &nbsp; &nbsp; &nbsp; &nbsp; &nbsp; Je\u017ei\u0161ovi Kristovi!<\/p>\n\n\n\n<p>&nbsp;&nbsp; Dnes \u010fakujeme P\u00e1nu Bohu za \u00farody zeme. Nielen pracovn\u00edci v po\u013enohospod\u00e1rstve, nielen zahradk\u00e1ri a \u013eudia pracuj\u00faci v agrosektore, ale v\u0161etci, ktor\u00ed jeme chlieb ka\u017edodenn\u00fd, chlieb Bo\u017e\u00ed, m\u00e1me za\u0148 \u010fakova\u0165 Hospodinu. V\u0161etci m\u00e1me, alebo m\u00f4\u017eeme ma\u0165 vedomie o Bo\u017eej dobrote a starostlivosti o n\u00e1s a o cel\u00e9 stvorenstvo.<\/p>\n\n\n\n<p>Tak hovor\u00ed a vyzn\u00e1va aj \u017dalmista (\u017d 145, 15 &#8211; 16): <em>\u201cNa Teba sa up\u00ednaj\u00fa o\u010di v\u0161etk\u00fdch a Ty im na\u010das d\u00e1va\u0161 pokrm. Otv\u00e1ra\u0161 svoju ruku a v\u0161etko \u017eiv\u00e9 s\u00fdti\u0161 pod\u013ea \u013e\u00fabosti\u201d.<\/em><\/p>\n\n\n\n<p><em>&nbsp;&nbsp; &nbsp; <\/em>SZ \u017ealmista hovor\u00ed teda o celej \u017eivej pr\u00edrode ako takej, ktor\u00e1 \u017eije z dobroty a milosti Hospodinovej. O pocit z\u00e1vislosti stvorenstvav na Stvorite\u013eovi sved\u010d\u00ed aj v 104.\u017ealme, ke\u010f vyznal:<em>\u201d Lev\u00ed\u010dat\u00e1 rev\u00fa za koris\u0165ou a od Boha si pokrm \u017eiadaj\u00fa\u2026V\u0161etko to o\u010dak\u00e1va na Teba, aby si im na\u010das d\u00e1val pokrm. Ke\u010f ho d\u00e1va\u0161, zbieraj\u00fa &#8211; otv\u00e1ra\u0161 ruku, nas\u00fdtia sa dobr\u00fdmi vecmi\u201d.<\/em><\/p>\n\n\n\n<p><em>&nbsp; <\/em>T\u00fdmito slovami chce poveda\u0165, \u017ee vedomie z\u00e1vislosti na Bo\u017eej dobrote a po\u017eehnan\u00ed m\u00e1 ma\u0165 predov\u0161ekt\u00fdm samotn\u00fd \u010dlovek, ako koruna tvorstva. \u010clovek dostal od P\u00e1na Boha za pokrm semenoplodn\u00e9 bylinya P\u00e1nom stvoren\u00e9 zrno m\u00f4\u017ee rozsieva\u0165 a potom aj \u017ea\u0165 a zbera\u0165 dobr\u00fa \u00farodu. Boh dal rozsieva\u010dovi semeno a rpeto m\u00f4\u017eeme poveda\u0165, \u017ee od Neho m\u00e1me nov\u00fa a nov\u00fa \u00farodu, ktor\u00fa m\u00f4\u017eeme zbera\u0165 a prij\u00edma\u0165 tak, ako putuj\u00faci Izraelci zberali ka\u017ed\u00e9 nov\u00e9 r\u00e1no na p\u00fa\u0161ti mannu- chlieb nebesk\u00fd. V tomto vedom\u00ed apo\u0161tol Pavel hovor\u00ed a pripom\u00edna korintsk\u00fdm kres\u0165anom: <em>\u201cTen, ktor\u00fd rozsieva\u010dovi d\u00e1va semeno i chlieb, aby mal \u010do jes\u0165, <\/em><strong><em>d\u00e1 a rozmno\u017e\u00ed va\u0161e osivo,<\/em><\/strong><em> d\u00e1 vzrast va\u0161ej spravodlivosti a vo v\u0161etkom budete obohaten\u00ed na <\/em><strong><em>v\u0161emo\u017en\u00fa \u0161tedros\u0165\u2026\u201d.<\/em><\/strong><\/p>\n\n\n\n<p><em>&nbsp; &nbsp; &nbsp;<\/em> Pavlove slov\u00e1 s\u00fa pravdiv\u00fdmi slovami a my sa z roka na rok presvied\u010dame o ich pravdivosti. M\u00e1lo semena a m\u00e1lo zrna P\u00e1n Boh predivne rozmno\u017euje a daruje n\u00e1m ve\u013ea zrna; m\u00e1lo chleba rozmno\u017euje na mnoho chleba pre v\u0161etk\u00fdch \u013eud\u00ed. Tieto slov\u00e1 n\u00e1s upom\u00ednaj\u00fa na SZ za\u013e\u00fabenie ktor\u00e9 zaznelo Noachovi u\u017e na po\u010diatku dej\u00edn, po z\u00e1niku star\u00e9ho sveta a po skon\u010den\u00ed potopy:<em>\u201d Dokia\u013e zem trva\u0165 bude, sejba ni \u017eatva, chlad ni hor\u00fa\u010dos\u0165, leto ani zima, de\u0148 ani noc nikdy neprestan\u00fa\u201d. (1 M 8, 22)<\/em><\/p>\n\n\n\n<p><em>&nbsp;&nbsp; <\/em>Preto aj my dnes opr\u00e1vnene m\u00f4\u017eeme sv\u00e4ti\u0165 nede\u013eu v\u010fakyvzdania, ke\u010f P\u00e1n&nbsp; Boh op\u00e4\u0165 po\u017eehnal pod\u013ea svojho s\u013eubu, na\u0161u zem: polia, z\u00e1hrady, sady i vinice. Z\u00e1rove\u0148 po\u017eehnal aj v\u0161etku poctiv\u00fa pr\u00e1cu: sejbu i \u017eatvu. Napriek r\u00f4znym v\u00fdkyvom a rozmarom po\u010dasia, napriek r\u00f4znym pohrom\u00e1m, ktor\u00e9 lok\u00e1lne prich\u00e1dzaj\u00fa a prichd\u00e1dzali, On sa dok\u00e1zal ako \u0161tedr\u00fd Darca.<\/p>\n\n\n\n<p>&nbsp;&nbsp; &nbsp; Hospodin sa dokazuje ako \u0161tedr\u00fd Darca pre v\u0161etk\u00fdch \u013eud\u00ed. Pre <em>takzvane \u201cdobr\u00fdch i zl\u00fdch\u201d<\/em>. P\u00e1n Je\u017ei\u0161 n\u00e1m to s\u00e1m jasne pripomenul vo svoje zvesti o Otcovi, ke\u010f povedal: <em>\u201d Ve\u010f On d\u00e1va vych\u00e1dza\u0165 slncu na zl\u00fdch aj na dobr\u00fdch a posiela d\u00e1\u017e\u010f na spravodliv\u00fdch aj na nespravodliv\u00fdch\u201d . (Mt 5, 45)&nbsp;<\/em><\/p>\n\n\n\n<p><em>&nbsp; &nbsp;<\/em> Slovami <em>\u201ctakzvane dobr\u00fdm i zl\u00fdm\u201d<\/em>&nbsp; vyjadrujeme zves\u0165 P\u00edsma o tom, \u017ee v\u0161etci \u013eudia s\u00fa hrie\u0161ni a v\u0161etci \u017eijeme iba z milosti Bo\u017eej.<\/p>\n\n\n\n<p>&nbsp;Z milosti Bo\u017eej sme aj zachr\u00e1nen\u00fd pre ve\u010dnos\u0165, Kristov\u00fdmi z\u00e1sluhami.&nbsp;<\/p>\n\n\n\n<p>&nbsp; &nbsp; &nbsp; Preto aj telesn\u00e9 zemsk\u00e9 dary s\u00fa darom tej istej Bo\u017eej milosti, ktorou predch\u00e1dza Hospodin v\u0161etko na\u0161e konanie, ale aj v\u0161etky&nbsp; &nbsp; na\u0161e modlitby a prosby.&nbsp; Ak by sme dost\u00e1vali ka\u017edodenne iba to\u013eko chleba, ko\u013eko si vypros\u00edme v modlitb\u00e1ch, bolo by to iste ve\u013emi m\u00e1lo.<\/p>\n\n\n\n<p>&nbsp; &nbsp; Modlitbu a 4. prosbou Ot\u010den\u00e1\u0161a&nbsp; \u201cchlieb n\u00e1\u0161 ka\u017edodenn\u00fd daj n\u00e1m dnes\u201d v\u0161ak nielen \u017eiadame rozli\u010dn\u00e9 telesn\u00e9 dary, <em>\u201cale my pros\u00edme v tejto prosbe, aby n\u00e1m to dal pozna\u0165 a tak s v\u010fakou prij\u00edma\u0165 n\u00e1\u0161 ka\u017edodenn\u00fd chlieb\u201d. (M. Luther: MK) <\/em>Pros\u00edme aj preto, aby sme nezab\u00fadali P\u00e1nu Bohu slovom i pies\u0148ami \u010fakova\u0165 a dobrore\u010di\u0165, ako to vyjadruje zn\u00e1me ne\u0161porn\u00e1 piese\u0148: <em>\u201dTebe patr\u00ed v\u010faka vr\u00faca &#8211; z h\u013abky \u00farprimn\u00e9ho srdca, \u017ee sa o n\u00e1s v\u0161etk\u00fdch star\u00e1\u0161, &#8211; v\u0161etko potrebn\u00e9 n\u00e1m d\u00e1va\u0161, Kr\u00e1\u013eu ve\u010dn\u00fd! (ES 408, 1).<\/em><\/p>\n\n\n\n<p>&nbsp;&nbsp; &nbsp; To je \u00faloha a poslanie \u010dloveka stvoren\u00e9ho na Bo\u017e\u00ed obraz. \u010cloveka, ktor\u00fd m\u00e1 nielen dary prij\u00edma\u0165, ale aj \u010fakova\u0165 a tie\u017e kona\u0165 tak, ako kon\u00e1 n\u00e1\u0161 nebesk\u00fd Otec, toti\u017e, prejavova\u0165 l\u00e1sku k bl\u00ed\u017enym aj prostredn\u00edctvom prijat\u00fdch telesn\u00fdch darov.<\/p>\n\n\n\n<p>&nbsp;&nbsp; &nbsp; &nbsp; &nbsp; &nbsp; Bratia a sestry v P\u00e1novi!<\/p>\n\n\n\n<p>&nbsp; &nbsp; Je pravdou, \u017ee neraz vid\u00edme skuto\u010dnos\u0165, \u017ee sa na svete jednolivcom, skupin\u00e1m, \u010di cel\u00fdm n\u00e1rodom neodst\u00e1va dostatok chleba, vid\u00edme biednych i hladuj\u00facich, dokonca od hladu umieraj\u00facich \u013eud\u00ed. Znamen\u00e1 to azda, \u017ee na nich P\u00e1n Boh zabudol, \u017ee nepo\u017eehnal dostato\u010dne t\u00fato zem \u00farodami?<\/p>\n\n\n\n<p>&nbsp;&nbsp; Prem\u00fd\u0161\u013eajme, \u010di je to prejav nedostatku l\u00e1sky Bo\u017eej, alebo l\u00e1sky \u013eud\u00ed! Mysl\u00edm, \u017ee je zjavn\u00e9, \u017ee za nedostatkom chleba a toho, \u010do k chlebu patr\u00ed, je v\u017edy hriech \u013eud\u00ed: \u013eudsk\u00fd egoizmus, sebectvo jednotlivcov, skup\u00edn, alebo niekedy aj cel\u00fdch n\u00e1rodov.&nbsp;<\/p>\n\n\n\n<p>&nbsp; &nbsp; &nbsp; &nbsp; Aj za s\u00fa\u010dasn\u00fdmi pr\u00edrodn\u00fdmi katastrofami stoj\u00ed jednozna\u010dne sebectvo \u010dloveka, niekedy aj cel\u00fdch \u0161t\u00e1tov a n\u00e1rodov. Zl\u00e9 a nezodpovedn\u00e9 \u0161af\u00e1renie a naru\u0161en\u00e9 ekosyst\u00e9my, sp\u00f4soben\u00e9 drancovan\u00edm pr\u00edrody a pr\u00edrodn\u00fdch zdrojov, kv\u00f4li okam\u017eit\u00e9mu zisku a nadby\u010dn\u00e9mu hromadenie kapit\u00e1lu. To je iste celkom zjavn\u00e9\u2026Zlyh\u00e1vaj\u00fa v\u017edy \u013eudia. Biblicky povedan\u00e9: \u010dlovek sa \u010dasto st\u00e1va zl\u00fdm hospod\u00e1rom, alebo aj nerozumn\u00fdm \u0161af\u00e1rom a spr\u00e1vcom tejto zeme, \u00e1no i svojej vlastnej krajiny. Ak je u\u017e nutnos\u0165, pre priame ohrozenie \u017eivota&nbsp; napr\u00e1va\u0165 ekologick\u00e9 hrozby za ve\u013ek\u00e9 peniaze, ktor\u00e9 v rozpo\u0161toch ch\u00fdbaj\u00fa na in\u00e9 veci, aj to je prejavom nel\u00e1sky \u013eudskej, ale nie Bo\u017eej.&nbsp;<\/p>\n\n\n\n<p>&nbsp; &nbsp; Bratia a sestry! &nbsp; &nbsp;<\/p>\n\n\n\n<p>&nbsp;&nbsp; Apo\u0161tol Pavel v s\u00favise s darmi a po\u017eehnan\u00edm miluj\u00faceho Otca nebesk\u00e9ho, nasto\u013euje nielen slov\u00e1 kritiky lakomstva, ale hovor\u00ed najm\u00e4 o d\u00f4le\u017eitosti prejavu \u0161tedrosti t\u00fdch, ktor\u00fdm bol dan\u00fd <em>\u201cdostatok v\u0161etk\u00e9ho dobr\u00e9ho a aj nadbytok pre ka\u017ed\u00fd dobr\u00fd skutok\u201d. <\/em>T\u00fato \u00falohu menuje slu\u017ebou spravodlivosti, alebo na inom mieste aj slu\u017ebou l\u00e1sky.<\/p>\n\n\n\n<p>&nbsp; &nbsp; Pavol s\u00e1m mal na svojich misijn\u00fdch cest\u00e1ch na mysli najm\u00e4 chudobn\u00fdch \u013eud\u00ed v Palest\u00edne a preto nev\u00e1hal prosperuj\u00facich korintsk\u00fdch upozorni\u0165 na t\u00fato ot\u00e1zku a povinnos\u0165 pomoci chudobn\u00fdm. <em>\u201cToto v\u0161ak hovor\u00edm: kto sk\u00fapo rozsieva, sk\u00fapo bude aj \u017ea\u0165; kto v\u0161ak hojne rozsieva, hojne bude aj \u017ea\u0165\u201d. (v. 6)&nbsp;<\/em><\/p>\n\n\n\n<p>&nbsp; &nbsp; Gr\u00e9kom do Korintu nap\u00edsal aj o pr\u00edkladnej slu\u017ebe kres\u0165anov v Maked\u00f3nii takto: <em>\u201cVyd\u00e1vam im svedectvo, \u017ee dali pod\u013ea mo\u017enosti, aj nad mo\u017enos\u0165. Sami od seba a ve\u013emi naliehave n\u00e1s prosili, aby mohli ma\u0165 \u00fa\u010das\u0165 na dobro\u010dinnosti a na slu\u017ebe sv\u00e4t\u00fdm (kres\u0165anom).<\/em><\/p>\n\n\n\n<p><em>( 2 K 8, 3-4)<\/em><\/p>\n\n\n\n<p>&nbsp; &nbsp; Preto na Pavlov pokyn aj v Korinte mal dokon\u010di\u0165 <em>\u201cdielo l\u00e1sky\u201d &#8211;<\/em>zbierku (kolektu) jeho spolupracovn\u00edk Titus. Aj tu sa zbierka ukazovala ve\u013emi s\u013eubne.<\/p>\n\n\n\n<p>&nbsp;&nbsp; V pre\u010d\u00edtan\u00fdch slov\u00e1m apo\u0161tol Pavel vyslovil nieko\u013eko d\u00f4le\u017eit\u00fdch z\u00e1sad aj pre na\u0161e teraj\u0161ie darcovstvo, o ktorom sa v cirkvi ve\u013ea hovor\u00ed.&nbsp;<\/p>\n\n\n\n<p>&nbsp;&nbsp; &nbsp; Predov\u0161etk\u00fdm je to z\u00e1sada, aby dobro\u010dinnos\u0165, ako skutok l\u00e1sky, \u010di u\u017e vo\u010di spolo\u010denstvu zboru, cirkvi, vo\u010di jednotlivcovi, alebo skupine \u013eud\u00ed, ktor\u00ed potrebuj\u00fa pomoc , vych\u00e1dzal z veriaceho a ochtn\u00e9ho srdca. V cirkvi nem\u00e1 \u00eds\u0165 o m\u00e1rnu svetsk\u00fa sl\u00e1vu, ako to ve\u013emi \u010dasto b\u00fdva vo svete, \u017ee sa dary -sponzorsk a in\u00e9 d\u00e1vaj\u00fa v pr\u00edtomnosti telv\u00edznych kamier. \u010casto ide sk\u00f4r o maskovan\u00fa reklamu, alebo publicitu, ako o skuto\u010dn\u00fd z\u00e1ujem o bl\u00ed\u017enych. Lebo- \u00e1no, pohn\u00fatky \u013eud\u00ed nie\u010do obetova\u0165 m\u00f4\u017eu by\u0165 r\u00f4zne a nerazide sk\u00f4r o m\u00e1rnu, pominute\u013en\u00fa chv\u00e1lu. V takom pr\u00edpade plat\u00ed slovo P\u00e1novo: \u201cmajp svoju odplatu\u201d. M\u00f4\u017eu ju zo\u017ea\u0165 s\u00edce na zemi, ale \u017eiadna in\u00e1, toti\u017e nebesk\u00e1 ich u\u017e ne\u010dak\u00e1.<\/p>\n\n\n\n<p>&nbsp;&nbsp; &nbsp; V cirkvi by sme mali preferova\u0165 dobrovo\u013en\u00e9 darcovstvo, dobrovo\u013en\u00e9 milodary, pred ak\u00fdmiko\u013evek vynucovan\u00fdmi pr\u00edspevkami. Apo\u0161tolsk\u00e9 slovo je dobrou radou aj pre n\u00e1s: <em>\u201d Ka\u017ed\u00fd nech d\u00e1, ako si zaumienil v srdci, nie z neochoty, alebo z prin\u00fatenia, lebo ochotn\u00e9ho darcu miluje Boh\u201d.&nbsp;<\/em><\/p>\n\n\n\n<p><em>&nbsp;&nbsp; &nbsp; <\/em>Bratia a sestry &#8211; toto slovo plat\u00ed pre v\u0161etky cirkevn\u00e9 aktivity, bez oh\u013eadu na to, \u010do je pr\u00e1ve prioriou pre cirkev, alebo cirkevn\u00fd zbor.<\/p>\n\n\n\n<p>Dielo l\u00e1sky patr\u00ed k misijn\u00e9mu p\u00f4sobeniu cirkvi &#8211; \u010di u\u017e ide o misiu vonkaj\u0161iu, alebo vn\u00fatorn\u00fa, konan\u00fa v r\u00e1mci cirkevn\u00e9ho zboru.<\/p>\n\n\n\n<p>&nbsp; &nbsp; Predpoklad\u00e1m, \u017ee v\u0161etci viete, ak\u00e9 potreby a ciele m\u00e1 na\u0161a ECAV a aj n\u00e1\u0161 CZ v s\u00fa\u010dasnosti. Mo\u017eno ich zadeli\u0165 do troch oblast\u00ed: a) udr\u017eiavanie a opravy cirkevn\u00fdch budov\u2026<\/p>\n\n\n\n<p>b) posilnenie samofinancovia cirkvi na v\u0161etk\u00fdch \u00farovniach, podpora Diakonie a cirkevn\u00e9ho \u0161kolstva&nbsp;<\/p>\n\n\n\n<p>c) Pomoc chudobnej\u0161\u00edm evanj.cirkv\u00e1m v tzv. tre\u0165om svete a pomoc \u013eu\u010fom postihnut\u00fd \u017eiveln\u00fdmi pohromami<\/p>\n\n\n\n<p>&nbsp;&nbsp; &nbsp; Bratia a sestry!<\/p>\n\n\n\n<p>&nbsp; &nbsp; \u010eakujeme dnes P\u00e1nu Bohu za v\u0161etky Jeho dary a po\u017eehnanie telesn\u00fdch a hmotn\u00fdch darov. Prekona\u0165 prirodzen\u00e9 egoistick\u00e9 myslenie a c\u00edtenie m\u00f4\u017eeme iba s pomocou milosti, ktor\u00fa pozn\u00e1me v nov\u00fdch a nov\u00fdch prejavoch Bo\u017eieho po\u017eehnania. T\u00e1to milos\u0165 n\u00e1m d\u00e1va e\u0161te viac: toti\u017e rados\u0165 z darcovstva, rados\u0165 z pomoci a prejavenej l\u00e1sky k bl\u00ed\u017enym, \u010do je mo\u017en\u00e9 tam, kde \u010dlovek jasne vid\u00ed a vie, \u010do sme od P\u00e1na Boha prijali. Ten, ktor\u00fd n\u00e1m po\u017eehnal \u00farody a potreby pre telo, nech rozhojn\u00ed na\u0161u d\u00f4veru, na\u0161u v\u010faku i slu\u017ebu l\u00e1sky k cirkvi i bl\u00ed\u017enyym. Amen&nbsp;<\/p>\n\n\n\n<p>&nbsp;&nbsp; &nbsp; Po\u010fakovanie za \u00farody zeme &#8211; Myjava 2021- Mgr.Lubom\u00edr Batka st. &nbsp; &nbsp;<\/p>\n","protected":false},"excerpt":{"rendered":"<p>&nbsp;&nbsp; &nbsp; Ochotn\u00e9ho darcu miluje Boh Tys dal n\u00e1m, Bo\u017ee, \u010do treba\u2026 Bu\u010f Ti dnes sl\u00e1va, veleba &#8211; za chlieb a zdravie i \u010do m\u00e1me \u010fakujeme Ti v na\u0161om chr\u00e1me. A ke\u010f u\u017e m\u00e1me zas \u010do jes\u0165 &#8211;&nbsp; patr\u00ed Ti v\u010faka a v\u0161etka \u010des\u0165! Ve\u010f n\u00e1s i \u010falej &#8211; dary v zdrav\u00ed u\u017ei\u0165 a Tebe, &#8230; <a title=\"Ochotn\u00e9ho darcu miluje Boh\" class=\"read-more\" href=\"https:\/\/www.e-anjelik.sk\/index.php\/2021\/11\/23\/ochotneho-darcu-miluje-boh-2\/\" aria-label=\"Pre\u010d\u00edtajte si viac o Ochotn\u00e9ho darcu miluje Boh\">\u010c\u00edta\u0165 viac<\/a><\/p>\n","protected":false},"author":4,"featured_media":0,"comment_status":"open","ping_status":"open","sticky":false,"template":"","format":"standard","meta":{"footnotes":""},"categories":[119,121,118,6,533],"tags":[],"class_list":["post-35105","post","type-post","status-publish","format-standard","hentry","category-obdobie-po-sv-trojici","category-kazne","category-myjava","category-myjavsky-seniorat","category-podakovanie-za-urody-zeme"],"_links":{"self":[{"href":"https:\/\/www.e-anjelik.sk\/index.php\/wp-json\/wp\/v2\/posts\/35105","targetHints":{"allow":["GET"]}}],"collection":[{"href":"https:\/\/www.e-anjelik.sk\/index.php\/wp-json\/wp\/v2\/posts"}],"about":[{"href":"https:\/\/www.e-anjelik.sk\/index.php\/wp-json\/wp\/v2\/types\/post"}],"author":[{"embeddable":true,"href":"https:\/\/www.e-anjelik.sk\/index.php\/wp-json\/wp\/v2\/users\/4"}],"replies":[{"embeddable":true,"href":"https:\/\/www.e-anjelik.sk\/index.php\/wp-json\/wp\/v2\/comments?post=35105"}],"version-history":[{"count":1,"href":"https:\/\/www.e-anjelik.sk\/index.php\/wp-json\/wp\/v2\/posts\/35105\/revisions"}],"predecessor-version":[{"id":35106,"href":"https:\/\/www.e-anjelik.sk\/index.php\/wp-json\/wp\/v2\/posts\/35105\/revisions\/35106"}],"wp:attachment":[{"href":"https:\/\/www.e-anjelik.sk\/index.php\/wp-json\/wp\/v2\/media?parent=35105"}],"wp:term":[{"taxonomy":"category","embeddable":true,"href":"https:\/\/www.e-anjelik.sk\/index.php\/wp-json\/wp\/v2\/categories?post=35105"},{"taxonomy":"post_tag","embeddable":true,"href":"https:\/\/www.e-anjelik.sk\/index.php\/wp-json\/wp\/v2\/tags?post=35105"}],"curies":[{"name":"wp","href":"https:\/\/api.w.org\/{rel}","templated":true}]}}