{"id":35116,"date":"2021-11-27T00:09:33","date_gmt":"2021-11-26T23:09:33","guid":{"rendered":"https:\/\/e-anjelik.sk\/?p=35116"},"modified":"2021-11-27T00:09:33","modified_gmt":"2021-11-26T23:09:33","slug":"dakovne-sluzby-bozie-na-poriadi","status":"publish","type":"post","link":"https:\/\/www.e-anjelik.sk\/index.php\/2021\/11\/27\/dakovne-sluzby-bozie-na-poriadi\/","title":{"rendered":"\u010eakovn\u00e9 slu\u017eby Bo\u017eie na Poriad\u00ed"},"content":{"rendered":"\n<p><em>&nbsp; &nbsp; &nbsp;<\/em><strong> \u010eakovn\u00e9 slu\u017eby Bo\u017eie na Poriad\u00ed<\/strong><\/p>\n\n\n\n<p><em>Pane n\u00e1\u0161, \u010duj svoj \u013eud<\/em><\/p>\n\n\n\n<p><em>a posv\u00e4\u0165 myse\u013e, hru\u010f &#8211;<\/em><\/p>\n\n\n\n<p><em>z l\u00e1sky n\u00e1s uhosti<\/em><\/p>\n\n\n\n<p><em>t\u00fdm slovom milosti!<\/em><\/p>\n\n\n\n<p><em>Nech ono v ka\u017ed\u00fd \u010das<\/em><\/p>\n\n\n\n<p><em>ku \u0161\u0165astiu vedie n\u00e1s,<\/em><\/p>\n\n\n\n<p><em>povzn\u00e1\u0161a posilou<\/em><\/p>\n\n\n\n<p><em>v \u017eivote &#8211; pri smrti<\/em><\/p>\n\n\n\n<p><em>n\u00e1dejou premilou!&nbsp; Amen. (M.R.)<\/em><\/p>\n\n\n\n<p><strong>\u017d 103, 1 &#8211; 5:<\/strong><\/p>\n\n\n\n<p><em>\u201cDobrore\u010d, du\u0161a moja, Hospodinu&nbsp;<\/em><\/p>\n\n\n\n<p><em>a cel\u00e9 moje vn\u00fatro Jeho sv\u00e4t\u00e9mu menu!<\/em><\/p>\n\n\n\n<p><em>(2) Dobrore\u010d, du\u0161a moja, Hospodinu<\/em><\/p>\n\n\n\n<p><em>a nezab\u00fadaj na \u017eiadne Jeho dobrodenia!<\/em><\/p>\n\n\n\n<p><em>(3) On odp\u00fa\u0161\u0165a ti v\u0161etky tvoje viny<\/em><\/p>\n\n\n\n<p><em>On uzdravuje v\u0161etky tvoje nemoci.<\/em><\/p>\n\n\n\n<p><em>(4) \u017divot ti vykupuje z hrobu,<\/em><\/p>\n\n\n\n<p><em>ven\u010d\u00ed \u0165a milos\u0165ou a milosrdenstvom.<\/em><\/p>\n\n\n\n<p><em>(5) \u017divot ti s\u00fdti dobr\u00fdmi vecmi,<\/em><\/p>\n\n\n\n<p><em>mlados\u0165 tvoja sa obnovuje ako orol\u201d.<\/em><\/p>\n\n\n\n<p><em>&nbsp; &nbsp; <\/em>Bohumil\u00ed kres\u0165ania, bratia a sestry v Kristu, P\u00e1novi!<\/p>\n\n\n\n<p>&nbsp;&nbsp; V dne\u0161n\u00fd v\u00fdznamn\u00fd a pam\u00e4tn\u00fd de\u0148 v\u0161etk\u00fdch evanjelick\u00fdch kres\u0165anov, v de\u0148 Pamiatky reform\u00e1cie, prich\u00e1dzam k V\u00e1m s posolstvom Bo\u017eieho slova, ktor\u00e9 n\u00e1s chce oslovi\u0165 nielen pri tejto jednej, ale hne\u010f pri \u0161tyroch spomienkach, na ktor\u00e9 dnes mysl\u00edme a ktor\u00e9 si ako evanjelick\u00ed kres\u0165ania v\u00e1\u017eime. Spomeniem ich v takom porad\u00ed, v ktorom sa im budeme venova\u0165 v \u010fal\u0161om svedectve a k\u00e1zan\u00ed Bo\u017eieho slova.<\/p>\n\n\n\n<p>&nbsp; &nbsp; Na \u00favod chcem spomen\u00fa\u0165 spomienku a pamiatku, ktor\u00e1 sa t\u00fdka najm\u00e4 v\u00e1s evanjelikov, bratov a sestry \u017eij\u00facich tu <strong>na Poriad\u00ed<\/strong>, ktor\u00fa si v poslednom obdob\u00ed pripom\u00ednate pravidelne v tunaj\u0161ej f\u00edlii a obci &#8211; a to je <strong>93 &#8211; v\u00fdro\u010die posv\u00e4tenia tunaj\u0161ej zvonice.<\/strong> Postavili ju Va\u0161i predkovia zrejme pod vplyvom udalost\u00ed, ktor\u00e9 sa odohrali v roku 1925, ke\u010f obec zachv\u00e1til rozsiahly po\u017eiar a v tunaj\u0161ej dedine zhorelo viacero domov a stod\u00f4l. Je zrejm\u00e9, \u017ee mnoh\u00e9 rodiny utrpeli zna\u010dn\u00e9 hospod\u00e1rske \u0161kody a bolo potrebn\u00e9 n\u00e1js\u0165 pre bud\u00facnos\u0165 sp\u00f4sob, ako po\u017eiar v\u010das ohl\u00e1si\u0165, aby sa mohli obyvatelia z\u00eds\u0165 k&nbsp; haseniu po\u017eiaru a k potrebnej pomoci.<\/p>\n\n\n\n<p>&nbsp; &nbsp; Mus\u00edm v\u0161ak poveda\u0165, \u017ee v cirkevn\u00fdch z\u00e1pisniciach konventov a presbyterstiev som nena\u0161iel o stavbe a vtedaj\u0161om konan\u00ed \u017eiaden z\u00e1pis a ani \u017eiadnu \u010fal\u0161iu inform\u00e1ciu, ktor\u00e1 by n\u00e1m t\u00fato udalos\u0165 bli\u017e\u0161ie objasnila. M\u00f4\u017eeme iba predpoklada\u0165, \u017ee p\u00f4vodn\u00e1, zrejme dreven\u00e1 zvonica bola posv\u00e4ten\u00e1 slovom Bo\u017e\u00edm a modlitbou vtedaj\u0161ieho brata far\u00e1ra Pavla Lacku, za p\u00f4sobenia zborov\u00e9ho&nbsp; in\u0161pektora J\u00e1na Val\u00e1\u0161ka a kur\u00e1torov J\u00e1na Folt\u00fdna a \u0160tefana Gre\u010dn\u00e9ho. Pam\u00e4tn\u00edci tejto stavby a udalost\u00ed n\u00e1s u\u017e predi\u0161li na ve\u010dnos\u0165 a nem\u00e1me, \u017eia\u013e, \u017eiadne bli\u017e\u0161ie inform\u00e1cie z tejto doby i ke\u010f nevylu\u010dujem, \u017ee sa predsa len m\u00f4\u017ee v arch\u00edve nejak\u00e1 inform\u00e1cia nach\u00e1dza\u0165.<\/p>\n\n\n\n<p>&nbsp;&nbsp; <strong>O posviacke obnovenej zvonice<\/strong>, ktor\u00e1 bola medzi t\u00fdm postaven\u00e1 u\u017e z pevn\u00e9ho materi\u00e1lu, nach\u00e1dzame z\u00e1znam v k\u0148azskej zpr\u00e1ve brata far\u00e1ra, v blahej pam\u00e4ti, Martina Sleziaka, ktor\u00fd citujem doslovne:<em> \u201d27.okt.(1968)&nbsp; popoludn\u00ed mali sme na Poriad\u00ed mil\u00fa sl\u00e1vnos\u0165 obnovenej zvonice. Ve\u013ek\u00e9 z\u00e1stupy veriaceho \u013eudu po\u010d\u00favali slovo Bo\u017eie, ktor\u00e9 zvestoval brat Pavel Proksa, far\u00e1r holi\u010dsk\u00fd. Vlastn\u00fd akt posviacky previedol bart senior Ko\u0161tial za asistencie br.konseniora Oravca, far\u00e1ra z Kostoln\u00e9ho. Hist\u00f3riu stavby a obnovy zvonice predniesol dom\u00e1ci far\u00e1r M.Sleziak a liturgovali bratia M.Kachni\u010d a J\u00e1n \u010eurov\u201d.<\/em> &nbsp;<\/p>\n\n\n\n<p>&nbsp;&nbsp; &nbsp; &#8211; Dnes sa teda pristavujeme zvl\u00e1\u0161\u0165 pri tomto<strong> 53.v\u00fdro\u010d\u00ed pamiatky posv\u00e4tenia,<\/strong> ke\u010f sa zvonica stala u\u017e viac znakom tunaj\u0161ej cirkvi, znakom toho, \u017ee tu sa sch\u00e1dzal a sch\u00e1dza \u013eud Bo\u017e\u00ed k po\u010d\u00favaniu Bo\u017eieho slova, k \u010domu sl\u00fa\u017ei aj obnoven\u00e1 p\u00f4vodn\u00e1 cirkevn\u00e1 \u0161kola Daniela Krmana ml. a premenen\u00e1 na bohoslu\u017eobn\u00fa miestnos\u0165. Tu plat\u00ed a zneje teda <strong>na\u0161e prv\u00e9 ve\u013ek\u00e9 po\u010fakovanie P\u00e1nu Bohu <\/strong>in\u0161pirovan\u00e9 slovom 103 \u017ealmu: <em>\u201dDobrore\u010d du\u0161a Hospodinu a cel\u00e9 na\u0161e vn\u00fatro Jeho menu sv\u00e4t\u00e9mu!&nbsp; &#8211; Dobrore\u010d du\u0161a na\u0161a Hospodinu a na \u017eiadne Jeho dobrodenie nezab\u00fadaj!\u201d<\/em><\/p>\n\n\n\n<p><em>&nbsp; &nbsp;<\/em> I ke\u010f sa tuna Poriad\u00ed slu\u017eby Bo\u017eie konali nesk\u00f4r op\u00e4\u0165 len sporadicky a obmedzene vzh\u013eadom na politicky nepriazniv\u00fa situ\u00e1ciu, i ke\u010f dokonca v niektor\u00e9 roky aj vystali &#8211; <strong>tu je z\u00e1klad d\u0148a<\/strong>, ktor\u00fd naz\u00fdvame Pamiatka posv\u00e4tenia cirkevn\u00fdch budov (\u013eudove: Hody). Toto posv\u00e4ten\u00e9 miesto spolu so zvonicou ved\u013ea sl\u00fa\u017ei v\u00e1m, tunaj\u0161\u00edm evanjelikom dodnes a ver\u00edme, \u017e ebude sl\u00fa\u017ei\u0165 aj bud\u00facim gener\u00e1ciam tunaj\u0161\u00edch evanjelikov. Ide najm\u00e4 o to, aby sme si nielen tieto stavby rukami predkov zhotoven\u00e9 v\u00e1\u017eili, ale aby sme ich my i mlad\u0161ie gener\u00e1cie vn\u00edmali ako<strong> posv\u00e4ten\u00e9 &#8211; teda oddelen\u00e9 na slu\u017ebu Bo\u017eiu n\u00e1m a pre n\u00e1s<\/strong>. Tie\u017e ako miesto stretania sa t\u00fdch, ktor\u00ed v\u0161etky Bo\u017eie dary telesn\u00e9, \u010di duchovn\u00e9 prij\u00edmaj\u00fa s po\u010fakovan\u00edm a dobrore\u010den\u00edm.<\/p>\n\n\n\n<p><em>&nbsp;&nbsp; &nbsp; <\/em>P\u00e1n Boh n\u00e1m vo svojom slove sl\u00fa\u017ei svojou milos\u0165ou a ponukou odpustenia hriechov, skrze vieru v P\u00e1na Je\u017ei\u0161a Krista. \u017dalmista o tomto d\u00f4le\u017eitom dare sved\u010d\u00ed takto: <em>\u201dOn odp\u00fa\u0161\u0165a ti v\u0161etky tvoje viny. On uzdravuje v\u0161etky tvoje nemoci\u201d. <\/em>Za dar milosti, za odpustenie hriechov, ktor\u00fd m\u00f4\u017eeme skrze Krista a Jeho z\u00e1sluhy prij\u00edma\u0165, \u010fakujeme a dobrore\u010d\u00edme preto, aby smeboli zbaven\u00ed ka\u017ed\u00e9ho strachu, aby sme neutekali pred P\u00e1nom Bohom, ale sa k Nemu vracali ako Jeho deti a \u017eili pod Jeho pochranou s Jeho po\u017eehnan\u00edm.<\/p>\n\n\n\n<p>&nbsp; &nbsp;<strong> \u010eal\u0161ie dne\u0161n\u00e9 po\u010fakovanie patr\u00ed P\u00e1nu Bohu za Jeho telesn\u00e9 dary, <\/strong>na ktor\u00e9 dnes tie\u017e mysl\u00edme a pam\u00e4t\u00e1me. Preto dobrore\u010d\u00edme spolo\u010dne dnes <strong>Hospodinu aj za za \u00farody zeme<\/strong>, za chlieb ka\u017edodenn\u00fd!<\/p>\n\n\n\n<p>&nbsp;&nbsp; &nbsp; Bratia a sestry!&nbsp;<\/p>\n\n\n\n<p>&nbsp; &nbsp; Sme tu dnes ako gener\u00e1cie t\u00fdch, ktor\u00ed sa nemusia b\u00e1\u0165 hladu, ani nedostatku. Nie v\u017edy to bolo tak, \u017ee sa telesn\u00fdch darov a chleba dostatalo v\u0161etk\u00fdm do s\u00fdtosti. Hist\u00f3ria n\u00e1s o tom u\u010d\u00ed dostato\u010dne. My v\u0161ak chceme nielen dary Bo\u017eie prij\u00edma\u0165, ale chceme za ne aj \u010fakova\u0165. To je rozdiel medzi \u013eu\u010fmi tu na zemi. Veriaci nielen prij\u00edmaj\u00fa dary z Bo\u017eej ruky, ale za ne aj \u010fakuj\u00fa.&nbsp;<\/p>\n\n\n\n<p>&nbsp; &nbsp; P\u00e1n Boh d\u00e1va a rozmno\u017euje zrno a plody zeme dostato\u010dne pre v\u0161etk\u00fdch. D\u00e1va chlieb v\u0161etk\u00fdm bez rozdielu a d\u00e1va ho i bez n\u00e1\u0161ho modlenia. V\u017edy n\u00e1s predch\u00e1dza svojou l\u00e1skou. Ale my v duchu 4.prosby Ot\u010den\u00e1\u0161a vyjadrujeme nielen prosbu, ale aj osobn\u00fa v\u010faku za dary pre na\u0161e tel\u00e1. Lebo iste plat\u00ed slovo \u017ealmistu:<em>\u201d \u017divot ti s\u00fdti dobr\u00fdmi vecami, mlados\u0165 tvoja sa obnovuje ako orol\u201d. <\/em>My sme s\u00edce v myjavskom chr\u00e1me u\u017e venovali jednu nede\u013eu po\u010fakovaniu za \u00farody zeme, ale rob\u00edme tak aj dnes op\u00e4tovne tu na tomto mieste a<\/p>\n\n\n\n<p>op\u00e4\u0165 dnes spolo\u010dne vyzn\u00e1vame: <em>\u201cDobrore\u010d du\u0161a moja Hospodinu a na \u017eiadne Jeho dobrodenie nezab\u00fadaj!\u201d.&nbsp;<\/em><\/p>\n\n\n\n<p><em>&nbsp; &nbsp; &nbsp;<\/em> Bratia a sestry v P\u00e1novi!<\/p>\n\n\n\n<p>&nbsp; &nbsp; Nem\u00f4e\u017eme v dne\u0161n\u00fd de\u0148 ob\u00eds\u0165 ani \u010fal\u0161\u00ed d\u00f4le\u017eit\u00fd dar, ktor\u00fd dal P\u00e1n Boh svojej cirkvi na zemi, dar obnovenia a o\u010distenia viery, dar obnovenia mravnej slobody a dar znovuobjavenia posolstva evanjelia skrze mu\u017ea N\u00edm osloven\u00e9ho a povolan\u00e9ho: Dr.M.Luthera.<\/p>\n\n\n\n<p><strong>31.okt\u00f3ber n\u00e1m prin\u00e1\u0161a u\u017e 504 &#8211; t\u00e9 v\u00fdro\u010die Reform\u00e1cie<\/strong>, duchovnej obnovy cirkvi.<\/p>\n\n\n\n<p>&nbsp;&nbsp; Reform\u00e1cia nebola a nie je revol\u00facia. M.Luther svoj z\u00e1pas za o\u010distenie cirkvi od bludov a \u013eudsk\u00fdch n\u00e1nosov neviedol zbra\u0148ami, ani nijak\u00fdm n\u00e1sil\u00edm. Toto z\u00e1sadne odmietal, lebo neochvejne veril v moc Bo\u017eieho Slova. Veril tak, ako to dodnes spievame v na\u0161ej Hymne Hrad prepevn\u00fd: Slov\u00ed\u010dko ich poraz\u00ed.<\/p>\n\n\n\n<p>&nbsp; &nbsp; &nbsp; Piese\u0148 zlo\u017eil s\u00e1m M.Luther a je priamo <strong>programom na\u0161ej cirkvi<\/strong>. Ke\u010f sa mo\u017eno niektor\u00ed \u013eudia p\u00fdtaj\u00fa: Ako \u010falej \u00eds\u0165 v na\u0161ej crkvii ? Ako kr\u00e1\u010da\u0165, ako u\u010di\u0165, ako zvestova\u0165 evanjelium,<\/p>\n\n\n\n<p>&nbsp;ako&nbsp; bojova\u0165 a pracova\u0165 &#8211; tu dost\u00e1vame d\u00f4le\u017eit\u00e9 odpovede. Lutherovi mnoh\u00ed vy\u010d\u00edtali, \u017ee odmietol pomoc panstva, rytierov \u010di sedliakov ochotn\u00fdch bojova\u0165 za reformu cirkvi tak, ako to urobili husiti 100 rokov predt\u00fdm. Odmietol aj vzburu ro\u013en\u00edkov, \u010do mu vy\u010d\u00edtaj\u00fa dne\u0161n\u00ed <em>\u201crevolucion\u00e1ri\u201d<\/em>, lebo principi\u00e1lne odmietal boj a krviprelievanie za vec evanjelia. Odmietol cestu Ulrycha Zwingliho, \u0161vaj\u010diarskeho reform\u00e1tora i n\u00e1vrh \u010desk\u00fdch husitov, ktor\u00ed si mysleli, \u017ee by Luthera mohli pozva\u0165 do Prahy, ako pozvali Tom\u00e1\u0161a M\u00fcnzera, aby viedol ozbrojen\u00fd z\u00e1pas za o\u010distu cirkvi.<\/p>\n\n\n\n<p>&nbsp;&nbsp; &nbsp; Neprij\u00edmal s d\u00f4verou vznik Schmalkaldsk\u00e9ho spolku na ochranu v\u00fddobytkov reform\u00e1cie i ke\u010f zo strany nepriate\u013eov padali nielen ur\u00e1\u017eky, ale aj vyhr\u00e1\u017eky a zacvend\u017eali zbrane. Uznal a podporil iba boj cis\u00e1ra proti tureck\u00fdm Osmanom, ktor\u00fd p\u013eundrovali Eur\u00f3pu i na\u0161e slovensk\u00e9 \u00fazemie. To v\u0161ak bola vojna obrann\u00e1 a nie \u00fato\u010dn\u00e1, veden\u00e1 \u0161t\u00e1tom, ktor\u00fd m\u00e1 garantova\u0165 ob\u010danom mier a pokoj.<\/p>\n\n\n\n<p>&nbsp;&nbsp; &nbsp; Ot\u00e1zka pre n\u00e1s, pri dne\u0161nom sviatku je v\u0161ak rovnak\u00e1, ako to bolo v dejin\u00e1ch cirkvi v\u017edy: D\u00f4verujeme aj my P\u00e1nu Bohu ? Ver\u00edme&nbsp; Bo\u017eiemu slovu a evanjeliu o na\u0161om vyk\u00fapen\u00ed a spasen\u00ed? \u010ci n\u00e1jde P\u00e1n Je\u017ei\u0161, ke\u010f pr\u00edde, vieru na zemi ? N\u00e1jde ju aj u n\u00e1s, v na\u0161ich srdciach a v srdciach dne\u0161n\u00fdch evanjelikov?<\/p>\n\n\n\n<p>&nbsp;&nbsp; &nbsp; Spom\u00ednamee na reforma\u010dn\u00fd odkaz nie preto, \u017ee oslavujeme M.Luthera ako \u010dloveka, ale svedka P\u00e1na Je\u017ei\u0161a Krista. Svedka, ktor\u00fd svoj\u00edm vyznan\u00edm, u\u010den\u00edm a \u017eivotom dok\u00e1zal d\u00f4veru v moc Bo\u017eieho slova a v d\u00f4veru v zas\u013e\u00fabenie svojho P\u00e1na. V tom ho m\u00e1me a m\u00f4\u017eeme nasledova\u0165 aj my a na\u0161i potomkovia &#8211; a vtedy iste <em>\u201czahanben\u00ed nebudeme\u201d.<\/em><\/p>\n\n\n\n<p><strong><em>&nbsp; &nbsp;<\/em><\/strong> Bratia a sestry v P\u00e1nu!&nbsp;<\/p>\n\n\n\n<p><strong><em>&nbsp; &nbsp; Z\u00e1verom<\/em><\/strong><em> by som chcel pouk\u00e1za\u0165 aj na <\/em><strong><em>\u0161tvrt\u00fd d\u00f4vod n\u00e1\u0161ho <\/em><\/strong><em>dne\u0161n\u00e9ho spolo\u010dn\u00e9ho dobrore\u010denia Hospodinu<\/em><strong><em>&#8211;&nbsp;<\/em><\/strong><em> n\u00e1\u0161mu <\/em>nebesk\u00e9mu Otcovi. Op\u00e4\u0165 n\u00e1s k tomu povzbudzuje a na tento d\u00f4vod poukazuje priamo slovo \u017dalmistu, ktor\u00fd hovor\u00ed: <em>\u201c \u017divot ti vykupuje z hrobu, ven\u010d\u00ed \u0165a milos\u0165ou a milosrdenstvom.\u201d<\/em><strong><em>&nbsp;<\/em><\/strong> Ak u\u017e SZ \u017ealmista dok\u00e1zal takto veri\u0165 a vyzn\u00e1va\u0165, t\u00fdm viacej my, veriaci v Krista! &nbsp;<\/p>\n\n\n\n<p>&nbsp; &nbsp; Zajtra sa v celej na\u0161ej splo\u010dnosti sv\u00e4t\u00ed <strong>De\u0148 spomienky na zosnul\u00fdch. <\/strong>Mnoh\u00ed p\u00f4du v t\u00fdchto d\u0148och na cintor\u00edny zdobi\u0165 hroby kvetmi, zap\u00e1lia svie\u010dky, mo\u017eno sa niektor\u00ed nad hrobom aj pomodlia: <em>Ver\u00edm v Boha\u2026<\/em><\/p>\n\n\n\n<p><em>&nbsp; &nbsp;<\/em> Pre n\u00e1s evanjelick\u00fdch kres\u0165anov je iste dos\u0165 d\u00f4vodov spom\u00edna\u0165 na na\u0161ich mil\u00fdch a drah\u00fdch, ktor\u00ed n\u00e1s predi\u0161li na ve\u010dnos\u0165. Ide v\u0161ak o to, aby sa aj na\u0161e spomienky niesli v duchu viery v n\u00e1\u0161ho Spasite\u013ea. Nehanbime sa za evanjelium Kristovo, ktor\u00e9 je mocou Bo\u017eou na spasenie ka\u017ed\u00e9ho veriacemu. Dbajme na to, aby sme sa dok\u00e1zali l\u00fa\u010di\u0165 vo viere a n\u00e1deji v \u017eivot ve\u010dn\u00fd s Kristom a aby sme aj na na\u0161ich zosnul\u00fdch&nbsp; spom\u00ednali ako na vyk\u00fapen\u00e9 Bo\u017eie deti, a na&nbsp; dedi\u010dov a spoludedi\u010dov Kristov\u00fdch. &nbsp;<\/p>\n\n\n\n<p>&nbsp;&nbsp; Za t\u00fato blahoslaven\u00fa n\u00e1dej, v ktorej sa dok\u00e1zali mnoh\u00ed z t\u00fdch, ktor\u00ed n\u00e1s predi\u0161li k hrobov\u00e9mu odpo\u010dinku tela, za n\u00e1dej v ktorej smieme i my \u017ei\u0165 a kona\u0165 na\u0161e povolanie, dokazova\u0165 sa v l\u00e1ske k bl\u00ed\u017enym a potom blahoslavene dokon\u00e1va\u0165, m\u00f4\u017eeme a m\u00e1me tie\u017e dobrore\u010di\u0165 Hodpodinu. Nech slov\u00e1 z P\u00e1nov\u00fdch \u00fast pri vzkriesen\u00ed&nbsp; oven\u010dia korunou v\u00ed\u0165azstva ka\u017ed\u00e9ho vern\u00e9ho kres\u0165ana: <em>\u201cSpr\u00e1vne a dobre vern\u00fd sluha, nad m\u00e1lom bol si vern\u00fd, nad mnoh\u00fdm \u0165a ustanov\u00edm &#8211; vojdi v rados\u0165 svojho P\u00e1na\u201d.<\/em> \u010eakujme za t\u00fato blahoslaven\u00fa n\u00e1dej a nech aj za \u0148u dobrore\u010d\u00ed cel\u00e9 na\u0161e vn\u00fatro Jeho menu sv\u00e4t\u00e9mu. Amen<\/p>\n\n\n\n<p>&nbsp; &nbsp; &nbsp;<em> &nbsp; Slu\u017eby Bo\u017eie na Poriad\u00ed &#8211; 31.okt\u00f3bra 2021 &#8211; \u013dubom\u00edr Batka st. &nbsp;<\/em><\/p>\n","protected":false},"excerpt":{"rendered":"<p>&nbsp; &nbsp; &nbsp; \u010eakovn\u00e9 slu\u017eby Bo\u017eie na Poriad\u00ed Pane n\u00e1\u0161, \u010duj svoj \u013eud a posv\u00e4\u0165 myse\u013e, hru\u010f &#8211; z l\u00e1sky n\u00e1s uhosti t\u00fdm slovom milosti! Nech ono v ka\u017ed\u00fd \u010das ku \u0161\u0165astiu vedie n\u00e1s, povzn\u00e1\u0161a posilou v \u017eivote &#8211; pri smrti n\u00e1dejou premilou!&nbsp; Amen. (M.R.) \u017d 103, 1 &#8211; 5: \u201cDobrore\u010d, du\u0161a moja, Hospodinu&nbsp; a &#8230; <a title=\"\u010eakovn\u00e9 slu\u017eby Bo\u017eie na Poriad\u00ed\" class=\"read-more\" href=\"https:\/\/www.e-anjelik.sk\/index.php\/2021\/11\/27\/dakovne-sluzby-bozie-na-poriadi\/\" aria-label=\"Pre\u010d\u00edtajte si viac o \u010eakovn\u00e9 slu\u017eby Bo\u017eie na Poriad\u00ed\">\u010c\u00edta\u0165 viac<\/a><\/p>\n","protected":false},"author":4,"featured_media":0,"comment_status":"open","ping_status":"open","sticky":false,"template":"","format":"standard","meta":{"footnotes":""},"categories":[119,121,118,124,26,281],"tags":[],"class_list":["post-35116","post","type-post","status-publish","format-standard","hentry","category-obdobie-po-sv-trojici","category-kazne","category-myjava","category-pamiatka-posvatenia-chramu","category-pamiatka-reformacie","category-pamiatka-zosnulych"],"_links":{"self":[{"href":"https:\/\/www.e-anjelik.sk\/index.php\/wp-json\/wp\/v2\/posts\/35116","targetHints":{"allow":["GET"]}}],"collection":[{"href":"https:\/\/www.e-anjelik.sk\/index.php\/wp-json\/wp\/v2\/posts"}],"about":[{"href":"https:\/\/www.e-anjelik.sk\/index.php\/wp-json\/wp\/v2\/types\/post"}],"author":[{"embeddable":true,"href":"https:\/\/www.e-anjelik.sk\/index.php\/wp-json\/wp\/v2\/users\/4"}],"replies":[{"embeddable":true,"href":"https:\/\/www.e-anjelik.sk\/index.php\/wp-json\/wp\/v2\/comments?post=35116"}],"version-history":[{"count":1,"href":"https:\/\/www.e-anjelik.sk\/index.php\/wp-json\/wp\/v2\/posts\/35116\/revisions"}],"predecessor-version":[{"id":35117,"href":"https:\/\/www.e-anjelik.sk\/index.php\/wp-json\/wp\/v2\/posts\/35116\/revisions\/35117"}],"wp:attachment":[{"href":"https:\/\/www.e-anjelik.sk\/index.php\/wp-json\/wp\/v2\/media?parent=35116"}],"wp:term":[{"taxonomy":"category","embeddable":true,"href":"https:\/\/www.e-anjelik.sk\/index.php\/wp-json\/wp\/v2\/categories?post=35116"},{"taxonomy":"post_tag","embeddable":true,"href":"https:\/\/www.e-anjelik.sk\/index.php\/wp-json\/wp\/v2\/tags?post=35116"}],"curies":[{"name":"wp","href":"https:\/\/api.w.org\/{rel}","templated":true}]}}