{"id":35119,"date":"2021-12-24T00:11:00","date_gmt":"2021-12-23T23:11:00","guid":{"rendered":"https:\/\/e-anjelik.sk\/?p=35119"},"modified":"2021-11-27T11:14:23","modified_gmt":"2021-11-27T10:14:23","slug":"ladislav-fricovsky-iba-raz","status":"publish","type":"post","link":"https:\/\/www.e-anjelik.sk\/index.php\/2021\/12\/24\/ladislav-fricovsky-iba-raz\/","title":{"rendered":"Ladislav Fri\u010dovsk\u00fd &#8211; Iba raz!"},"content":{"rendered":"\n<p>Iba raz sa stretlo<br>nebo so zemou,<br>aby bolo svetlom,<br>\u010do b\u00fdvalo tmou.<\/p>\n\n\n\n<p>Bez iskrenia mrakov,<br>s hviezdou, ktor\u00e1 z\u00a0hviezd<br>zan\u00f4tila sl\u00e1kom<br>pre anjelsk\u00fa zves\u0165,<\/p>\n\n\n\n<p>\u010do na kr\u00eddlach zlietla<br>zo sna budi\u0165 zem.<br>Oh\u0148ostrojom svetla<br>mal\u00fd Betlehem.<\/p>\n\n\n\n<p>Mal\u00fd v o\u010diach sveta,<br>ve\u013ek\u00fd v sv\u00e4t\u00fd \u010das,<br>ke\u010f to Bo\u017eie die\u0165a<br>pri\u0161lo na pretras.<\/p>\n\n\n\n<p>Senz\u00e1cia nov\u00edn,<br>\u010di hit m\u00e9di\u00ed?<br>Rozozvu\u010da\u0165 zvony?<br>Na \u010din meni\u0165 sny? \u2013<\/p>\n\n\n\n<p>Jedin\u00fd raz iba,<br>len jedin\u00fd raz<br>zaznel cel\u00fdm svetom<br>z jasl\u00ed detsk\u00fd hlas.<\/p>\n\n\n\n<p>K Betlehemu zase<br>st\u00fapa tis\u00edc n\u00f4h.<br>Nech n\u00e1m nezahasne,<br>\u010do v n\u00e1s za\u017eal Boh!<\/p>\n","protected":false},"excerpt":{"rendered":"<p>Iba raz sa stretlonebo so zemou,aby bolo svetlom,\u010do b\u00fdvalo tmou. Bez iskrenia mrakov,s hviezdou, ktor\u00e1 z\u00a0hviezdzan\u00f4tila sl\u00e1kompre anjelsk\u00fa zves\u0165, \u010do na kr\u00eddlach zlietlazo sna budi\u0165 zem.Oh\u0148ostrojom svetlamal\u00fd Betlehem. Mal\u00fd v o\u010diach sveta,ve\u013ek\u00fd v sv\u00e4t\u00fd \u010das,ke\u010f to Bo\u017eie die\u0165apri\u0161lo na pretras. Senz\u00e1cia nov\u00edn,\u010di hit m\u00e9di\u00ed?Rozozvu\u010da\u0165 zvony?Na \u010din meni\u0165 sny? \u2013 Jedin\u00fd raz iba,len jedin\u00fd razzaznel cel\u00fdm &#8230; <a title=\"Ladislav Fri\u010dovsk\u00fd &#8211; Iba raz!\" class=\"read-more\" href=\"https:\/\/www.e-anjelik.sk\/index.php\/2021\/12\/24\/ladislav-fricovsky-iba-raz\/\" aria-label=\"Pre\u010d\u00edtajte si viac o Ladislav Fri\u010dovsk\u00fd &#8211; Iba raz!\">\u010c\u00edta\u0165 viac<\/a><\/p>\n","protected":false},"author":3,"featured_media":0,"comment_status":"open","ping_status":"open","sticky":false,"template":"","format":"standard","meta":{"footnotes":""},"categories":[165,373,159],"tags":[],"class_list":["post-35119","post","type-post","status-publish","format-standard","hentry","category-poezia-2","category-stedry-vecer","category-vianoce"],"_links":{"self":[{"href":"https:\/\/www.e-anjelik.sk\/index.php\/wp-json\/wp\/v2\/posts\/35119","targetHints":{"allow":["GET"]}}],"collection":[{"href":"https:\/\/www.e-anjelik.sk\/index.php\/wp-json\/wp\/v2\/posts"}],"about":[{"href":"https:\/\/www.e-anjelik.sk\/index.php\/wp-json\/wp\/v2\/types\/post"}],"author":[{"embeddable":true,"href":"https:\/\/www.e-anjelik.sk\/index.php\/wp-json\/wp\/v2\/users\/3"}],"replies":[{"embeddable":true,"href":"https:\/\/www.e-anjelik.sk\/index.php\/wp-json\/wp\/v2\/comments?post=35119"}],"version-history":[{"count":1,"href":"https:\/\/www.e-anjelik.sk\/index.php\/wp-json\/wp\/v2\/posts\/35119\/revisions"}],"predecessor-version":[{"id":35120,"href":"https:\/\/www.e-anjelik.sk\/index.php\/wp-json\/wp\/v2\/posts\/35119\/revisions\/35120"}],"wp:attachment":[{"href":"https:\/\/www.e-anjelik.sk\/index.php\/wp-json\/wp\/v2\/media?parent=35119"}],"wp:term":[{"taxonomy":"category","embeddable":true,"href":"https:\/\/www.e-anjelik.sk\/index.php\/wp-json\/wp\/v2\/categories?post=35119"},{"taxonomy":"post_tag","embeddable":true,"href":"https:\/\/www.e-anjelik.sk\/index.php\/wp-json\/wp\/v2\/tags?post=35119"}],"curies":[{"name":"wp","href":"https:\/\/api.w.org\/{rel}","templated":true}]}}