{"id":3512,"date":"2011-04-20T11:50:04","date_gmt":"2011-04-20T11:50:04","guid":{"rendered":"http:\/\/e-anjelik.sk\/?p=3512"},"modified":"2011-04-20T11:50:04","modified_gmt":"2011-04-20T11:50:04","slug":"posledna-vecera","status":"publish","type":"post","link":"https:\/\/www.e-anjelik.sk\/index.php\/2011\/04\/20\/posledna-vecera\/","title":{"rendered":"Posledn\u00e1 Ve\u010dera"},"content":{"rendered":"<p>Tohto roku n&aacute;m Zelen&yacute; &scaron;tvrtok pripad&aacute; na 21. apr&iacute;la 2011. V tento de\u0148 si my kres\u0165ania pripom&iacute;name ustanovenie sviatosti Ve\u010dere P&aacute;novej. Stalo sa to pri Poslednej Ve\u010deri. Evanjelista Marek to zazna\u010dil takto:&quot; <em><strong>Ke\u010f jedli, vzal chlieb a dobrore\u010dil, l&aacute;mal ho a d&aacute;val im so slovami:Vezmite ,toto je moje telo.Potom vzal kalich , vzdal v\u010faku, dal im a v&scaron;etci z neho pili. A povedal im.Toto je moja krv novej zmluvy, ktor&aacute; sa vylieva za mnoh&yacute;ch. &quot; 14,22-24<\/strong><\/em>. Ve\u010dera P&aacute;nova je prostriedkom milosti, l&aacute;sky a odpustenia hriechov. Nezanedb&aacute;vajme preto t&uacute;to milos\u0165. St&ocirc;l je prestret&yacute;, sta\u010d&iacute; vyzna\u0165 a o\u013eutova\u0165 hriechy. Vo VP prij&iacute;mame pod posv&auml;ten&yacute;m chlebom a v&iacute;nom prav&eacute; telo a krv Je\u017ei&scaron;a Krista. Pri eucharistii sa sp&aacute;jame s na&scaron;&iacute;m Vykupite\u013eom a P&aacute;nom a s&uacute;\u010dasne vytv&aacute;rame &uacute;zke spolo\u010denstvo so sestrami a bratmi pri olt&aacute;ri.<\/p>\n<p>Modlime sa:&quot; <strong>Mil&yacute; Pane Je\u017ei&scaron;i, Ty si dobrovo\u013ene trpel, aby v&scaron;etci \u013eudia boli vyk&uacute;pen&iacute; zo svojich hriechov a z ve\u010dn&eacute;ho zatratenia. Daruj mi, pros&iacute;m, vieru v Tvoju nov&uacute; zmluvu, rozmno\u017e vo mne l&aacute;sku a vernos\u0165, a prive\u010f ma z milosti do Tvojho n&aacute;dhern&eacute;ho raja. Pre Tvoju ve\u013ek&uacute; l&aacute;sku. Amen. <\/strong>(Jean -Louis Schaeffer v Ein feste Burg 2011)<\/p>\n","protected":false},"excerpt":{"rendered":"<p>Tohto roku n&aacute;m Zelen&yacute; &scaron;tvrtok pripad&aacute; na 21. apr&iacute;la 2011. V tento de\u0148 si my kres\u0165ania pripom&iacute;name ustanovenie sviatosti Ve\u010dere P&aacute;novej. Stalo sa to pri Poslednej Ve\u010deri. Evanjelista Marek to zazna\u010dil takto:&quot; Ke\u010f jedli, vzal chlieb a dobrore\u010dil, l&aacute;mal ho a d&aacute;val im so slovami:Vezmite ,toto je moje telo.Potom vzal kalich , vzdal v\u010faku, dal &#8230; <a title=\"Posledn\u00e1 Ve\u010dera\" class=\"read-more\" href=\"https:\/\/www.e-anjelik.sk\/index.php\/2011\/04\/20\/posledna-vecera\/\" aria-label=\"Pre\u010d\u00edtajte si viac o Posledn\u00e1 Ve\u010dera\">\u010c\u00edta\u0165 viac<\/a><\/p>\n","protected":false},"author":22,"featured_media":0,"comment_status":"open","ping_status":"open","sticky":false,"template":"","format":"standard","meta":{"footnotes":""},"categories":[53,77],"tags":[],"class_list":["post-3512","post","type-post","status-publish","format-standard","hentry","category-post","category-velka-noc"],"_links":{"self":[{"href":"https:\/\/www.e-anjelik.sk\/index.php\/wp-json\/wp\/v2\/posts\/3512","targetHints":{"allow":["GET"]}}],"collection":[{"href":"https:\/\/www.e-anjelik.sk\/index.php\/wp-json\/wp\/v2\/posts"}],"about":[{"href":"https:\/\/www.e-anjelik.sk\/index.php\/wp-json\/wp\/v2\/types\/post"}],"author":[{"embeddable":true,"href":"https:\/\/www.e-anjelik.sk\/index.php\/wp-json\/wp\/v2\/users\/22"}],"replies":[{"embeddable":true,"href":"https:\/\/www.e-anjelik.sk\/index.php\/wp-json\/wp\/v2\/comments?post=3512"}],"version-history":[{"count":0,"href":"https:\/\/www.e-anjelik.sk\/index.php\/wp-json\/wp\/v2\/posts\/3512\/revisions"}],"wp:attachment":[{"href":"https:\/\/www.e-anjelik.sk\/index.php\/wp-json\/wp\/v2\/media?parent=3512"}],"wp:term":[{"taxonomy":"category","embeddable":true,"href":"https:\/\/www.e-anjelik.sk\/index.php\/wp-json\/wp\/v2\/categories?post=3512"},{"taxonomy":"post_tag","embeddable":true,"href":"https:\/\/www.e-anjelik.sk\/index.php\/wp-json\/wp\/v2\/tags?post=3512"}],"curies":[{"name":"wp","href":"https:\/\/api.w.org\/{rel}","templated":true}]}}