{"id":35121,"date":"2021-11-27T12:58:37","date_gmt":"2021-11-27T11:58:37","guid":{"rendered":"https:\/\/e-anjelik.sk\/?p=35121"},"modified":"2021-11-27T12:58:37","modified_gmt":"2021-11-27T11:58:37","slug":"posledny-sud-nad-narodmi","status":"publish","type":"post","link":"https:\/\/www.e-anjelik.sk\/index.php\/2021\/11\/27\/posledny-sud-nad-narodmi\/","title":{"rendered":"Posledn\u00fd s\u00fad nad n\u00e1rodmi"},"content":{"rendered":"\n<p><em>&nbsp; &nbsp; &nbsp; &nbsp; &nbsp;<\/em><strong> Posledn\u00fd s\u00fad nad n\u00e1rodmi<\/strong><\/p>\n\n\n\n<p><em>Pane, ke\u010f smr\u0165 \u017ene po svete<\/em><\/p>\n\n\n\n<p><em>a hynie \u017eivot ka\u017ed\u00fdm d\u0148om, ba chv\u00ed\u013eou,<\/em><\/p>\n\n\n\n<p><em>stoj pri n\u00e1s so slovom svoj\u00edm sv\u00e4t\u00fdm<\/em><\/p>\n\n\n\n<p><em>a uchovaj n\u00e1s p\u00e1du svojou silou!<\/em><\/p>\n\n\n\n<p><em>H\u013ea, mizne v\u0161etko ako dym a para<\/em><\/p>\n\n\n\n<p><em>a v rumy rozpad\u00e1 sa svet n\u00e1\u0161 cel\u00fd\u2026<\/em><\/p>\n\n\n\n<p><em>\u00d3, u\u010d n\u00e1s slovo Tvoje zachova\u0165,<\/em><\/p>\n\n\n\n<p><em>by sme so svetom aj my nezomreli!&nbsp; Amen&nbsp; (M.R.)<\/em><\/p>\n\n\n\n<p><strong>Mt 25, 31 &#8211; 46:<\/strong><\/p>\n\n\n\n<p><em>\u201cKe\u010f Syn \u010dloveka pr\u00edde v svojej sl\u00e1ve s v\u0161etci anjeli s N\u00edm, posad\u00ed sa vtedy na tr\u00f3n svojej sl\u00e1vy. (32)I zhroma\u017edia sa pred Neho v\u0161etky n\u00e1rody; a oddel\u00ed ich, ako pastier odde\u013euje ovce od kozlov (33) aa postav\u00ed si ovce sprava, kozlov v\u0161ak z\u013eaava. (34) Vtedy povie Kr\u00e1\u013e t\u00fdm na pravici: Po\u010fte po\u017eehnan\u00ed m\u00f4jho Otca, prijmite ako dedi\u010dstvo kr\u00e1\u013eovstvo, ktor\u00e9 je v\u00e1m pripraven\u00e9 od stvorenia sveta.(35) Lebo hladn\u00fd som bol, a dali ste mi jes\u0165; bol som sm\u00e4dn\u00fd, a dali ste mi pi\u0165; pri\u0161iel som ako cudzinec, a prijali ste ma; (36) bol som nah\u00fd a zaodeli ste ma; bol som nemocn\u00fd, a nav\u0161t\u00edvili ste ma; bol som vo v\u00e4zen\u00ed, a pri\u0161li ste ku mne. (37) Odpovedia Mu spravodliv\u00ed: Pane, kedy sme \u0164a videli hladn\u00e9ho, a nas\u00fdtili sme \u0164a, alebo sm\u00e4dn\u00e9ho, a napojili sme \u0164a? (38) a kedy sme \u0164a videli ako cudzinca, a prijali sme \u0164a? Alebo nah\u00e9ho, a zaodeli sme \u0164a? (39) A kedy sme \u0164a videli nemocn\u00e9ho alebo vo v\u00e4zen\u00ed, a pri\u0161li sme k Tebe? (40) Odpovie im Kr\u00e1\u013e: Veru hovor\u00edm v\u00e1m: \u010coko\u013evek ste urobili jedn\u00e9mu z t\u00fdchto mojich naajmen\u0161\u00edch, mne ste urobili.<\/em><\/p>\n\n\n\n<p><em>&nbsp;&nbsp; (41) Potom povie aj t\u00fdm na \u013eavici: Od\u00ed\u010fte odo m\u0148a, zlore\u010den\u00ed, do ve\u010dn\u00e9ho oh\u0148a, pripraven\u00e9ho diablovi a jeho anjelom. (42) Lebo hladn\u00fd som bol, a nedali ste mi jes\u0165; bol som sm\u00e4dn\u00fd, a nedali ste mi pi\u0165; (43) pri\u0161iel som ako cudzinec, a neprijali ste ma; bol som nah\u00fd, a nezaodeli ste ma; bol som nemocn\u00fd a vo v\u00e4zen\u00ed, a nenav\u0161t\u00edvili ste ma. (44) Vtedy odvetia aj t\u00edto: Pane, kedy sme \u0164a videli hladn\u00e9ho alebo sm\u00e4dn\u00e9ho alebo ako cudzinca alebo nah\u00e9ho alebo nemocn\u00e9ho alebo vo v\u00e4zen\u00ed, a neposl\u00fa\u017eili sme Ti? (45)Vtedy odpovie im: Veru, hovor\u00edm v\u00e1m: \u010coko\u013evek ste neurobili jedn\u00e9mu z t\u00fdchto najmen\u0161\u00edch, mne ste neurobili! (46) I p\u00f4jdu t\u00edto do ve\u010dn\u00e9ho tr\u00e1penia, ale spravodliv\u00ed do ve\u010dn\u00e9ho \u017eivota.\u201d Amen&nbsp;<\/em><\/p>\n\n\n\n<p>&nbsp;&nbsp; Bratia a sestry v P\u00e1novi!<\/p>\n\n\n\n<p>&nbsp; &nbsp; <em>V jednom nemeckom meste st\u00e1li pred v\u00fdkladom so staro\u017eitnos\u0165ami dve deti vo veku asi 9 -10 rokov a viedli nasledovn\u00fd rozhovor: Chlapec snedej pleti sa pozeral na kr\u00ed\u017e s telom Je\u017ei\u0161a Krista a p\u00fdtal sa: \u201dKto je to?\u201d &#8211; \u201cTo je Je\u017ei\u0161, ktor\u00fd bol ukri\u017eovan\u00fd\u201d.<\/em><\/p>\n\n\n\n<p><em>\u201cA pre\u010do ho ukri\u017eovali?\u201d &#8211;&nbsp; \u201cNeviem\u201d &#8211; povedalo diev\u010datko s blon\u010fat\u00fdmi vl\u00e1skmi a potom pomaly odi\u0161li\u2026<\/em><\/p>\n\n\n\n<p><em>&nbsp;&nbsp; &nbsp; <\/em>Je to rozhovor z kres\u0165anskej krajiny, kde na jednej strane kl\u00e1dol ot\u00e1zky syn tureck\u00fdch rodi\u010dov, pris\u0165ahovalcov a odpovedalo mu diev\u010datko, poch\u00e1dzaj\u00face z dom\u00e1cej kres\u0165anskej krajiny a kult\u00fary.<\/p>\n\n\n\n<p><em>\u201cPre\u010do bol Je\u017ei\u0161 ukri\u017eovan\u00fd?\u201d<\/em> &#8211; znie ot\u00e1zka, na ktor\u00fa v\u0161ak ono u\u017e nepoznalo odpove. Je to smutn\u00e9\u2026<\/p>\n\n\n\n<p>&nbsp; &nbsp; <strong>Ale vieme to my? <\/strong>D\u00fafam, \u017ee \u00e1no. &#8211;&nbsp; Ale vedia to aj na\u0161e deti, na\u0161e vn\u00fa\u010dat\u00e1, na\u0161i konfirmandi a na\u0161i mlad\u00ed \u013eudia? Poznaj\u00fa odpove\u010f na ot\u00e1zku: Pre\u010do bol Je\u017ei\u0161 ukri\u017eovan\u00fd? Pre\u010do trpel a pre\u010do zomrel?<\/p>\n\n\n\n<p>&nbsp;&nbsp; &nbsp; Ak to vieme a ver\u00edme, ak pozn\u00e1me svedectv\u00e1 Biblie, \u017ee Je\u017ei\u0161 trpel za n\u00e1s a za na\u0161e hriechy a ak ver\u00edme, \u017ee svojimi z\u00e1sluhami a svoj\u00edm vzkriesen\u00edm n\u00e1m z\u00edskal ve\u010dn\u00e9 spasenie, z\u00e1chranu z moci hriechu a smrti &#8211; <strong>v\u00e1\u017eime si <\/strong>t\u00fato Je\u017ei\u0161ovu obe\u0165?<\/p>\n\n\n\n<p>&nbsp; &nbsp; \u010eakujeme a oslavujeme Ho za to, \u017ee n\u00e1m svoj\u00edm utrpen\u00edm a smr\u0165ou z\u00edskal ve\u010dn\u00fd \u017eivot a ve\u010dn\u00e9 spolo\u010denstvo s Otcom nebesk\u00fdm?&nbsp;<\/p>\n\n\n\n<p>&nbsp;&nbsp; Ak to teda<strong> vieme a ver\u00edme<\/strong>, ako je mo\u017en\u00e9, \u017ee mnoh\u00fdch dne\u0161n\u00fdch kres\u0165anov toto poznanie nech\u00e1va tak m\u00e1lo radostn\u00fdch a mo\u017eno mnoh\u00fdch aj \u013eahostajn\u00fdch? Skuto\u010dne ver\u00edme srdcom to, \u010do \u00fastami ako kres\u0165ania vyzn\u00e1vame? Je na\u0161a viera \u00faprimn\u00e1 a prav\u00e1? Preto\u017ee <strong>posledn\u00fd s\u00fad<\/strong>, ktor\u00fd je zveren\u00fd P\u00e1novi Je\u017ei\u0161ovi, bude vy\u017eadova\u0165 od n\u00e1s odpove\u010f o na\u0161ej viere v Je\u017ei\u0161a ako P\u00e1na a n\u00e1\u0161ho Spasite\u013ea! Takto jasne to hovor\u00ed On s\u00e1m na inom mieste: <em>\u201cAle ke\u010f pr\u00edde Syn \u010dloveka, \u010di n\u00e1jde vieru na zemi ?\u201d. &nbsp;<\/em><\/p>\n\n\n\n<p>&nbsp; &nbsp; Je n\u00e1m \u013e\u00fato, ke\u010f vid\u00edme, \u017ee \u013eudia v kres\u0165anskej Eur\u00f3pe o viere nedostato\u010dne sved\u010dia sp\u00f4sobom svojho \u017eivota. Mnoh\u00ed m\u00e1lo, ak v\u00f4bec chodia do spolo\u010denstva veriacich, m\u00e1lo sa z\u00fa\u010dast\u0148uj\u00fa slu\u017eieb Bo\u017e\u00edch a m\u00e1lo d\u00e1vaj\u00fa najavo rados\u0165 zo zas\u013e\u00fabenia, \u017ee<em> \u201ccirkev Kristovu ani br\u00e1ny pekla neprem\u00f4\u017eu\u201d.<\/em> &nbsp; &nbsp; &nbsp;<\/p>\n\n\n\n<p>&nbsp; &nbsp; Vieme, \u017ee s\u00fa\u010dasne plat\u00ed P\u00e1novo slovo: <em>\u201cLebo mnoho je povolan\u00fdch, ale m\u00e1lo vyvolen\u00fdch\u201d. <\/em>Na konci cirkevn\u00e9ho roku si chceme s plnou v\u00e1\u017enos\u0165ou pripomen\u00fa\u0165 slov\u00e1&nbsp; apo\u0161tolsk\u00e9ho vierovyznania:<em> \u201dOdtia\u013e pr\u00edde s\u00fadi\u0165 \u017eiv\u00fdch i m\u0155tvych\u201d. <\/em>N\u00e1m, ktor\u00fdm bolo zvestovan\u00e9 evanjelium, ktor\u00ed sme ho mali mo\u017enos\u0165 mnoho kr\u00e1t po\u010du\u0165 a vierou prija\u0165, znamen\u00e1 slovo o poslednom s\u00fade v\u00fdzvu k prijatiu Je\u017ei\u0161a vierou ako P\u00e1na a Kr\u00e1\u013ea&nbsp; nielen cirkvi, ale aj cel\u00e9ho sveta.<\/p>\n\n\n\n<p>&nbsp; &nbsp; Bratia a sestry!<\/p>\n\n\n\n<p>&nbsp; &nbsp; S\u00fa\u010dasne s ot\u00e1zkou o viere cirkvi i na\u0161ej osobnej viere n\u00e1s m\u00f4\u017ee<\/p>\n\n\n\n<p>zauja\u0165 aj <strong>ot\u00e1zka o spasen\u00ed t\u00fdch \u013eud\u00ed a n\u00e1rodov<\/strong>, ktor\u00ed evanjelium o Je\u017ei\u0161ovi a Jeho diele nikdy nepo\u010duli. Ak evanjelium nepo\u010duli a preto ani nemohli pozna\u0165 Krista ako P\u00e1na a uveri\u0165 v neho &#8211; m\u00f4\u017eu by\u0165 tak\u00fdto spasen\u00ed? Nie je to nie\u010do, \u010do odporuje svedectvu P\u00edsma, \u017ee <em>\u201cP\u00e1n Boh chce, aby v\u0161etci \u013eudia boli spasen\u00ed a pri\u0161li k poznaniu pravdy?\u201d<\/em><\/p>\n\n\n\n<p>&nbsp; &nbsp; Dne\u0161n\u00e9 evanjelium je odpove\u010fou a svedectvom evanjelistu Mat\u00fa\u0161a pr\u00e1ve o mo\u017enosti dosiahn\u00fa\u0165 spasenie a ve\u010dn\u00fd \u017eivot s Kristom aj t\u00fdm \u013eu\u010fom a n\u00e1rodom, ktor\u00ed evanjelium nepo\u010duli. Bu\u010f&nbsp; sa narodili a \u017eili v \u010dase pred Kristom, alebo v ich n\u00e1bo\u017eenstve a kult\u00fare bolo meno Je\u017ei\u0161 nezn\u00e1me. Jedn\u00e1 sa o mnoh\u00e9 pohansk\u00e9 n\u00e1rody a o \u013eud\u00ed, ktor\u00ed \u017eili a \u017eij\u00fa a prostred\u00ed, kde evanjelium P\u00e1na Je\u017ei\u0161a nepreniklo, \u010di neprenik\u00e1.<\/p>\n\n\n\n<p>&nbsp; &nbsp; Evanjelista Mat\u00fa\u0161 odpoved\u00e1 na t\u00fato ot\u00e1zku jasne a zrozuite\u013ene. Pred Je\u017ei\u0161om ako Sudcom \u017eiv\u00fdch a m\u0155tvych bud\u00fa st\u00e1\u0165 v\u0161etci \u013eudia a v\u0161etky n\u00e1rody. Aj tie tzv.pohansk\u00e9. S\u00fad nad t\u00fdmito n\u00e1rodmi a pr\u00edslu\u0161n\u00edkmi in\u00fdch n\u00e1bo\u017eenstiev bude sa kona\u0165 na z\u00e1klade Bo\u017eieho z\u00e1kona. Z\u00e1kona \u013eudskosti, ktor\u00fd je zap\u00edsan\u00fd ka\u017ed\u00e9mu \u010dloveku do jeh svedomia. Tento z\u00e1kon maj\u00fa v srdci a svedom\u00ed v\u0161etci \u013eudia.&nbsp; &nbsp; &nbsp; Zjednodu\u0161ene povedan\u00e9: \u017eiadne n\u00e1bo\u017eenstvo neprikazuje kona\u0165 zlo, ale vol\u00e1 kona\u0165 to, \u010do \u017eivot \u013eud\u00ed chr\u00e1ni, napom\u00e1ha a rob\u00ed skuto\u010dne hum\u00e1nnym.&nbsp;<\/p>\n\n\n\n<p>&nbsp;&nbsp; Apo\u0161tol Pavel o tomto <strong>prirodzenom z\u00e1kone Bo\u017eom zap\u00edsanom P\u00e1nom Bohom do svedomia \u013eud\u00ed<\/strong>, v liste r\u00edmskym kres\u0165anom nap\u00edsal:\u201d <em>Lebo nie t\u00ed bud\u00fa ospravedlnen\u00ed pred Bohom, ktor\u00ed z\u00e1kon po\u010d\u00favaj, ale t\u00ed\u2026ktor\u00ed ho plnia. Ve\u010f ke\u010f pohania, ktor\u00ed nemaj\u00fa z\u00e1kona, od pr\u00edrody \u010dinia, \u010do po\u017eaduje z\u00e1kon, nemaj\u00fac z\u00e1kona, sami s\u00fa si z\u00e1konom, ako tak\u00ed, ktor\u00ed dokazuj\u00fa, \u017ee im je konanie pod\u013ea z\u00e1kona vp\u00edsan\u00e9 do srdca. O tom im s\u00fa\u010dasne vyd\u00e1va svedectvo svedomie a ich my\u0161lienky, ke\u010f sa navz\u00e1jom ob\u017eal\u00favaj\u00fa, ale aj obra\u0148uj\u00fa\u201d.&nbsp; &nbsp;<\/em><\/p>\n\n\n\n<p><em>&nbsp;&nbsp; &nbsp; <\/em>Preto je a bude mo\u017en\u00e9, \u017ee na poslednom s\u00fade dostane milos\u0165 a dostane pozvanie vojs\u0165 do kr\u00e1\u013eovstva nebesk\u00e9ho pripraven\u00e9ho \u013eu\u010fom od stvorenia sveta Otcom nebesk\u00fdm ka\u017ed\u00fd, kto prejav\u00ed svojmu bl\u00ed\u017enemu l\u00e1skavos\u0165, priaze\u0148 a napln\u00ed prik\u00e1zanie l\u00e1sky.&nbsp;<\/p>\n\n\n\n<p>P\u00e1n Je\u017ei\u0161 aj viacer\u00fdm pohanom povie: <em>\u201c\u010co ste vykonali jedn\u00e9mu z t\u00fdchto mojich najmen\u0161\u00edch bratov, mne ste vykonali\u201d. Lebo: \u201cDali ste mi jes\u0165 &#8211; dali ste mi pi\u0165, zaodeli ste ma &#8211; prijali ste ma ako cudzinca, nav\u0161t\u00edvili ste ma, ke\u010f som bol vo v\u00e4zen\u00ed, alebo nemocn\u00fd\u201d.<\/em> T\u00ed, \u010do konali pod\u013ea prik\u00e1zania l\u00e1sky zap\u00edsanom v svedom\u00ed, nebud\u00fa ods\u00faden\u00ed do zatratenia, ale pozvan\u00ed do spolo\u010denstva s P\u00e1nom a Jeho cirkvou.<\/p>\n\n\n\n<p>&nbsp;&nbsp; &nbsp; Pravda, nie v\u0161etci pohania konaj\u00fa pod\u013ea \u010dist\u00e9ho a nepo\u0161kvrnen\u00e9ho a nie prevr\u00e1ten\u00e9ho svedomia. Vid\u00edme to aj dnes napr\u00edklad v konan\u00ed mnoh\u00fdch moslimsk\u00fdch veriacich, o ktor\u00fdch \u010dinoch hovoria aj ich samotn\u00ed u\u010diteia, \u017ee s\u00fa zl\u00e9, ba diabolsk\u00e9.&nbsp;<\/p>\n\n\n\n<p>Dlho by sme mohli vyrat\u00fava\u0165 tak\u00e9to \u010diny a akcie napr. tzv. fundamentalistov z n\u00e1rodov islamsk\u00e9ho sveta, ale aj v mnoh\u00fdch in\u00fdch kult\u00farach.Tak\u00e9to konanie ods\u00fadi aj P\u00e1n Je\u017ei\u0161 a hovor\u00ed, \u017ee tak\u00fdm je pripraven\u00e9 ve\u010dn\u00e9 tr\u00e1penie. Slovami K.Kuzn\u00e1nyho m\u00f4\u017eme poveda\u0165: <em>\u201cVe\u010dn\u00e9 On pre podlos\u0165, peklo podp\u00e1lil\u201d.&nbsp;<\/em><\/p>\n\n\n\n<p><em>&nbsp; &nbsp; <\/em>Ka\u017ed\u00e9 ne\u013eudsk\u00e9, nehum\u00e1nne a egostick\u00e9 konanie je a zost\u00e1va hriechom proti najvy\u0161\u0161iemu prik\u00e1zaniu nielen Moj\u017ei\u0161ovho z\u00e1kona, ale aj z\u00e1kona Bo\u017eieho dan\u00e9ho \u013eu\u010fom pri stvoren\u00ed do ich svedomia.<\/p>\n\n\n\n<p>V\u0161etci vieme, \u010do znamen\u00e1, ak o nejakom \u010dloveku \u013eudia povedia: nem\u00e1 svedomia, nem\u00e1 k\u00faska citu v srdci, alebo star\u00fdm latinsk\u00fdm pr\u00edslov\u00edm: <em>Homo hominis lupus &#8211; \u010dlovek \u010dloveku vlkom<\/em>. Ak sa dnes vo svete, pre neraz prevr\u00e1ten\u00e9 myslenie a konanie \u013eud\u00ed nedost\u00e1va spravdlivos\u0165 a neprisluhuje sa pr\u00e1vo v\u0161etk\u00fdm, posledn\u00fd s\u00fad bude prejavom Bo\u017eej spravodlivosti.<\/p>\n\n\n\n<p>&nbsp; &nbsp; Uskuto\u010dn\u00ed sa pri druhom pr\u00edchode Krista P\u00e1na, ke\u010f pred N\u00edm pok\u013eakne ka\u017ed\u00e9 koleno a tak aj kolen\u00e1 t\u00fdch, ktor\u00ed Krista nepoznali, alebo Ho odmietli prija\u0165 ako P\u00e1na p\u00e1nov a Kr\u00e1\u013ea kr\u00e1\u013eov. <em>\u201cOn, ktor\u00e9ho \u013eudia s\u00fadili, bude s\u00fadi\u0165&nbsp; \u013eud\u00ed. Ods\u00faden\u00fd bude posudzova\u0165. Jeho sudcovia bud\u00fa ob\u017ealovan\u00ed a On, ob\u017ealovan\u00fd, bude s\u00fadi\u0165\u201d. <\/em>(Rienecker)&nbsp;<\/p>\n\n\n\n<p>&nbsp;&nbsp; Bratia a sestry v P\u00e1novi!&nbsp;<\/p>\n\n\n\n<p>&nbsp;&nbsp; Pre n\u00e1s, ktor\u00ed pozn\u00e1me Jeho milos\u0165 a l\u00e1sku, je upozornenie na posledn\u00e9 veci v\u00fdzvou k obnoveniu na\u0161ej d\u00f4very, v\u00fdzvou k novote \u017eivota, k poslu\u0161nosti, ktor\u00e1 vyviera z prame\u0148a viery, preto\u017ee vieme, \u017ee <em>\u201d ka\u017ed\u00fd, kto po\u010d\u00fava Jeho slovo a ver\u00ed v Neho, nejde na s\u00fad, ale pre\u0161iel zo smrti do \u017eivota\u201d. (J 5, 24)&nbsp;<\/em><\/p>\n\n\n\n<p>&nbsp; &nbsp; S bl\u00ed\u017eicom sa koncom cirkevn\u00e9ho roku urobme vo svojom svedom\u00ed \u201codpo\u010det\u201d z na\u0161ej viery, l\u00e1sky a n\u00e1deje, aby sme boli Je\u017ei\u0161ov\u00fdmi dobr\u00fdmi slu\u017eobn\u00edkmi a vyznava\u010dmi, ktor\u00ed verne \u010dakaj\u00fa na pr\u00edchod svojho P\u00e1na. Aby sme Ho \u010dakali s rados\u0165ou a n\u00e1dejou na nov\u00e9 veci, ktor\u00e9 vykon\u00e1 pre n\u00e1s svou mocou v novom nebi a novej zemi. Amen<\/p>\n\n\n\n<p>&nbsp;&nbsp; Posledn\u00e1 nede\u013ea cirkevn\u00e9ho roku &#8211; nede\u013ea Ve\u010dnosti &#8211; Myjava 2021 &#8211; \u013dubom\u00edr Batka st.<\/p>\n","protected":false},"excerpt":{"rendered":"<p>&nbsp; &nbsp; &nbsp; &nbsp; &nbsp; Posledn\u00fd s\u00fad nad n\u00e1rodmi Pane, ke\u010f smr\u0165 \u017ene po svete a hynie \u017eivot ka\u017ed\u00fdm d\u0148om, ba chv\u00ed\u013eou, stoj pri n\u00e1s so slovom svoj\u00edm sv\u00e4t\u00fdm a uchovaj n\u00e1s p\u00e1du svojou silou! H\u013ea, mizne v\u0161etko ako dym a para a v rumy rozpad\u00e1 sa svet n\u00e1\u0161 cel\u00fd\u2026 \u00d3, u\u010d n\u00e1s slovo Tvoje &#8230; <a title=\"Posledn\u00fd s\u00fad nad n\u00e1rodmi\" class=\"read-more\" href=\"https:\/\/www.e-anjelik.sk\/index.php\/2021\/11\/27\/posledny-sud-nad-narodmi\/\" aria-label=\"Pre\u010d\u00edtajte si viac o Posledn\u00fd s\u00fad nad n\u00e1rodmi\">\u010c\u00edta\u0165 viac<\/a><\/p>\n","protected":false},"author":4,"featured_media":0,"comment_status":"open","ping_status":"open","sticky":false,"template":"","format":"standard","meta":{"footnotes":""},"categories":[119,121,118,581],"tags":[],"class_list":["post-35121","post","type-post","status-publish","format-standard","hentry","category-obdobie-po-sv-trojici","category-kazne","category-myjava","category-nedela-vecnosti"],"_links":{"self":[{"href":"https:\/\/www.e-anjelik.sk\/index.php\/wp-json\/wp\/v2\/posts\/35121","targetHints":{"allow":["GET"]}}],"collection":[{"href":"https:\/\/www.e-anjelik.sk\/index.php\/wp-json\/wp\/v2\/posts"}],"about":[{"href":"https:\/\/www.e-anjelik.sk\/index.php\/wp-json\/wp\/v2\/types\/post"}],"author":[{"embeddable":true,"href":"https:\/\/www.e-anjelik.sk\/index.php\/wp-json\/wp\/v2\/users\/4"}],"replies":[{"embeddable":true,"href":"https:\/\/www.e-anjelik.sk\/index.php\/wp-json\/wp\/v2\/comments?post=35121"}],"version-history":[{"count":1,"href":"https:\/\/www.e-anjelik.sk\/index.php\/wp-json\/wp\/v2\/posts\/35121\/revisions"}],"predecessor-version":[{"id":35122,"href":"https:\/\/www.e-anjelik.sk\/index.php\/wp-json\/wp\/v2\/posts\/35121\/revisions\/35122"}],"wp:attachment":[{"href":"https:\/\/www.e-anjelik.sk\/index.php\/wp-json\/wp\/v2\/media?parent=35121"}],"wp:term":[{"taxonomy":"category","embeddable":true,"href":"https:\/\/www.e-anjelik.sk\/index.php\/wp-json\/wp\/v2\/categories?post=35121"},{"taxonomy":"post_tag","embeddable":true,"href":"https:\/\/www.e-anjelik.sk\/index.php\/wp-json\/wp\/v2\/tags?post=35121"}],"curies":[{"name":"wp","href":"https:\/\/api.w.org\/{rel}","templated":true}]}}