{"id":3515,"date":"2011-04-23T18:39:26","date_gmt":"2011-04-23T18:39:26","guid":{"rendered":"http:\/\/e-anjelik.sk\/?p=3515"},"modified":"2011-04-23T18:39:26","modified_gmt":"2011-04-23T18:39:26","slug":"hosana-synovi-davidovmu","status":"publish","type":"post","link":"https:\/\/www.e-anjelik.sk\/index.php\/2011\/04\/23\/hosana-synovi-davidovmu\/","title":{"rendered":"Hosana Synovi D\u00e1vidovmu!"},"content":{"rendered":"<p>&nbsp;<b>&nbsp;&nbsp; &nbsp; &nbsp; &nbsp; &nbsp; &nbsp; &nbsp; &nbsp; &nbsp; &nbsp; &nbsp; &nbsp; &nbsp; &nbsp; &nbsp; &nbsp; &nbsp; &nbsp; &nbsp; &nbsp; &nbsp; &nbsp; &nbsp; &nbsp; Hosana Synovi D&aacute;vidovmu!<\/b><\/p>\n<p style=\"margin: 0.0px 0.0px 0.0px 0.0px; font: 18.0px Helvetica\"><span style=\"letter-spacing: 0.0px\"><b>Mt 21 6-10:<\/b>&nbsp;<\/span><\/p>\n<p style=\"margin: 0.0px 0.0px 0.0px 0.0px; font: 18.0px Helvetica\"><span style=\"letter-spacing: 0.0px\"><i>&rdquo;U\u010den&iacute;ci &scaron;li a urobili, ako im prik&aacute;zal Je\u017ei&scaron;: (7) priviedli oslicu a osliatko a kl&aacute;dli na ne svoje r&uacute;cha, i vysadol na ne. (8) A ve\u013ek&yacute; z&aacute;stup rozprestieral r&uacute;cha na cestu, in&iacute; sekali ratolesti zo stromov a h&aacute;dzali po ceste.(9) Z&aacute;stupy v&scaron;ak, ktor&eacute; &scaron;li pred N&iacute;m a za N&iacute;m, volali: Hosana Synovi D&aacute;vidovmu! Po\u017eehnan&yacute;, ktor&yacute; prich&aacute;dza v mene P&aacute;novom! Hosana na v&yacute;sostiach! (10)&nbsp; Ke\u010f vst&uacute;pil do Jeruzalema, vzru&scaron;ilo sa cel&eacute; mesto a hovorili: Kto je tento?&rdquo; Amen.<\/i><\/span><\/p>\n<p style=\"margin: 0.0px 0.0px 0.0px 0.0px; font: 18.0px Helvetica; min-height: 22.0px\">&nbsp;<\/p>\n<p style=\"margin: 0.0px 0.0px 0.0px 0.0px; font: 18.0px Helvetica\"><span style=\"letter-spacing: 0.0px\"><i>&nbsp; &nbsp; &nbsp; Bratia a sestry v PJK!<\/i><\/span><\/p>\n<p style=\"margin: 0.0px 0.0px 0.0px 0.0px; font: 18.0px Helvetica; min-height: 22.0px\"><span style=\"letter-spacing: 0.0px\"><i>&nbsp; &nbsp; &nbsp; &nbsp;<\/i><\/span><\/p>\n<p style=\"margin: 0.0px 0.0px 0.0px 0.0px; font: 18.0px Helvetica\"><span style=\"letter-spacing: 0.0px\">&nbsp;&nbsp; &nbsp; &nbsp; Kde pr&iacute;de Je\u017ei&scaron;, nast&aacute;va vzru&scaron;enie! Dne&scaron;n&aacute; nede\u013ea s pomenovan&iacute;m <b>Kvetn&aacute;<\/b>, alebo <b>Palmov&aacute;<\/b> (Palmarum) n&aacute;m to pripom&iacute;na jasnou re\u010dou. P&aacute;n Je\u017ei&scaron; vst&uacute;pil do Jeruzalema s&iacute;ce na osliatku \u0165a\u017enej oslice, ako to bolo predpovedan&eacute; prorokom Zachari&aacute;&scaron;om ( Zach 9,9 ) a predsa pri&scaron;iel ako kr&aacute;\u013e. V&iacute;tali ho po\u010detn&eacute; z&aacute;stupy, ktor&eacute; obetovali pod Jeho nohy a pod nohy osliatka to najcenenej&scaron;ie \u010do mali: vlastn&eacute; &scaron;aty a pl&aacute;&scaron;te. In&iacute; sekali ratolesti zo stromov a h&aacute;dzali po ceste. Je jasn&eacute;, \u017ee Je\u017ei&scaron;a v&iacute;taj&uacute; ako kr&aacute;\u013ea. Ni\u010d na tom nemen&iacute; skuto\u010dnos\u0165, \u017ee ich o\u010di, podobne ako o\u010di u\u010den&iacute;kov, boli &ldquo;<i>dr\u017ean&eacute;&rdquo;<\/i> (Lk 24,16). E&scaron;te ich zastieral z&aacute;voj najm&auml; vlastn&yacute;ch predst&aacute;v o Mesi&aacute;&scaron;ovi. Ale v tom konan&iacute; o\u017e&iacute;vala spomienka na dramatick&eacute; vyhl&aacute;senie Jehua za kr&aacute;\u013ea <i>(1 Kr&aacute;\u013e 9,13),<\/i> ktor&eacute;mu \u013eud kedysi urobil podobn&uacute; poctu. Niekto by sa azda chcel vyvy&scaron;ova\u0165 nad t&yacute;chto jeruzalem\u010danov prin&aacute;&scaron;aj&uacute;cich pocty Je\u017ei&scaron;ovi, ale v pokore si treba prizna\u0165, \u017ee ani my dnes e&scaron;te Jeho kr&aacute;\u013eovsk&uacute; moc jasne nevid&iacute;me. Aj my dnes pozn&aacute;vame tak, ako to vyznal ap.Pavel <i>&ldquo;iba \u010diasto\u010dne, ale potom potom pozn&aacute;m tak, ako aj m\u0148a pozal Boh. Potom &#8211; tv&aacute;rou v tv&aacute;r&rdquo;. (1 K 13, 12)<\/i><\/span><\/p>\n<p style=\"margin: 0.0px 0.0px 0.0px 0.0px; font: 18.0px Helvetica\"><span style=\"letter-spacing: 0.0px\">&nbsp;&nbsp; &ldquo;Potom&rdquo; &#8211; znamen&aacute;, ke\u010f P&aacute;n Je\u017ei&scaron; znovu pr&iacute;de. Ke\u010f pr&iacute;de v moci a sl&aacute;ve. Ale nie pre mocn&yacute;ch a sl&aacute;vnych, ktor&iacute; si svojich 5 min&uacute;t vlastnej sl&aacute;vy chc&uacute; neraz za ka\u017ed&uacute; cenu pre\u017ei\u0165 u\u017e dnes. Pr&iacute;de pr&aacute;ve pre t&yacute;ch, ktor&iacute; svoje star&eacute;, mo\u017eno &scaron;pinav&eacute;, mo\u017eno ponat\u0155han&eacute; r&uacute;cha prestierali na cestu vtedy a ktor&iacute; tak robia aj dnes a v ka\u017edom \u010dase. O tom, \u017ee sa potom vzru&scaron;&iacute; naplno nielen Jeruzalem, ale cel&yacute; svet, my kres\u0165ania nepochybujeme a nem&aacute;me pochybova\u0165.<\/span><\/p>\n<p style=\"margin: 0.0px 0.0px 0.0px 0.0px; font: 18.0px Helvetica; min-height: 22.0px\"><span style=\"letter-spacing: 0.0px\">&nbsp; &nbsp; &nbsp;<\/span><\/p>\n<p style=\"margin: 0.0px 0.0px 0.0px 0.0px; font: 18.0px Helvetica\"><span style=\"letter-spacing: 0.0px\">&nbsp;&nbsp; &nbsp; Ratolesti zo stromov neboli s&iacute;ce drah&eacute; kytice a vence od prvotriednych z&aacute;hradn&iacute;kov a obchodn&iacute;kov, ale&nbsp; mali svoju jasn&uacute; v&yacute;povedn&uacute; hodnotu a silu. Ve\u010f takto \u017didia robili a robia dodnes pri sl&aacute;vnosti St&aacute;nkov! Stavaj&uacute; si prechodn&eacute; pr&iacute;stre&scaron;ky, ako hovoria &ldquo;pod zelen&yacute;m&rdquo; a oslavuj&uacute; ve\u010dn&eacute;ho a mocn&eacute;ho Boha, ktor&yacute; b&yacute;va v nebesiach (\u017d 2), ale ktor&yacute;&nbsp; v\u017edy konal a kon&aacute; pre t&yacute;ch, ktor&iacute; b&yacute;vaj&uacute; v st&aacute;nkoch do\u010dasn&yacute;ch, prechodn&yacute;ch. Tak&yacute;mi sme ale v&scaron;etci.<\/span><\/p>\n<p style=\"margin: 0.0px 0.0px 0.0px 0.0px; font: 18.0px Helvetica; min-height: 22.0px\"><span style=\"letter-spacing: 0.0px\">&nbsp; &nbsp; &nbsp;<\/span><\/p>\n<p style=\"margin: 0.0px 0.0px 0.0px 0.0px; font: 18.0px Helvetica\"><span style=\"letter-spacing: 0.0px\">&nbsp;&nbsp; &nbsp; Pravda, tak ako kedysi, aj dnes si mnoh&iacute; stavaj&uacute; svoje domy ako hrady a aj hovoria: &ldquo;M&ocirc;j dom, m&ocirc;j hrad&rdquo;. Ale v&scaron;etky, aj tie na kopcoch le\u017eiace hrady, dnes spravidla v zr&uacute;canin&aacute;ch, aj tie nov&eacute; &ldquo;haciendy&rdquo;, ohraden&eacute; kamenn&yacute;mi m&uacute;rmi, ktor&eacute;&nbsp; hyzdia Slovensko,<b> s&uacute; do\u010dasn&eacute;,<\/b> rovnako ako v&scaron;etky na&scaron;e domy. Ten, ktor&yacute; pri&scaron;iel na osliatku do Jeruzalema, tu zdanlivo skon\u010dil svoju zemsk&uacute; p&uacute;\u0165. Je v&scaron;ak V&iacute;\u0165az a je darcom ve\u010dn&eacute;ho \u017eivota.<\/span><\/p>\n<p style=\"margin: 0.0px 0.0px 0.0px 0.0px; font: 18.0px Helvetica; min-height: 22.0px\"><span style=\"letter-spacing: 0.0px\">&nbsp;&nbsp; &nbsp;<\/span><\/p>\n<p style=\"margin: 0.0px 0.0px 0.0px 0.0px; font: 18.0px Helvetica\"><span style=\"letter-spacing: 0.0px\">&nbsp;&nbsp; &nbsp; Kde Je\u017ei&scaron; pr&iacute;de, nast&aacute;va vru&scaron;enie. Aktivizuj&uacute; sa jeho priatelia a volaj&uacute;, ako to prorocky zaznelo aj v Jeruzaleme: <i>&ldquo;Hosana Synovi D&aacute;vidovmu ! &rdquo;.<\/i> Pripome\u0148me si, \u017ee &ldquo;<i>Hosana&rdquo; <\/i>p&ocirc;vodne znamenalo volanie o pomoc. Napr. \u017eena z T&eacute;koy ( 2 S 14, 4) hovor&iacute;: &ldquo;<i>Pom&ocirc;\u017e mi, kr&aacute;\u013eu&rdquo;!&nbsp;<\/i> Ale plynut&iacute;m \u010dasu sa &ldquo;Hosana&rdquo; zmenilo na&nbsp; vyjadrenei oslavy! Na volanie na sl&aacute;vu. Je to celkom pochopite\u013en&eacute;, ak si uvedom&iacute;me, \u017ee P&aacute;n Boh d&aacute;val svojmu \u013eudu v\u017edy potrebn&uacute; pomoc a z&aacute;chranu a po\u017eehn&aacute;val ho. Preto v synagog&aacute;ch zneli tieto slov&aacute; ako zrejm&aacute; oslava Toho, ktor&yacute; d&aacute;va pomoc v prav&yacute; \u010das. Podobne ani my dnes nepochybujeme, \u017ee aj P&aacute;n Je\u017ei&scaron; tak robil a rob&iacute; pre n&aacute;s, ke\u010f napr. my vol&aacute;me: <i>&rdquo;Kyrie eleison&rdquo;!, Pane zmiluj sa !<\/i> On n&aacute;m d&aacute;va odpustenie hriechov a ve\u010dn&yacute; \u017eivot a s n&iacute;m aj &uacute;\u010das\u0165 na Jeho sl&aacute;ve.<\/span><\/p>\n<p style=\"margin: 0.0px 0.0px 0.0px 0.0px; font: 18.0px Helvetica; min-height: 22.0px\">&nbsp;<\/p>\n<p style=\"margin: 0.0px 0.0px 0.0px 0.0px; font: 18.0px Helvetica\"><span style=\"letter-spacing: 0.0px\">&nbsp;&nbsp; &nbsp; Kde Je\u017ei&scaron; prich&aacute;dza, nast&aacute;va vzru&scaron;enie. Ale aktivizuj&uacute; sa nielen ctitelia, ale aj neprajn&iacute;ci a nepriatelia. Dokonca aj mnoh&iacute;, kotr&iacute; s&uacute; iba zvedav&iacute;, ako napr. Herodes ml., ktor&yacute; sa &uacute;fal, \u017ee uvid&iacute; od Neho nejak&yacute; div.&nbsp; Aj dnes m&aacute; Je\u017ei&scaron; i svojich nepriate\u013eov a s&uacute; aj tak&iacute;, ktor&iacute; sa zh&aacute;\u0148aj&uacute; ioba po senz&aacute;ciach.<\/span><\/p>\n<p style=\"margin: 0.0px 0.0px 0.0px 0.0px; font: 18.0px Helvetica; min-height: 22.0px\"><span style=\"letter-spacing: 0.0px\">&nbsp; &nbsp; &nbsp; &nbsp;<\/span><\/p>\n<p style=\"margin: 0.0px 0.0px 0.0px 0.0px; font: 18.0px Helvetica\"><span style=\"letter-spacing: 0.0px\">&nbsp; &nbsp; &nbsp; V&scaron;etci sme dnes vyzvan&iacute; a osloven&iacute;, aby sme otvorili o\u010di a spoznali Je\u017ei&scaron;a spr&aacute;ve, aj ke\u010f kr&aacute;\u010da ku kr&iacute;\u017eu a stoj&iacute; v jeho tieni. On je a chce by\u0165 na&scaron;&iacute;m P&aacute;nom a Kr&aacute;\u013eom. Na&scaron;e volanie na sl&aacute;vu je radostn&eacute; pr&aacute;ve pre Jeho kr&iacute;\u017e, pre Jeho utrpenie a pohanenie. Ono bolo potrebn&eacute; a d&ocirc;le\u017eit&eacute; pre n&aacute;s. Priznajme sa k Nemu v odvahe viery!<\/span><\/p>\n<p style=\"margin: 0.0px 0.0px 0.0px 0.0px; font: 18.0px Helvetica; min-height: 22.0px\"><span style=\"letter-spacing: 0.0px\">&nbsp; &nbsp; &nbsp;<\/span><\/p>\n<p style=\"margin: 0.0px 0.0px 0.0px 0.0px; font: 18.0px Helvetica\"><span style=\"letter-spacing: 0.0px\">&nbsp; &nbsp; Mil&iacute; bratia a sestry v Kristu P&aacute;nu! &nbsp;<\/span><\/p>\n<p style=\"margin: 0.0px 0.0px 0.0px 0.0px; font: 18.0px Helvetica\"><span style=\"letter-spacing: 0.0px\">&nbsp; &nbsp; Chcem dnes pripomen&uacute;\u0165 e&scaron;te jednu v&yacute;zvu k priznaniu sa k inej udalosti, na ktor&uacute; sa n&aacute;m patr&iacute; dnes myslie\u0165 a za ktor&uacute; dnes chceme P&aacute;nu Bohu \u010fakova\u0165! Je to udalos\u0165, ktor&aacute; tie\u017e hovor&iacute; o pr&iacute;chode. Pr&iacute;chode s&iacute;ce \u010dloveka a pr&iacute;chode do in&eacute;ho mesta, nie Jeruzalema. <b>V\u010dera<\/b>, v sobotu, uplynulo presne <b>490 <\/b>rokov odvtedy, ako <b>Dr. Martin Luther, n&aacute;&scaron; reform&aacute;tor,<\/b> <b>vst&uacute;pil do mesta Wormsu<\/b>, kde bol pozvan&yacute; cis&aacute;rom Karolom V. na snem. Na tomto sneme bol na druh&yacute; de\u0148 , <b>t. j. 17.4.1521<\/b> <b>vypo\u010dut&yacute; oh\u013eadne jeho nov&eacute;ho u\u010denia.<\/b> Boli mu predlo\u017een&eacute; knihy, ktor&eacute; nap&iacute;sal a ku ktor&yacute;m sa s pokorou, ale rozhodne priznal. Bol vyzvan&yacute;, aby sa ich zriekol a odvolal svoje u\u010denie. Vy\u017eiadal si \u010das na rozmyslenie a dostal 24 hod&iacute;n.<\/span><\/p>\n<p style=\"margin: 0.0px 0.0px 0.0px 0.0px; font: 18.0px Helvetica\"><span style=\"letter-spacing: 0.0px\">&nbsp;&nbsp; &nbsp; Zajtra to bude teda<b> 49O rokov,<\/b> ke\u010f povedal svoj sl&aacute;vny v&yacute;rok:<i> &rdquo;Ke\u010f\u017ee si Va&scaron;e Veli\u010denstvo a va&scaron;e milosti \u017eelaj&uacute; jednoduch&uacute; odpove\u010f, odpoviem bez okolkov. Pokia\u013e ma nepresved\u010d&iacute; P&iacute;smo, alebo&nbsp; &nbsp; jasn&eacute; rozumn&eacute; d&ocirc;vody, slov&aacute; P&iacute;sma, ktor&eacute; som doteraz citoval, s&uacute; mocnej&scaron;ie ako ja &#8211; neuzn&aacute;vam autoritu p&aacute;pe\u017eov ani koncilov, lebo si \u010dasto protire\u010dili- moje svedomie je prip&uacute;tan&eacute; k Bo\u017eiemu slovu. Nem&ocirc;\u017eem ni\u010d odvola\u0165 a neodvol&aacute;m, lebo &iacute;s\u0165 proti svedomiu nie je spr&aacute;vne a ohrozuje sp&aacute;su. Boh mi pom&aacute;haj! Amen.<\/i>&rdquo;&nbsp; Prv&eacute; tla\u010den&eacute; verzie k tomu dod&aacute;vaj&uacute;: <i>&ldquo;Tu stoj&iacute;m, nem&ocirc;\u017eem inak&rdquo;<\/i>. To dok&aacute;zal aj cel&yacute;m \u017eivotom.<\/span><\/p>\n<p style=\"margin: 0.0px 0.0px 0.0px 0.0px; font: 18.0px Helvetica; min-height: 22.0px\">&nbsp;<\/p>\n<p style=\"margin: 0.0px 0.0px 0.0px 0.0px; font: 18.0px Helvetica\"><span style=\"letter-spacing: 0.0px\">&nbsp;&nbsp; &nbsp; \u010co znamenali tieto slov&aacute;?&nbsp;<\/span><\/p>\n<p style=\"margin: 0.0px 0.0px 0.0px 0.0px; font: 18.0px Helvetica\"><span style=\"letter-spacing: 0.0px\">&nbsp; &nbsp; &nbsp; Tu je vlastne skuto\u010dn&yacute; za\u010diatok novej doby a za\u010diatok reform&aacute;cie. Za\u010diatok novej cesty Z&aacute;padnej cirkvi. Po \u010fal&scaron;&iacute;ch porad&aacute;ch vo Wormsi bol ediktom dan&yacute; do kliatby ako kac&iacute;r svetsk&yacute;m snemom, ( 6.5.1521) sk&ocirc;r, ako vy&scaron;la p&aacute;pe\u017esk&aacute; bula. Tak sa za\u010dala kr&iacute;\u017eom pozna\u010den&aacute; cesta evanjelickej, Bo\u017e&iacute;m slovom a sviatos\u0165ami obnovenej cirkvi v tomto svete. Cesta pod kr&iacute;\u017eom, a\u017e dosia\u013e , ale ver&iacute;me, \u017ee cesta predsa len v&iacute;\u0165azn&aacute; a spr&aacute;vna. Ano, aj cesta ved&uacute;ca k dne&scaron;n&yacute;m hodnot&aacute;m slobody svedomia, rovnopr&aacute;vnosti \u013eud&iacute; pred Bohom i pred z&aacute;konom, cesta napokon bezpe\u010dne ved&uacute;ca k \u017eivotu ve\u010dn&eacute;mu!&nbsp;<\/span><\/p>\n<p style=\"margin: 0.0px 0.0px 0.0px 0.0px; font: 18.0px Helvetica\"><span style=\"letter-spacing: 0.0px\">&nbsp;&nbsp; &nbsp; &nbsp; Z&aacute;stupy Luthera v&iacute;tali ako hrdinu a oslobodite\u013ea. Ako skuto\u010dn&eacute;ho duchovn&eacute;ho vodcu, za ktor&yacute;m sa oplat&iacute; kr&aacute;\u010da\u0165.<\/span><\/p>\n<p style=\"margin: 0.0px 0.0px 0.0px 0.0px; font: 18.0px Helvetica\"><span style=\"letter-spacing: 0.0px\">Pre evanjelium dok&aacute;zal i trpie\u0165, a bol pripraven&yacute; pre\u0148 aj zomrie\u0165!<\/span><\/p>\n<p style=\"margin: 0.0px 0.0px 0.0px 0.0px; font: 18.0px Helvetica; min-height: 22.0px\"><span style=\"letter-spacing: 0.0px\">&nbsp;&nbsp; &nbsp;<\/span><\/p>\n<p style=\"margin: 0.0px 0.0px 0.0px 0.0px; font: 18.0px Helvetica\"><span style=\"letter-spacing: 0.0px\">&nbsp;&nbsp; &nbsp; Preto vol&aacute;m do svedomia v&scaron;etk&yacute;m evanjelikom, ale aj \u013eahostajn&yacute;m a aj b&yacute;val&yacute;m evanjelikom: nevzd&aacute;vajme sa&nbsp; pochabo a \u013eahostajne, \u010di nez&uacute;\u010dastnene tohoto n&aacute;&scaron;ho duchovn&eacute;ho dedi\u010dstva! Pri 49O. v&yacute;ro\u010d&iacute; Lutherovho z&aacute;sadn&eacute;ho vyst&uacute;penia, obnovme svoju vieru, vr&aacute;\u0165me sa k na&scaron;&iacute;m duchov&yacute;m kore\u0148om a pevne sa dr\u017eme na&scaron;ej identity, z&iacute;skanej za cenu mnoh&eacute;ho utrpenia,&nbsp; mnoh&yacute;ch obet&iacute; \u017eivota i vyliatej krvi na&scaron;ich evanjelick&yacute;ch predkov. &nbsp;<\/span><\/p>\n<p style=\"margin: 0.0px 0.0px 0.0px 0.0px; font: 18.0px Helvetica\"><span style=\"letter-spacing: 0.0px\">&nbsp;&nbsp; &nbsp; Aj Luther mohol v&scaron;etko zvl&aacute;dnu\u0165 a prekona\u0165 len preto, \u017ee veril v Bo\u017eiu pomoc&nbsp; a spr&aacute;vnos\u0165&nbsp; cesty za Kristom, ako ju spoznal z P&iacute;sma!&nbsp; Aj on volal: &ldquo;Hosana Synovi D&aacute;vidovmu&rdquo;! Kristova \u010des\u0165 a sl&aacute;va mu bola nad v&scaron;etky veci a hodnoty ! V\u017edy vyzn&aacute;val: Jedine Kristus!&nbsp;<\/span><\/p>\n<p style=\"margin: 0.0px 0.0px 0.0px 0.0px; font: 18.0px Helvetica\"><span style=\"letter-spacing: 0.0px\">&nbsp; &nbsp; Ver&iacute;m, bratia a sestry,&nbsp; \u017ee na Je\u017ei&scaron;ovu sl&aacute;vu chceme \u017ei\u0165,&nbsp; spieva\u0165 a vola\u0165 aj my. Nielen dnes, ale st&aacute;le, a\u017e na veky vekov!&nbsp; Amen.<\/span><\/p>\n<p style=\"margin: 0.0px 0.0px 0.0px 0.0px; font: 18.0px Helvetica; min-height: 22.0px\"><span style=\"letter-spacing: 0.0px\">&nbsp; &nbsp;<\/span><\/p>\n<p style=\"margin: 0.0px 0.0px 0.0px 0.0px; font: 12.0px Helvetica\"><span style=\"font: 18.0px Helvetica; letter-spacing: 0.0px\">&nbsp;&nbsp; &nbsp; &nbsp; &nbsp; &nbsp; &nbsp; &nbsp; &nbsp; &nbsp; &nbsp;<\/span><span style=\"letter-spacing: 0.0px\"> Nede\u013ea Kvetn&aacute; 2011&nbsp; &nbsp; &#8211;&nbsp; &nbsp; Rovensko a Soboti&scaron;te&nbsp; &nbsp; &#8211; &nbsp; &nbsp; \u013dubom&iacute;r Batka st.<\/span><\/p>\n","protected":false},"excerpt":{"rendered":"<p>&nbsp;&nbsp;&nbsp; &nbsp; &nbsp; &nbsp; &nbsp; &nbsp; &nbsp; &nbsp; &nbsp; &nbsp; &nbsp; &nbsp; &nbsp; &nbsp; &nbsp; &nbsp; &nbsp; &nbsp; &nbsp; &nbsp; &nbsp; &nbsp; &nbsp; &nbsp; Hosana Synovi D&aacute;vidovmu! Mt 21 6-10:&nbsp; &rdquo;U\u010den&iacute;ci &scaron;li a urobili, ako im prik&aacute;zal Je\u017ei&scaron;: (7) priviedli oslicu a osliatko a kl&aacute;dli na ne svoje r&uacute;cha, i vysadol na ne. (8) A &#8230; <a title=\"Hosana Synovi D\u00e1vidovmu!\" class=\"read-more\" href=\"https:\/\/www.e-anjelik.sk\/index.php\/2011\/04\/23\/hosana-synovi-davidovmu\/\" aria-label=\"Pre\u010d\u00edtajte si viac o Hosana Synovi D\u00e1vidovmu!\">\u010c\u00edta\u0165 viac<\/a><\/p>\n","protected":false},"author":4,"featured_media":0,"comment_status":"open","ping_status":"open","sticky":false,"template":"","format":"standard","meta":{"footnotes":""},"categories":[121,95],"tags":[192],"class_list":["post-3515","post","type-post","status-publish","format-standard","hentry","category-kazne","category-sobotiste","tag-kazen"],"_links":{"self":[{"href":"https:\/\/www.e-anjelik.sk\/index.php\/wp-json\/wp\/v2\/posts\/3515","targetHints":{"allow":["GET"]}}],"collection":[{"href":"https:\/\/www.e-anjelik.sk\/index.php\/wp-json\/wp\/v2\/posts"}],"about":[{"href":"https:\/\/www.e-anjelik.sk\/index.php\/wp-json\/wp\/v2\/types\/post"}],"author":[{"embeddable":true,"href":"https:\/\/www.e-anjelik.sk\/index.php\/wp-json\/wp\/v2\/users\/4"}],"replies":[{"embeddable":true,"href":"https:\/\/www.e-anjelik.sk\/index.php\/wp-json\/wp\/v2\/comments?post=3515"}],"version-history":[{"count":0,"href":"https:\/\/www.e-anjelik.sk\/index.php\/wp-json\/wp\/v2\/posts\/3515\/revisions"}],"wp:attachment":[{"href":"https:\/\/www.e-anjelik.sk\/index.php\/wp-json\/wp\/v2\/media?parent=3515"}],"wp:term":[{"taxonomy":"category","embeddable":true,"href":"https:\/\/www.e-anjelik.sk\/index.php\/wp-json\/wp\/v2\/categories?post=3515"},{"taxonomy":"post_tag","embeddable":true,"href":"https:\/\/www.e-anjelik.sk\/index.php\/wp-json\/wp\/v2\/tags?post=3515"}],"curies":[{"name":"wp","href":"https:\/\/api.w.org\/{rel}","templated":true}]}}