{"id":3516,"date":"2011-04-24T14:07:35","date_gmt":"2011-04-24T14:07:35","guid":{"rendered":"http:\/\/e-anjelik.sk\/?p=3516"},"modified":"2011-04-24T14:07:35","modified_gmt":"2011-04-24T14:07:35","slug":"pastiersky-list-zboru-biskupov-ecav-ku-velkej-noci-2011","status":"publish","type":"post","link":"https:\/\/www.e-anjelik.sk\/index.php\/2011\/04\/24\/pastiersky-list-zboru-biskupov-ecav-ku-velkej-noci-2011\/","title":{"rendered":"Pastiersky list Zboru biskupov ECAV ku Ve\u013ekej noci 2011"},"content":{"rendered":"<h1><span style=\"font-size: 8pt\"><font face=\"Arial\"><font color=\"#000000\">Bratia a&nbsp;sestry v&nbsp;P&aacute;novi Je\u017ei&scaron;ovi Kristovi!<o:p><\/o:p><\/font><\/font><\/span><\/h1>\n<h1><span style=\"font-size: 8pt\"><font face=\"Arial\"><font color=\"#000000\">Doba v&nbsp;ktorej \u017eijeme, je ve\u013emi bohat&aacute; na reklamu. T&aacute; neobch&aacute;dza ani kres\u0165ansk&eacute; sviatky. Pred Ve\u013ekou nocou s&uacute; obchody a&nbsp;obchodn&eacute; centr&aacute; pln&eacute; ve\u013ekono\u010dn&yacute;ch sladkost&iacute; i&nbsp;dekor&aacute;c&iacute;&iacute;. A&nbsp;cestovn&eacute; kancel&aacute;rie propaguj&uacute; r&ocirc;zne jarn&eacute; ozdravovacie, turistick&eacute; pobyty, navrhuj&uacute; \u013eu\u010fom, ako by mohli str&aacute;vi\u0165 p&aacute;r dn&iacute; vo\u013ena po\u010das ve\u013ekono\u010dn&yacute;ch sviatkov.<o:p><\/o:p><\/font><\/font><\/span><\/h1>\n<h1><span style=\"font-size: 8pt\"><font face=\"Arial\"><font color=\"#000000\">Ako veriaci vieme, \u017ee skuto\u010dnou podstatou Ve\u013ekej noci je nie\u010do &uacute;plne in&eacute; &ndash; to, \u017ee Bo\u017e&iacute; Syn Je\u017ei&scaron; Kristus zomrel za na&scaron;e hriechy na Golgotskom kr&iacute;\u017ei a&nbsp;v&nbsp;tret&iacute; de\u0148 vstal z&nbsp;m\u0155tvych. Na skuto\u010dnosti Je\u017ei&scaron;ovho vzkriesenia stoj&iacute; a&nbsp;pad&aacute; cel&eacute; kres\u0165anstvo. Spom&iacute;na to aj apo&scaron;tol Pavel v&nbsp;1K 15, 17 &ndash; 19: &bdquo;ale ak Kristus nebol vzkriesen&yacute;, daromn&aacute; je va&scaron;a viera, e&scaron;te v\u017edy ste vo svojich hriechoch, a&nbsp;vtedy zahynuli aj t&iacute;, \u010do umreli v&nbsp;Kristovi. Ale ak jedine v&nbsp;tomto \u017eivote m&aacute;me n&aacute;dej v&nbsp;Krista, tak sme naj&uacute;bohej&scaron;&iacute; zo v&scaron;etk&yacute;ch \u013eud&iacute;.&ldquo; Bez vzkriesenia niet vyk&uacute;penia. O&nbsp;skuto\u010dnosti Je\u017ei&scaron;ovho vzkriesenia sved\u010d&iacute; &uacute;plne jednozna\u010dne cel&aacute; Nov&aacute; zmluva.<o:p><\/o:p><\/font><\/font><\/span><\/h1>\n<h1><span style=\"font-size: 8pt\"><font face=\"Arial\"><font color=\"#000000\">Aj my m&ocirc;\u017eeme pr&iacute;s\u0165 v&nbsp;my&scaron;lienkach ku Kristovmu hrobu a&nbsp;h\u013eada\u0165 Ho ako M&aacute;ria Magdal&eacute;na h\u013eadala svojho P&aacute;na. Aj n&aacute;s &ndash; tak ako ju &ndash; vzkriesen&yacute; Je\u017ei&scaron; vol&aacute; po mene, aby sme pochopili, \u010do sa vlastne vo ve\u013ekono\u010dn&eacute; r&aacute;no stalo.<o:p><\/o:p><\/font><\/font><\/span><\/h1>\n<h1><span style=\"font-size: 8pt\"><font face=\"Arial\"><font color=\"#000000\">Evanjelium n&aacute;m umo\u017e\u0148uje po\u010du\u0165 Je\u017ei&scaron;ov hlas. A&nbsp;ten hovor&iacute; osobne ku ka\u017ed&eacute;mu. Po\u010dujeme Bo\u017eie slovo a&nbsp;vieme, \u017ee ide o&nbsp;n&aacute;s a&nbsp;\u017ee sme osloven&iacute; na&scaron;&iacute;m menom, tak ako kedysi pri svojom krste sv&auml;tom. Ten Vzkriesen&yacute; dodnes prich&aacute;dza a&nbsp;hovor&iacute; k&nbsp;n&aacute;m. V&auml;\u010d&scaron;inou pou\u017e&iacute;va na to \u013eudsk&eacute; &uacute;sta, ktor&eacute; odovzd&aacute;vaj&uacute; v zhroma\u017edeniach veriacich na slu\u017eb&aacute;ch Bo\u017e&iacute;ch svedectvo apo&scaron;tolov. Ale je to On, ktor&yacute; n&aacute;m d&aacute;va o&nbsp;sebe vedie\u0165. On s&aacute;m povedal: &bdquo;moje ovce po\u010d&uacute;vaj&uacute; m&ocirc;j hlas, aj ja ich pozn&aacute;m a&nbsp;nasleduj&uacute; ma. Ja im d&aacute;vam ve\u010dn&yacute; \u017eivot a&nbsp;nezahyn&uacute; naveky a&nbsp;nikto mi ich nevytrhne z&nbsp;ruky.&ldquo; (J 10, 27 &ndash; 28).<o:p><\/o:p><\/font><\/font><\/span><\/h1>\n<p><!--break--><\/p>\n<h1><span style=\"font-size: 8pt\"><font face=\"Arial\"><font color=\"#000000\">Na&scaron;i predkovia evanjelici ve\u013emi dobre poznali tieto slov&aacute; z&nbsp;P&iacute;sma sv&auml;t&eacute;ho. Nehanbili sa smelo prizna\u0165 ku vzkriesen&eacute;mu Je\u017ei&scaron;ovi Kristovi a&nbsp;k&nbsp;Evanjelickej cirkvi augsbursk&eacute;ho vyznania. Vedeli, kam patria, a&nbsp;v&aacute;\u017eili si to. Boli ve\u013emi radi, \u017ee m&ocirc;\u017eu ma\u0165 svoje kostoly, &scaron;koly aj in&eacute; in&scaron;tit&uacute;cie.<o:p><\/o:p><\/font><\/font><\/span><\/h1>\n<h1><span style=\"font-size: 8pt\"><font face=\"Arial\"><font color=\"#000000\">\u017dijeme v&nbsp;krajine, kde je sloboda vierovyznania a&nbsp;ka\u017ed&yacute; sa m&ocirc;\u017ee bez strachu prizna\u0165 k&nbsp;svojej viere v&nbsp;Trojjedin&eacute;ho P&aacute;na Boha. V&nbsp;tomto roku m&aacute;me znovu t&uacute;to mo\u017enos\u0165. Pri s\u010d&iacute;tan&iacute; obyvate\u013estva, ktor&eacute; bude prebieha\u0165 od 13. m&aacute;ja do 6. j&uacute;na, sa ka\u017ed&yacute; evanjelik m&ocirc;\u017ee prizna\u0165 ku svojej cirkvi. T&yacute;m, \u017ee sa prihl&aacute;sime, d&aacute;me o&nbsp;sebe vedie\u0165, \u017ee na Slovensku s&uacute; aj evanjelici augsbursk&eacute;ho vierovyznania, ktor&iacute; sa za svoju vieru nehanbia a&nbsp;evanjelium P&aacute;na Je\u017ei&scaron;a im nie je \u013eahostajn&eacute;, ale je pre nich prame\u0148om viery a&nbsp;pravidlom \u017eivota. Povzbudzujeme V&aacute;s k&nbsp;tomu, bratia a sestry. Ve\u010f na&scaron;a viera je v&iacute;\u0165azstvo, ktor&eacute; prem&aacute;ha v&scaron;etky pochybnosti. M&ocirc;\u017eeme \u017ei\u0165 v&nbsp;n&aacute;deji, \u017ee vzkriesen&yacute; Kristus je s&nbsp;nami, pozn&aacute; na&scaron;e meno a&nbsp;nikdy n&aacute;s neopust&iacute;.<o:p><\/o:p><\/font><\/font><\/span><\/h1>\n<h1><span style=\"font-size: 8pt\"><font face=\"Arial\"><font color=\"#000000\">V&nbsp;tejto viere V&aacute;m v&scaron;etk&yacute;m prajeme po\u017eehnan&eacute; pre\u017eitie ve\u013ekono\u010dn&yacute;ch sviatkov 2011.<o:p><\/o:p><\/font><\/font><\/span><\/h1>\n<h1><span style=\"font-size: 8pt\"><font face=\"Arial\"><font color=\"#000000\">&nbsp;&nbsp;&nbsp;&nbsp;&nbsp;&nbsp;&nbsp;&nbsp;&nbsp;&nbsp;&nbsp;&nbsp;&nbsp;&nbsp;Milan Krivda&nbsp;&nbsp;&nbsp;&nbsp;&nbsp;&nbsp;&nbsp;&nbsp;&nbsp;&nbsp;&nbsp;&nbsp;&nbsp;&nbsp;&nbsp;&nbsp;&nbsp;&nbsp;&nbsp;&nbsp;&nbsp;&nbsp;&nbsp;Milo&scaron; Kl&aacute;tik&nbsp;&nbsp;&nbsp;&nbsp;&nbsp;&nbsp;&nbsp;&nbsp;&nbsp;&nbsp;&nbsp;&nbsp;&nbsp;&nbsp;&nbsp;&nbsp;&nbsp;&nbsp;&nbsp;&nbsp;&nbsp;&nbsp;&nbsp;&nbsp;&nbsp;&nbsp;&nbsp;&nbsp;&nbsp;Slavom&iacute;r Sabol<o:p><\/o:p><\/font><\/font><\/span><\/h1>\n<p><span style=\"font-family: &quot;Arial&quot;,&quot;sans-serif&quot;; font-size: 8pt; mso-fareast-font-family: 'Times New Roman'; mso-bidi-font-family: 'Times New Roman'; mso-ansi-language: SK; mso-fareast-language: SK; mso-bidi-language: AR-SA\"><font color=\"#000000\">&nbsp;&nbsp;&nbsp;&nbsp;&nbsp;&nbsp;&nbsp;&nbsp;&nbsp;&nbsp;&nbsp;&nbsp;&nbsp;&nbsp;biskup ZD&nbsp;&nbsp;&nbsp;&nbsp;&nbsp;&nbsp;&nbsp;&nbsp;&nbsp;&nbsp;&nbsp;&nbsp;&nbsp;&nbsp;&nbsp;&nbsp;&nbsp;&nbsp;&nbsp;&nbsp;&nbsp;&nbsp;&nbsp;&nbsp;&nbsp;&nbsp;gener&aacute;lny biskup&nbsp;&nbsp;&nbsp;&nbsp;&nbsp;&nbsp;&nbsp;&nbsp;&nbsp;&nbsp;&nbsp;&nbsp;&nbsp;&nbsp;&nbsp;&nbsp;&nbsp;&nbsp;&nbsp;&nbsp;&nbsp;biskup VD<\/font><\/span><\/p>\n","protected":false},"excerpt":{"rendered":"<p>Bratia a&nbsp;sestry v&nbsp;P&aacute;novi Je\u017ei&scaron;ovi Kristovi! Doba v&nbsp;ktorej \u017eijeme, je ve\u013emi bohat&aacute; na reklamu. T&aacute; neobch&aacute;dza ani kres\u0165ansk&eacute; sviatky. Pred Ve\u013ekou nocou s&uacute; obchody a&nbsp;obchodn&eacute; centr&aacute; pln&eacute; ve\u013ekono\u010dn&yacute;ch sladkost&iacute; i&nbsp;dekor&aacute;c&iacute;&iacute;. A&nbsp;cestovn&eacute; kancel&aacute;rie propaguj&uacute; r&ocirc;zne jarn&eacute; ozdravovacie, turistick&eacute; pobyty, navrhuj&uacute; \u013eu\u010fom, ako by mohli str&aacute;vi\u0165 p&aacute;r dn&iacute; vo\u013ena po\u010das ve\u013ekono\u010dn&yacute;ch sviatkov. Ako veriaci vieme, \u017ee skuto\u010dnou podstatou &#8230; <a title=\"Pastiersky list Zboru biskupov ECAV ku Ve\u013ekej noci 2011\" class=\"read-more\" href=\"https:\/\/www.e-anjelik.sk\/index.php\/2011\/04\/24\/pastiersky-list-zboru-biskupov-ecav-ku-velkej-noci-2011\/\" aria-label=\"Pre\u010d\u00edtajte si viac o Pastiersky list Zboru biskupov ECAV ku Ve\u013ekej noci 2011\">\u010c\u00edta\u0165 viac<\/a><\/p>\n","protected":false},"author":22,"featured_media":0,"comment_status":"open","ping_status":"open","sticky":false,"template":"","format":"standard","meta":{"footnotes":""},"categories":[77],"tags":[],"class_list":["post-3516","post","type-post","status-publish","format-standard","hentry","category-velka-noc"],"_links":{"self":[{"href":"https:\/\/www.e-anjelik.sk\/index.php\/wp-json\/wp\/v2\/posts\/3516","targetHints":{"allow":["GET"]}}],"collection":[{"href":"https:\/\/www.e-anjelik.sk\/index.php\/wp-json\/wp\/v2\/posts"}],"about":[{"href":"https:\/\/www.e-anjelik.sk\/index.php\/wp-json\/wp\/v2\/types\/post"}],"author":[{"embeddable":true,"href":"https:\/\/www.e-anjelik.sk\/index.php\/wp-json\/wp\/v2\/users\/22"}],"replies":[{"embeddable":true,"href":"https:\/\/www.e-anjelik.sk\/index.php\/wp-json\/wp\/v2\/comments?post=3516"}],"version-history":[{"count":0,"href":"https:\/\/www.e-anjelik.sk\/index.php\/wp-json\/wp\/v2\/posts\/3516\/revisions"}],"wp:attachment":[{"href":"https:\/\/www.e-anjelik.sk\/index.php\/wp-json\/wp\/v2\/media?parent=3516"}],"wp:term":[{"taxonomy":"category","embeddable":true,"href":"https:\/\/www.e-anjelik.sk\/index.php\/wp-json\/wp\/v2\/categories?post=3516"},{"taxonomy":"post_tag","embeddable":true,"href":"https:\/\/www.e-anjelik.sk\/index.php\/wp-json\/wp\/v2\/tags?post=3516"}],"curies":[{"name":"wp","href":"https:\/\/api.w.org\/{rel}","templated":true}]}}