{"id":3517,"date":"2011-04-26T07:51:30","date_gmt":"2011-04-26T07:51:30","guid":{"rendered":"http:\/\/e-anjelik.sk\/?p=3517"},"modified":"2011-04-26T07:51:30","modified_gmt":"2011-04-26T07:51:30","slug":"slavnost-krstu-v-hagen-pod-holym-nebom","status":"publish","type":"post","link":"https:\/\/www.e-anjelik.sk\/index.php\/2011\/04\/26\/slavnost-krstu-v-hagen-pod-holym-nebom\/","title":{"rendered":"Sl\u00e1vnos\u0165 krstu v Hagen pod hol\u00fdm nebom"},"content":{"rendered":"<p>Na Ve\u013ekono\u010dn&yacute; pondelok 25. apr&iacute;la 2011&nbsp;Evanjelick&aacute; cirkev&nbsp;v nemeckej oblasti Hagen mala sl&aacute;vnos\u0165 Krstu sv&auml;t&eacute;ho. V priestore miestneho skanzenu na 18 miestach po slu\u017eb&aacute;ch Bo\u017e&iacute;ch za pr&iacute;tomnosti asi 1400 os&ocirc;b konali sa pod hol&yacute;m nebom krsty 120 det&iacute;, mlad&yacute;ch a dospel&yacute;ch. Mottom&nbsp;tejto najv&auml;\u010d&scaron;ej krstnej sl&aacute;vnosti v celom Nemecku&nbsp; bolo:&quot;R&ocirc;zne narodeniny &#8211; jeden krst&quot;. Nazna\u010duje sa t&yacute;m individualita krstencov, ktor&yacute;ch sp&aacute;ja jeden krst. Nie v&scaron;etk&yacute;m z&aacute;ujemcom o krst mohli organiz&aacute;tori vyhovie\u0165.<\/p>\n<p>(<a href=\"http:\/\/www.kirchenkreis-hagen.de\">www.kirchenkreis-hagen.de<\/a>); (<a href=\"http:\/\/www.epd.de\">www.epd.de<\/a>)<\/p>\n","protected":false},"excerpt":{"rendered":"<p>Na Ve\u013ekono\u010dn&yacute; pondelok 25. apr&iacute;la 2011&nbsp;Evanjelick&aacute; cirkev&nbsp;v nemeckej oblasti Hagen mala sl&aacute;vnos\u0165 Krstu sv&auml;t&eacute;ho. V priestore miestneho skanzenu na 18 miestach po slu\u017eb&aacute;ch Bo\u017e&iacute;ch za pr&iacute;tomnosti asi 1400 os&ocirc;b konali sa pod hol&yacute;m nebom krsty 120 det&iacute;, mlad&yacute;ch a dospel&yacute;ch. Mottom&nbsp;tejto najv&auml;\u010d&scaron;ej krstnej sl&aacute;vnosti v celom Nemecku&nbsp; bolo:&quot;R&ocirc;zne narodeniny &#8211; jeden krst&quot;. Nazna\u010duje sa t&yacute;m &#8230; <a title=\"Sl\u00e1vnos\u0165 krstu v Hagen pod hol\u00fdm nebom\" class=\"read-more\" href=\"https:\/\/www.e-anjelik.sk\/index.php\/2011\/04\/26\/slavnost-krstu-v-hagen-pod-holym-nebom\/\" aria-label=\"Pre\u010d\u00edtajte si viac o Sl\u00e1vnos\u0165 krstu v Hagen pod hol\u00fdm nebom\">\u010c\u00edta\u0165 viac<\/a><\/p>\n","protected":false},"author":22,"featured_media":0,"comment_status":"open","ping_status":"open","sticky":false,"template":"","format":"standard","meta":{"footnotes":""},"categories":[9,10],"tags":[],"class_list":["post-3517","post","type-post","status-publish","format-standard","hentry","category-europa","category-zo-sveta"],"_links":{"self":[{"href":"https:\/\/www.e-anjelik.sk\/index.php\/wp-json\/wp\/v2\/posts\/3517","targetHints":{"allow":["GET"]}}],"collection":[{"href":"https:\/\/www.e-anjelik.sk\/index.php\/wp-json\/wp\/v2\/posts"}],"about":[{"href":"https:\/\/www.e-anjelik.sk\/index.php\/wp-json\/wp\/v2\/types\/post"}],"author":[{"embeddable":true,"href":"https:\/\/www.e-anjelik.sk\/index.php\/wp-json\/wp\/v2\/users\/22"}],"replies":[{"embeddable":true,"href":"https:\/\/www.e-anjelik.sk\/index.php\/wp-json\/wp\/v2\/comments?post=3517"}],"version-history":[{"count":0,"href":"https:\/\/www.e-anjelik.sk\/index.php\/wp-json\/wp\/v2\/posts\/3517\/revisions"}],"wp:attachment":[{"href":"https:\/\/www.e-anjelik.sk\/index.php\/wp-json\/wp\/v2\/media?parent=3517"}],"wp:term":[{"taxonomy":"category","embeddable":true,"href":"https:\/\/www.e-anjelik.sk\/index.php\/wp-json\/wp\/v2\/categories?post=3517"},{"taxonomy":"post_tag","embeddable":true,"href":"https:\/\/www.e-anjelik.sk\/index.php\/wp-json\/wp\/v2\/tags?post=3517"}],"curies":[{"name":"wp","href":"https:\/\/api.w.org\/{rel}","templated":true}]}}