{"id":3518,"date":"2011-04-26T08:31:51","date_gmt":"2011-04-26T08:31:51","guid":{"rendered":"http:\/\/e-anjelik.sk\/?p=3518"},"modified":"2011-04-26T08:31:51","modified_gmt":"2011-04-26T08:31:51","slug":"slovenski-reformovani-krestania-chcu-byt-clenmi-madarskej-reformovanej-cirkvi-mrc","status":"publish","type":"post","link":"https:\/\/www.e-anjelik.sk\/index.php\/2011\/04\/26\/slovenski-reformovani-krestania-chcu-byt-clenmi-madarskej-reformovanej-cirkvi-mrc\/","title":{"rendered":"Slovensk\u00ed reformovan\u00ed kres\u0165ania chc\u00fa by\u0165 \u010dlenmi Ma\u010farskej reformovanej cirkvi (MRC)"},"content":{"rendered":"<p>Na tohoro\u010dnom zasadnut&iacute; Predsedn&iacute;ctva Gener&aacute;lneho konventu MRC v M&aacute;lyi rie&scaron;ili aj ot&aacute;zku prist&uacute;penia Reformovanej kres\u0165anskej cirkvi na Slovensku do tejto etnicky jednotnej cirkvi v Karpatskej kotline. Ak synoda Ref. KC&nbsp;na Slovensku v m&aacute;ji t.r. schv&aacute;li n&aacute;vrhy za \u010dlena MRC, Gener&aacute;lny konvent &#8211; plen&aacute;rne zasadnutie MRC potom v j&uacute;ni v Teme&scaron;v&aacute;ri o tom rozhodne s kone\u010dnou platnos\u0165ou. Pod\u013ea biskupa Ref. KC na Slovensku L&aacute;szlo Fazekasa aj dva senior&aacute;ty slovenskej n&aacute;rodnosti bud&uacute; s&uacute;\u010das\u0165ou tejto \u010disto ma\u010farskej reformovanej cirkvi. Ich pr&aacute;va bud&uacute; rie&scaron;en&eacute; osobitn&yacute;m zmluvn&yacute;m dodatkom tak, \u017ee niektor&eacute; ustanovenia &Uacute;stavy MRC sa na slovensk&eacute; senior&aacute;ty nebud&uacute; vz\u0165ahova\u0165.<\/p>\n<p>(<a href=\"http:\/\/www.reformata.sk\">www.reformata.sk<\/a>)<\/p>\n","protected":false},"excerpt":{"rendered":"<p>Na tohoro\u010dnom zasadnut&iacute; Predsedn&iacute;ctva Gener&aacute;lneho konventu MRC v M&aacute;lyi rie&scaron;ili aj ot&aacute;zku prist&uacute;penia Reformovanej kres\u0165anskej cirkvi na Slovensku do tejto etnicky jednotnej cirkvi v Karpatskej kotline. Ak synoda Ref. KC&nbsp;na Slovensku v m&aacute;ji t.r. schv&aacute;li n&aacute;vrhy za \u010dlena MRC, Gener&aacute;lny konvent &#8211; plen&aacute;rne zasadnutie MRC potom v j&uacute;ni v Teme&scaron;v&aacute;ri o tom rozhodne s kone\u010dnou &#8230; <a title=\"Slovensk\u00ed reformovan\u00ed kres\u0165ania chc\u00fa by\u0165 \u010dlenmi Ma\u010farskej reformovanej cirkvi (MRC)\" class=\"read-more\" href=\"https:\/\/www.e-anjelik.sk\/index.php\/2011\/04\/26\/slovenski-reformovani-krestania-chcu-byt-clenmi-madarskej-reformovanej-cirkvi-mrc\/\" aria-label=\"Pre\u010d\u00edtajte si viac o Slovensk\u00ed reformovan\u00ed kres\u0165ania chc\u00fa by\u0165 \u010dlenmi Ma\u010farskej reformovanej cirkvi (MRC)\">\u010c\u00edta\u0165 viac<\/a><\/p>\n","protected":false},"author":22,"featured_media":0,"comment_status":"open","ping_status":"open","sticky":false,"template":"","format":"standard","meta":{"footnotes":""},"categories":[2,9,10],"tags":[],"class_list":["post-3518","post","type-post","status-publish","format-standard","hentry","category-ekumena","category-europa","category-zo-sveta"],"_links":{"self":[{"href":"https:\/\/www.e-anjelik.sk\/index.php\/wp-json\/wp\/v2\/posts\/3518","targetHints":{"allow":["GET"]}}],"collection":[{"href":"https:\/\/www.e-anjelik.sk\/index.php\/wp-json\/wp\/v2\/posts"}],"about":[{"href":"https:\/\/www.e-anjelik.sk\/index.php\/wp-json\/wp\/v2\/types\/post"}],"author":[{"embeddable":true,"href":"https:\/\/www.e-anjelik.sk\/index.php\/wp-json\/wp\/v2\/users\/22"}],"replies":[{"embeddable":true,"href":"https:\/\/www.e-anjelik.sk\/index.php\/wp-json\/wp\/v2\/comments?post=3518"}],"version-history":[{"count":0,"href":"https:\/\/www.e-anjelik.sk\/index.php\/wp-json\/wp\/v2\/posts\/3518\/revisions"}],"wp:attachment":[{"href":"https:\/\/www.e-anjelik.sk\/index.php\/wp-json\/wp\/v2\/media?parent=3518"}],"wp:term":[{"taxonomy":"category","embeddable":true,"href":"https:\/\/www.e-anjelik.sk\/index.php\/wp-json\/wp\/v2\/categories?post=3518"},{"taxonomy":"post_tag","embeddable":true,"href":"https:\/\/www.e-anjelik.sk\/index.php\/wp-json\/wp\/v2\/tags?post=3518"}],"curies":[{"name":"wp","href":"https:\/\/api.w.org\/{rel}","templated":true}]}}