{"id":3519,"date":"2011-04-26T08:52:00","date_gmt":"2011-04-26T08:52:00","guid":{"rendered":"http:\/\/e-anjelik.sk\/?p=3519"},"modified":"2011-04-26T08:52:00","modified_gmt":"2011-04-26T08:52:00","slug":"vecera-v-kostole-v-dansku","status":"publish","type":"post","link":"https:\/\/www.e-anjelik.sk\/index.php\/2011\/04\/26\/vecera-v-kostole-v-dansku\/","title":{"rendered":"Ve\u010dera v kostole v D\u00e1nsku"},"content":{"rendered":"<p>Na Zelen&yacute; &scaron;tvrtok 21. apr&iacute;la t.r. sa v kostole Hyltebjerg vo Vanloese &nbsp;konala vo ve\u010dern&yacute;ch hodin&aacute;ch netradi\u010dn&aacute; bohoslu\u017eba z pr&iacute;le\u017eitosti pamiatky ustanovenia sviatosti Ve\u010dere P&aacute;novej. V kostole miesto stoli\u010diek boli teraz pozd\u013e\u017ene usporiadan&eacute; stoly, zakryt&eacute; bielymi obrusmi. 120 nav&scaron;tevn&iacute;kov prijalo Ve\u010deru P&aacute;novu a potom pri speve duchovn&yacute;ch piesni spolo\u010dne ve\u010derali jah\u0148acinu a pili \u010derven&eacute; v&iacute;no. Ke\u010f\u017ee o tento druh bohoslu\u017eby je ve\u013ek&yacute; z&aacute;ujem, prv&aacute; smena jediacich sa musela popon&aacute;h\u013ea\u0165, aby pomocn&iacute;ci mohli prestrie\u0165 a obsl&uacute;\u017ei\u0165 \u010fal&scaron;&iacute;ch, ktor&iacute; ich vymenia. N&aacute;v&scaron;tevn&iacute;ci oce\u0148uj&uacute; na tejto bohoslu\u017ebe vytvorenie spolo\u010denstva \u013eud&iacute; pri jedle,kedy sa m&ocirc;\u017eu aj vz&aacute;jomne dotkn&uacute;\u0165 a&nbsp; vz&aacute;jomne zdie\u013ea\u0165 svoje starosti i radosti.<\/p>\n<p>(<a href=\"http:\/\/www.folkekirken.dk\">www.folkekirken.dk<\/a>)<\/p>\n","protected":false},"excerpt":{"rendered":"<p>Na Zelen&yacute; &scaron;tvrtok 21. apr&iacute;la t.r. sa v kostole Hyltebjerg vo Vanloese &nbsp;konala vo ve\u010dern&yacute;ch hodin&aacute;ch netradi\u010dn&aacute; bohoslu\u017eba z pr&iacute;le\u017eitosti pamiatky ustanovenia sviatosti Ve\u010dere P&aacute;novej. V kostole miesto stoli\u010diek boli teraz pozd\u013e\u017ene usporiadan&eacute; stoly, zakryt&eacute; bielymi obrusmi. 120 nav&scaron;tevn&iacute;kov prijalo Ve\u010deru P&aacute;novu a potom pri speve duchovn&yacute;ch piesni spolo\u010dne ve\u010derali jah\u0148acinu a pili \u010derven&eacute; v&iacute;no. &#8230; <a title=\"Ve\u010dera v kostole v D\u00e1nsku\" class=\"read-more\" href=\"https:\/\/www.e-anjelik.sk\/index.php\/2011\/04\/26\/vecera-v-kostole-v-dansku\/\" aria-label=\"Pre\u010d\u00edtajte si viac o Ve\u010dera v kostole v D\u00e1nsku\">\u010c\u00edta\u0165 viac<\/a><\/p>\n","protected":false},"author":22,"featured_media":0,"comment_status":"open","ping_status":"open","sticky":false,"template":"","format":"standard","meta":{"footnotes":""},"categories":[1],"tags":[207],"class_list":["post-3519","post","type-post","status-publish","format-standard","hentry","category-adventna-modlitba","tag-vecera-panova"],"_links":{"self":[{"href":"https:\/\/www.e-anjelik.sk\/index.php\/wp-json\/wp\/v2\/posts\/3519","targetHints":{"allow":["GET"]}}],"collection":[{"href":"https:\/\/www.e-anjelik.sk\/index.php\/wp-json\/wp\/v2\/posts"}],"about":[{"href":"https:\/\/www.e-anjelik.sk\/index.php\/wp-json\/wp\/v2\/types\/post"}],"author":[{"embeddable":true,"href":"https:\/\/www.e-anjelik.sk\/index.php\/wp-json\/wp\/v2\/users\/22"}],"replies":[{"embeddable":true,"href":"https:\/\/www.e-anjelik.sk\/index.php\/wp-json\/wp\/v2\/comments?post=3519"}],"version-history":[{"count":0,"href":"https:\/\/www.e-anjelik.sk\/index.php\/wp-json\/wp\/v2\/posts\/3519\/revisions"}],"wp:attachment":[{"href":"https:\/\/www.e-anjelik.sk\/index.php\/wp-json\/wp\/v2\/media?parent=3519"}],"wp:term":[{"taxonomy":"category","embeddable":true,"href":"https:\/\/www.e-anjelik.sk\/index.php\/wp-json\/wp\/v2\/categories?post=3519"},{"taxonomy":"post_tag","embeddable":true,"href":"https:\/\/www.e-anjelik.sk\/index.php\/wp-json\/wp\/v2\/tags?post=3519"}],"curies":[{"name":"wp","href":"https:\/\/api.w.org\/{rel}","templated":true}]}}