{"id":3521,"date":"2011-04-26T15:13:12","date_gmt":"2011-04-26T15:13:12","guid":{"rendered":"http:\/\/e-anjelik.sk\/?p=3521"},"modified":"2011-04-26T15:13:12","modified_gmt":"2011-04-26T15:13:12","slug":"biela-sobota-vecer","status":"publish","type":"post","link":"https:\/\/www.e-anjelik.sk\/index.php\/2011\/04\/26\/biela-sobota-vecer\/","title":{"rendered":"Biela sobota &#8211; ve\u010der"},"content":{"rendered":"<p>&nbsp;<span class=\"Apple-style-span\" style=\"font-family: Helvetica; line-height: normal; font-size: 14px; \"><b>&nbsp;&nbsp; &nbsp; &nbsp; &nbsp; &nbsp; &nbsp; &nbsp; &nbsp; &nbsp; &nbsp; &nbsp; &nbsp; &nbsp; &nbsp; &nbsp; &nbsp; &nbsp; &nbsp; &nbsp; &nbsp; &nbsp; &nbsp; &nbsp; &nbsp; &nbsp; &nbsp; &nbsp;Biela sobota &#8211; ve\u010der<\/b><\/span><\/p>\n<p style=\"margin: 0.0px 0.0px 0.0px 0.0px; font: 14.0px Helvetica\"><span style=\"letter-spacing: 0.0px\"><b>1.\u010d&iacute;tanie: \u017d 16&nbsp;<\/b> &nbsp; &nbsp; &nbsp; &nbsp; &nbsp; &nbsp; &nbsp; &nbsp; &nbsp; &nbsp; &nbsp; &nbsp; &nbsp;<\/span><\/p>\n<p style=\"margin: 0.0px 0.0px 0.0px 0.0px; font: 14.0px Helvetica\"><span style=\"letter-spacing: 0.0px\">&nbsp;<b>Sk 2, 29- 32:&nbsp;<\/b><\/span><\/p>\n<p style=\"margin: 0.0px 0.0px 0.0px 0.0px; font: 14.0px Helvetica\"><span style=\"letter-spacing: 0.0px\"><i>&rdquo;Mu\u017eovia, bratia! m&ocirc;\u017eem v&aacute;m&nbsp; otvorene hovori\u0165 o patriarchovi D&aacute;vidovi , \u017ee umrel, pochovali ho, a jeho hrob je a\u017e do dne&scaron;n&eacute;ho d\u0148a medzi nami.(30) Ale ke\u010f\u017ee bol prorok a vedel, \u010do mu Boh pod pr&iacute;sahou s\u013e&uacute;bil, toti\u017e,&nbsp; \u017ee z jeho potomstva posad&iacute; na jeho tr&oacute;n, (31) predvidel a predpovedal vzkriesenie Kristovo, \u017ee ani Jeho du&scaron;a nezostala v podsvet&iacute;, ani Jeho telo nevidelo poru&scaron;enie. (32) Toho Je\u017ei&scaron;a vzkriesil Boh a my v&scaron;etci sme svedkami toho&rdquo;. Amen<\/i><\/span><\/p>\n<p style=\"margin: 0.0px 0.0px 0.0px 0.0px; font: 14.0px Helvetica; min-height: 17.0px\"><span style=\"letter-spacing: 0.0px\"><b>&nbsp;&nbsp; &nbsp; &nbsp; &nbsp; &nbsp; &nbsp; &nbsp; &nbsp; &nbsp;<\/b><\/span><\/p>\n<p style=\"margin: 0.0px 0.0px 0.0px 0.0px; font: 14.0px Helvetica; min-height: 17.0px\">&nbsp;<\/p>\n<p style=\"margin: 0.0px 0.0px 0.0px 0.0px; font: 14.0px Helvetica\"><span style=\"letter-spacing: 0.0px\">&nbsp;&nbsp; &nbsp; Mil&iacute; bratia a sestry v PJK!<\/span><\/p>\n<p style=\"margin: 0.0px 0.0px 0.0px 0.0px; font: 14.0px Helvetica; min-height: 17.0px\"><span style=\"letter-spacing: 0.0px\">&nbsp;&nbsp; &nbsp; &nbsp;<\/span><\/p>\n<p style=\"margin: 0.0px 0.0px 0.0px 0.0px; font: 14.0px Helvetica\"><span style=\"letter-spacing: 0.0px\">&nbsp; &nbsp; &nbsp; Prv&aacute;, historick&aacute; <b>Biela sobota <\/b>&#8211; mohla azda e&scaron;te nap\u013a\u0148a\u0165 uspokojen&iacute;m srdcia Je\u017ei&scaron;ov&yacute;ch nepriate\u013eov a neprajn&iacute;kov. Jeho \u017eivot bol na zemi zmaren&yacute;. Telo le\u017ealo pochovan&eacute; v skalnom hrobe Jozefa z Arimatie. Pri hrobe st&aacute;la str&aacute;\u017e \u017eidovsk&aacute;. Mo\u017eno bola posilnen&aacute; aj nejak&yacute;mi r&iacute;mskymi legion&aacute;rmi. Kame\u0148 bol zape\u010daten&yacute; a u\u010den&iacute;ci sa rozp\u0155chli. \u017didia v pokoji sv&auml;tili ve\u013ekono\u010dn&uacute; sobotu a navonok sa v&scaron;etko dialo tak, ako po cel&eacute; st&aacute;ro\u010dia predt&yacute;m.<\/span><\/p>\n<p style=\"margin: 0.0px 0.0px 0.0px 0.0px; font: 14.0px Helvetica\"><span style=\"letter-spacing: 0.0px\">&nbsp;&nbsp; &nbsp; &nbsp; A predsa je Biela sobota pripomenut&iacute;m <b>nielen<\/b> pokojn&eacute;ho odpo\u010dinku&nbsp; Kristovho tela v hrobe, e&scaron;te zavinut&eacute;ho v placht&aacute;ch s vonn&yacute;mi vecami.&nbsp; Povedan&eacute; slovami \u017ealmistu: &ldquo;<i> Nie, nedrieme a nesp&iacute; ochranca Izraela&rdquo;.&nbsp;<\/i><\/span><\/p>\n<p style=\"margin: 0.0px 0.0px 0.0px 0.0px; font: 14.0px Helvetica\"><span style=\"letter-spacing: 0.0px\"><i>(\u017d 121,4) <\/i>Nespal sp&aacute;nkom m\u0155tvych Ten, ktor&yacute; bol, je a zost&aacute;va ve\u010dn&yacute;m Bo\u017e&iacute;m Synom a tak aj prav&yacute;m Bohom.&nbsp;<\/span><\/p>\n<p style=\"margin: 0.0px 0.0px 0.0px 0.0px; font: 14.0px Helvetica\"><span style=\"letter-spacing: 0.0px\">&nbsp; &nbsp; &nbsp; &nbsp; Dne&scaron;n&eacute; slovo ap.Petra v jeho sv&auml;todu&scaron;nej k&aacute;zni m&aacute; pre n&aacute;s a pre v&scaron;etky \u010dasy d&ocirc;le\u017eit&eacute; posolstvo. Obsahuje okrem in&yacute;ch d&ocirc;le\u017eit&yacute;ch pr&aacute;vd aj to z&aacute;kladn&eacute; posolstvo o P&aacute;novi JK a Jeho diele. K dielu vyk&uacute;penia sveta a stvorenstva Ho poslal Otec z neba a On vykonal a dokonal svoju &uacute;lohu na zemi. Dal &ldquo; <i>svoju du&scaron;u ako v&yacute;kupn&eacute; za mnoh&yacute;ch<\/i>&rdquo;. Za mnoh&yacute;ch, znamen&aacute; pod\u013ea P&iacute;sma: <b>za v&scaron;etk&yacute;ch \u013eud&iacute;<\/b>.<\/span><\/p>\n<p style=\"margin: 0.0px 0.0px 0.0px 0.0px; font: 14.0px Helvetica\"><span style=\"letter-spacing: 0.0px\">&nbsp; &nbsp; &nbsp; Nielen za t&yacute;ch, ktor&iacute; vtedy \u017eili v Jeruzaleme. Nielen za deti vtedaj&scaron;ieho Izraela. Aj za pohanov. Nielen za \u017eij&uacute;cich, ale aj za t&yacute;ch, ktor&iacute; e&scaron;te <b>len mali pr&iacute;s\u0165<\/b> na svet. Tak&yacute;mi sme aj my v&scaron;etci, ktor&iacute; sme sa narodili po Jeho umu\u010den&iacute; a vzkriesen&iacute;. Jeho dielo plat&iacute; aj pre n&aacute;s. Bol poslan&yacute; ako prv&yacute; a prav&yacute; apo&scaron;tol Bo\u017e&iacute; pre v&scaron;etk&yacute;ch.<\/span><\/p>\n<p style=\"margin: 0.0px 0.0px 0.0px 0.0px; font: 14.0px Helvetica\"><span style=\"letter-spacing: 0.0px\">&nbsp; &nbsp; &nbsp; Niekedy zab&uacute;dame v&scaron;ak na jedno! \u017de bol poslan&yacute; k vyk&uacute;peniu aj t&yacute;ch, ktor&iacute; \u017eili u\u017e <b>pred<\/b> Jeho prinesenou obe\u0165ou na Golgote a sl&aacute;vnym vzkriesen&iacute;m! Ktor&iacute; sa nedo\u017eili Jeho pr&iacute;chodu, ako napr. Moj\u017ei&scaron; a proroci. Alebo sa nedo\u017eili zvestovania cel&eacute;ho evanjelia &#8211; ako napr. J&aacute;n Krstite\u013e!&nbsp; Predvidel s&iacute;ce spr&aacute;vne a presne, \u017ee On je Bar&aacute;nok Bo\u017e&iacute;, ale vzkriesenia, v&iacute;\u0165azstva P&aacute;novho sa u\u017e pre svoju mu\u010den&iacute;cku smr\u0165 nedo\u017eil. Bolo aj mno\u017estvo in&yacute;ch, ktor&iacute; verili v Bo\u017eie zas\u013e&uacute;benia. Boli aj h\u013eadaj&uacute;ci, aj pochybuj&uacute;ci a milostiv&yacute; Boh a P&aacute;n Je\u017ei&scaron; mal ponuku evanjelia, \u017eivota ve\u010dn&eacute;ho a &uacute;\u010dasti na Jeho v&iacute;\u0165aztve aj pre nich. On vpravde pri&scaron;iel <b>pre v&scaron;etk&yacute;ch<\/b>. Aj pre &ldquo;zosnul&yacute;ch&rdquo;!<\/span><\/p>\n<p style=\"margin: 0.0px 0.0px 0.0px 0.0px; font: 14.0px Helvetica\"><span style=\"letter-spacing: 0.0px\">&nbsp; &nbsp; &nbsp; A preto aj &ldquo;<i>zost&uacute;pil v Duchu Sv&auml;tom&rdquo; <\/i>k zosnul&yacute;m, ako to aj vyzn&aacute;vame s prvou apo&scaron;tolskou cirkvou dodnes: &ldquo;<i>Trpel &#8230;.ukri\u017eovan&yacute; umrel a pochovan&yacute; bol.&nbsp; <\/i><b><i>Zost&uacute;pil k zosnul&yacute;m<\/i><\/b><i>&#8230;&rdquo;&nbsp; Dos\u0165 nejasne zneje n&aacute;&scaron; evanjelick&yacute; preklad:&nbsp; zost&uacute;pil do pekiel !&nbsp; Je\u017ei&scaron; teda <\/i>&ldquo;zost&uacute;pil&rdquo;. Ak sa p&yacute;tame: kam? &#8211; odpoved&aacute;me s apo&scaron;tolmi a star&yacute;mi u\u010dite\u013emi cirkvi: Do nevidite\u013ena. Do r&iacute;&scaron;e du&scaron;&iacute; odpo\u010d&iacute;vaj&uacute;ch a o\u010dak&aacute;vaj&uacute;cich v&scaron;eobecn&eacute; vzkriesenie a posledn&yacute; s&uacute;d!<\/span><\/p>\n<p style=\"margin: 0.0px 0.0px 0.0px 0.0px; font: 14.0px Helvetica; min-height: 17.0px\"><span style=\"letter-spacing: 0.0px\">&nbsp; &nbsp; &nbsp;<\/span><\/p>\n<p style=\"margin: 0.0px 0.0px 0.0px 0.0px; font: 14.0px Helvetica\"><span style=\"letter-spacing: 0.0px\">&nbsp; &nbsp; &nbsp; P&aacute;n Je\u017ei&scaron; sa po ukri\u017eovan&iacute; hne\u010f nevr&aacute;til k Otcovi. <i>&ldquo;Preto\u017ee nenech&aacute;&scaron; ma v podsvet&iacute; a svojmu Sv&auml;t&eacute;mu ned&aacute;&scaron; vidie\u0165 poru&scaron;enie&rdquo;.(Sk 2,27)<\/i> Jeho misia a k&aacute;ze\u0148 evanjelia pokra\u010duje aj tam, v z&aacute;hrob&iacute;, medzi zosnul&yacute;mi du&scaron;ami. O tom svojim u\u010den&iacute;kom&nbsp; mohol poveda\u0165 v t&yacute;ch 4O &#8211; tich d\u0148och po vzkriesen&iacute;. On s&aacute;m im to aj povedal. Preto apo&scaron;tol Peter vo svojej prvej, sv&auml;todu&scaron;nej k&aacute;zni spom&iacute;na aj t&uacute;to skuto\u010dnos\u0165. Cituje slov&aacute; 16 \u017dalmu a hovor&iacute; o tom, \u017ee kr&aacute;\u013e&nbsp; D&aacute;vid ich nepovedal o sebe, ale o Bo\u017eom Synovi, ktor&yacute; pri&scaron;iel z jeho potomstva!&nbsp; &#8211; &ldquo;J<b>eho telo nevzalo ( nevidelo)&nbsp; poru&scaron;enie &#8211; ani Jeho du&scaron;a nezostala v podsvet&iacute;&rdquo;!<\/b> &ldquo;<i>Ke\u010f vzt&yacute;\u010dil z&aacute;stavu svojho evanjelia v r&iacute;&scaron;i zosnul&yacute;ch a ozn&aacute;mil im radostn&uacute; zves\u0165&rdquo; (<\/i>J.P.Smyth), dal ka\u017ed&eacute;mu mo\u017enos\u0165 skrze vieru prija\u0165 ho ako V&iacute;\u0165aza nad&nbsp; smr\u0165ou a z&aacute;hrob&iacute;m. Ako P&aacute;na p&aacute;nov! &nbsp;<\/span><\/p>\n<p style=\"margin: 0.0px 0.0px 0.0px 0.0px; font: 14.0px Helvetica; min-height: 17.0px\"><span style=\"letter-spacing: 0.0px\">&nbsp;&nbsp;<\/span><\/p>\n<p style=\"margin: 0.0px 0.0px 0.0px 0.0px; font: 14.0px Helvetica\"><span style=\"letter-spacing: 0.0px\">&nbsp; &nbsp; Ap.Peter o tom hovor&iacute; jasne aj na in&yacute;ch miestach. Aj &ldquo;<i>m\u0155tvym sa zvestovalo evanjelium&rdquo;<\/i>, nap&iacute;sal vo svojom prvom liste (<i>1 Pt 4,6<\/i>). Nikto nie je vy\u0148at&yacute; z ponuky milosti a \u017eiadna \u010das\u0165 Bo\u017eieho sveta a vesm&iacute;ru nie je bez ponuky spasenia. <i>\u017diadna moc, ani moc smrti, alebo hlbokos\u0165, nem&ocirc;\u017ee veriaceho odl&uacute;\u010di\u0165 od l&aacute;sky Bo\u017eej, ktor&aacute; je v na&scaron;om PJK!&nbsp; (R 8, 38-39))<\/i><\/span><\/p>\n<p style=\"margin: 0.0px 0.0px 0.0px 0.0px; font: 14.0px Helvetica; min-height: 17.0px\"><span style=\"letter-spacing: 0.0px\"><i>&nbsp; &nbsp; &nbsp;<\/i><\/span><\/p>\n<p style=\"margin: 0.0px 0.0px 0.0px 0.0px; font: 14.0px Helvetica\"><span style=\"letter-spacing: 0.0px\">&nbsp;&nbsp; &nbsp; Dnes si pripom&iacute;name, \u017ee svet videl iba zape\u010daten&yacute; hrob, v ktorom hodlal zadr\u017ea\u0165 Jeho&nbsp; telo, ur\u010den&eacute; k z&aacute;niku.&nbsp; Ale Kristovo dielo a svedectvo evanjelia pokra\u010dovalo .&nbsp;<\/span><\/p>\n<p style=\"margin: 0.0px 0.0px 0.0px 0.0px; font: 14.0px Helvetica\"><span style=\"letter-spacing: 0.0px\">&nbsp; &nbsp; &nbsp; Pokra\u010duje dodnes. Sme pocten&iacute; a pote&scaron;en&iacute; t&yacute;m, \u017ee m&ocirc;\u017eeme aj my by\u0165 Jeho svedkami, ako P&aacute;na \u017eiv&eacute;ho a Vzkriesen&eacute;ho. U\u017e v nast&aacute;vaj&uacute;cej noci Boh&nbsp; konal e&scaron;te viac a \u010falej. Dal svojmu Synovi aj osl&aacute;ven&eacute;, premenen&eacute; telo. Nov&eacute;, duchovn&eacute; telo, v ktorom vy&scaron;iel z hrobu a napokon s du&scaron;ou i telom vst&uacute;pil na nebes&aacute;, aby n&aacute;m pripravil nov&eacute; pr&iacute;bytky!&nbsp;<\/span><\/p>\n<p style=\"margin: 0.0px 0.0px 0.0px 0.0px; font: 14.0px Helvetica\"><span style=\"letter-spacing: 0.0px\">&nbsp; &nbsp; &nbsp; \u010eakujme Mu za v&scaron;etko a oslavujme aj dnes Jeho milos\u0165, l&aacute;sku a Jeho sv&auml;t&eacute; meno. K&yacute;m skon\u010dila noc prv&eacute;ho d\u0148a po sobote, dok&aacute;zal, \u017ee <i>je Prv&yacute; a Posledn&yacute; a \u017eiv&yacute; na veky vekov a m&aacute; k\u013e&uacute;\u010de smrti a podsvetia&rdquo;. (Zj.1,18)<\/i> Amen.<\/span><\/p>\n<p style=\"margin: 0.0px 0.0px 0.0px 0.0px; font: 14.0px Helvetica; min-height: 17.0px\">&nbsp;<\/p>\n<p style=\"margin: 0.0px 0.0px 0.0px 0.0px; font: 14.0px Helvetica; min-height: 17.0px\"><span style=\"letter-spacing: 0.0px\">&nbsp;&nbsp; &nbsp; &nbsp;<\/span><\/p>\n<p style=\"margin: 0.0px 0.0px 0.0px 0.0px; font: 14.0px Helvetica\"><span style=\"letter-spacing: 0.0px\">&nbsp;&nbsp; &nbsp; &nbsp; &nbsp; &nbsp; &nbsp; &nbsp; &nbsp; &nbsp; &nbsp; &nbsp; &nbsp; &nbsp; &nbsp; &nbsp;&nbsp;Biela sobota ve\u010der&nbsp; &nbsp; &#8211;&nbsp; Soboti&scaron;te&nbsp; 2011 &#8211;&nbsp; &nbsp; &nbsp; \u013d.Batka st.<\/span><\/p>\n","protected":false},"excerpt":{"rendered":"<p>&nbsp;&nbsp;&nbsp; &nbsp; &nbsp; &nbsp; &nbsp; &nbsp; &nbsp; &nbsp; &nbsp; &nbsp; &nbsp; &nbsp; &nbsp; &nbsp; &nbsp; &nbsp; &nbsp; &nbsp; &nbsp; &nbsp; &nbsp; &nbsp; &nbsp; &nbsp; &nbsp; &nbsp; &nbsp;Biela sobota &#8211; ve\u010der 1.\u010d&iacute;tanie: \u017d 16&nbsp; &nbsp; &nbsp; &nbsp; &nbsp; &nbsp; &nbsp; &nbsp; &nbsp; &nbsp; &nbsp; &nbsp; &nbsp; &nbsp; &nbsp;Sk 2, 29- 32:&nbsp; &rdquo;Mu\u017eovia, bratia! m&ocirc;\u017eem v&aacute;m&nbsp; otvorene &#8230; <a title=\"Biela sobota &#8211; ve\u010der\" class=\"read-more\" href=\"https:\/\/www.e-anjelik.sk\/index.php\/2011\/04\/26\/biela-sobota-vecer\/\" aria-label=\"Pre\u010d\u00edtajte si viac o Biela sobota &#8211; ve\u010der\">\u010c\u00edta\u0165 viac<\/a><\/p>\n","protected":false},"author":4,"featured_media":0,"comment_status":"open","ping_status":"open","sticky":false,"template":"","format":"standard","meta":{"footnotes":""},"categories":[121,95],"tags":[321],"class_list":["post-3521","post","type-post","status-publish","format-standard","hentry","category-kazne","category-sobotiste","tag-vigilia"],"_links":{"self":[{"href":"https:\/\/www.e-anjelik.sk\/index.php\/wp-json\/wp\/v2\/posts\/3521","targetHints":{"allow":["GET"]}}],"collection":[{"href":"https:\/\/www.e-anjelik.sk\/index.php\/wp-json\/wp\/v2\/posts"}],"about":[{"href":"https:\/\/www.e-anjelik.sk\/index.php\/wp-json\/wp\/v2\/types\/post"}],"author":[{"embeddable":true,"href":"https:\/\/www.e-anjelik.sk\/index.php\/wp-json\/wp\/v2\/users\/4"}],"replies":[{"embeddable":true,"href":"https:\/\/www.e-anjelik.sk\/index.php\/wp-json\/wp\/v2\/comments?post=3521"}],"version-history":[{"count":0,"href":"https:\/\/www.e-anjelik.sk\/index.php\/wp-json\/wp\/v2\/posts\/3521\/revisions"}],"wp:attachment":[{"href":"https:\/\/www.e-anjelik.sk\/index.php\/wp-json\/wp\/v2\/media?parent=3521"}],"wp:term":[{"taxonomy":"category","embeddable":true,"href":"https:\/\/www.e-anjelik.sk\/index.php\/wp-json\/wp\/v2\/categories?post=3521"},{"taxonomy":"post_tag","embeddable":true,"href":"https:\/\/www.e-anjelik.sk\/index.php\/wp-json\/wp\/v2\/tags?post=3521"}],"curies":[{"name":"wp","href":"https:\/\/api.w.org\/{rel}","templated":true}]}}