{"id":3522,"date":"2011-04-28T08:14:24","date_gmt":"2011-04-28T08:14:24","guid":{"rendered":"http:\/\/e-anjelik.sk\/?p=3522"},"modified":"2011-04-28T08:14:24","modified_gmt":"2011-04-28T08:14:24","slug":"9000-osob-pocas-postu-v-rakusku-sa-vzdalo-pouzivania-auta","status":"publish","type":"post","link":"https:\/\/www.e-anjelik.sk\/index.php\/2011\/04\/28\/9000-osob-pocas-postu-v-rakusku-sa-vzdalo-pouzivania-auta\/","title":{"rendered":"9000 os\u00f4b po\u010das p\u00f4stu v Rak\u00fasku sa vzdalo pou\u017e\u00edvania auta"},"content":{"rendered":"<p>V Rak&uacute;sku u\u017e druh&yacute; rok iniciovala katol&iacute;cka a evanjelick&aacute; cirkev kv&ocirc;li ochrane Bo\u017eieho stvorite\u013esk&eacute;ho diela p&ocirc;stnu akciu -vzdania sa pou\u017e&iacute;vania auta od popolcovej stredy do Bielej soboty -tzv. Autofasten. Toho roku oproti vla\u0148aj&scaron;ku sa&nbsp; po\u010det prihl&aacute;san&yacute;ch do akcie &nbsp;zv&yacute;&scaron;il o 100% na 9 tis&iacute;c os&ocirc;b. Vo vyhodnoten&iacute; prihl&aacute;sen&iacute; uv&aacute;dzaj&uacute;, \u017ee sa vr&aacute;tili k star&eacute;mu sp&ocirc;sobu &#8211; pe&scaron;o a k jazde na bicykli. Mnoh&iacute; pou\u017e&iacute;vali verejn&eacute; dopravn&eacute; prostriedky, ale na ne mali aj &nbsp;po\u010detn&eacute; pripomienky, napr. zlep&scaron;enie hustoty &#8211; frekvencie j&aacute;zd najm&auml; v rann&yacute;ch a ve\u010dern&yacute;ch hodin&aacute;ch a aj po\u010das v&iacute;kendov&yacute;ch dn&iacute;. Osobitne to plat&iacute; najm&auml; pre vidiecke oblasti.<\/p>\n<p>(<a href=\"http:\/\/www.evang.at\">www.evang.at<\/a>)<\/p>\n","protected":false},"excerpt":{"rendered":"<p>V Rak&uacute;sku u\u017e druh&yacute; rok iniciovala katol&iacute;cka a evanjelick&aacute; cirkev kv&ocirc;li ochrane Bo\u017eieho stvorite\u013esk&eacute;ho diela p&ocirc;stnu akciu -vzdania sa pou\u017e&iacute;vania auta od popolcovej stredy do Bielej soboty -tzv. Autofasten. Toho roku oproti vla\u0148aj&scaron;ku sa&nbsp; po\u010det prihl&aacute;san&yacute;ch do akcie &nbsp;zv&yacute;&scaron;il o 100% na 9 tis&iacute;c os&ocirc;b. Vo vyhodnoten&iacute; prihl&aacute;sen&iacute; uv&aacute;dzaj&uacute;, \u017ee sa vr&aacute;tili k star&eacute;mu sp&ocirc;sobu &#8230; <a title=\"9000 os\u00f4b po\u010das p\u00f4stu v Rak\u00fasku sa vzdalo pou\u017e\u00edvania auta\" class=\"read-more\" href=\"https:\/\/www.e-anjelik.sk\/index.php\/2011\/04\/28\/9000-osob-pocas-postu-v-rakusku-sa-vzdalo-pouzivania-auta\/\" aria-label=\"Pre\u010d\u00edtajte si viac o 9000 os\u00f4b po\u010das p\u00f4stu v Rak\u00fasku sa vzdalo pou\u017e\u00edvania auta\">\u010c\u00edta\u0165 viac<\/a><\/p>\n","protected":false},"author":22,"featured_media":0,"comment_status":"open","ping_status":"open","sticky":false,"template":"","format":"standard","meta":{"footnotes":""},"categories":[2],"tags":[],"class_list":["post-3522","post","type-post","status-publish","format-standard","hentry","category-ekumena"],"_links":{"self":[{"href":"https:\/\/www.e-anjelik.sk\/index.php\/wp-json\/wp\/v2\/posts\/3522","targetHints":{"allow":["GET"]}}],"collection":[{"href":"https:\/\/www.e-anjelik.sk\/index.php\/wp-json\/wp\/v2\/posts"}],"about":[{"href":"https:\/\/www.e-anjelik.sk\/index.php\/wp-json\/wp\/v2\/types\/post"}],"author":[{"embeddable":true,"href":"https:\/\/www.e-anjelik.sk\/index.php\/wp-json\/wp\/v2\/users\/22"}],"replies":[{"embeddable":true,"href":"https:\/\/www.e-anjelik.sk\/index.php\/wp-json\/wp\/v2\/comments?post=3522"}],"version-history":[{"count":0,"href":"https:\/\/www.e-anjelik.sk\/index.php\/wp-json\/wp\/v2\/posts\/3522\/revisions"}],"wp:attachment":[{"href":"https:\/\/www.e-anjelik.sk\/index.php\/wp-json\/wp\/v2\/media?parent=3522"}],"wp:term":[{"taxonomy":"category","embeddable":true,"href":"https:\/\/www.e-anjelik.sk\/index.php\/wp-json\/wp\/v2\/categories?post=3522"},{"taxonomy":"post_tag","embeddable":true,"href":"https:\/\/www.e-anjelik.sk\/index.php\/wp-json\/wp\/v2\/tags?post=3522"}],"curies":[{"name":"wp","href":"https:\/\/api.w.org\/{rel}","templated":true}]}}