{"id":35246,"date":"2021-12-25T10:47:51","date_gmt":"2021-12-25T09:47:51","guid":{"rendered":"https:\/\/e-anjelik.sk\/?p=35246"},"modified":"2022-04-25T15:07:21","modified_gmt":"2022-04-25T13:07:21","slug":"vianocne-noviny-myjavskeho-cz-ecav-2021","status":"publish","type":"post","link":"https:\/\/www.e-anjelik.sk\/index.php\/2021\/12\/25\/vianocne-noviny-myjavskeho-cz-ecav-2021\/","title":{"rendered":"Viano\u010dn\u00e9 noviny Myjavsk\u00e9ho CZ ECAV &#8211; 2021"},"content":{"rendered":"\n<figure class=\"wp-block-image size-full\"><img decoding=\"async\" src=\"https:\/\/e-anjelik.sk\/wp-content\/uploads\/2021\/12\/img_4660-340x210-1.jpg\" alt=\"\" class=\"wp-image-35248\"\/><\/figure>\n\n\n\n<p>Nie v kvete \u013eadovom,\u010do kvitne na Vianoce,nie v stromci vo\u0148avom,\u010do lesn\u00fa b\u00e1j \u0161epoce,ani v hodokvase,\u010do s\u00fdti iba telo,ani v hviezdnej kr\u00e1se,hoc by ju obletelo,je prav\u00e9 \u010daro t\u00fdchto dn\u00ed!<br>Ale v Ohni, \u010do hor\u00ed v n\u00e1s,roztop\u00ed \u013eudsk\u00fd \u013ead i mr\u00e1z!A v hrudi vzbud\u00ed n\u00e1dej,\u017ee p\u00fat\u2018 p\u00f4jde \u010falejaj na druhom brehu,vo v\u00ed\u0165aznom behusa n\u00e1m znova rozodn\u00ed\u2026<br>Ten O h e \u0148nech hreje,bla\u017e\u00ed,te\u0161\u00edv\u0161etk\u00fdch n\u00e1s!<br>Daniel Michal Fakla (Zo zbierky: H\u013eadanie v \u00fazkosti)<\/p>\n","protected":false},"excerpt":{"rendered":"<p>Nie v kvete \u013eadovom,\u010do kvitne na Vianoce,nie v stromci vo\u0148avom,\u010do lesn\u00fa b\u00e1j \u0161epoce,ani v hodokvase,\u010do s\u00fdti iba telo,ani v hviezdnej kr\u00e1se,hoc by ju obletelo,je prav\u00e9 \u010daro t\u00fdchto dn\u00ed!Ale v Ohni, \u010do hor\u00ed v n\u00e1s,roztop\u00ed \u013eudsk\u00fd \u013ead i mr\u00e1z!A v hrudi vzbud\u00ed n\u00e1dej,\u017ee p\u00fat\u2018 p\u00f4jde \u010falejaj na druhom brehu,vo v\u00ed\u0165aznom behusa n\u00e1m znova rozodn\u00ed\u2026Ten O h &#8230; <a title=\"Viano\u010dn\u00e9 noviny Myjavsk\u00e9ho CZ ECAV &#8211; 2021\" class=\"read-more\" href=\"https:\/\/www.e-anjelik.sk\/index.php\/2021\/12\/25\/vianocne-noviny-myjavskeho-cz-ecav-2021\/\" aria-label=\"Pre\u010d\u00edtajte si viac o Viano\u010dn\u00e9 noviny Myjavsk\u00e9ho CZ ECAV &#8211; 2021\">\u010c\u00edta\u0165 viac<\/a><\/p>\n","protected":false},"author":1,"featured_media":0,"comment_status":"open","ping_status":"open","sticky":false,"template":"","format":"standard","meta":{"footnotes":""},"categories":[1,118,159],"tags":[],"class_list":["post-35246","post","type-post","status-publish","format-standard","hentry","category-adventna-modlitba","category-myjava","category-vianoce"],"_links":{"self":[{"href":"https:\/\/www.e-anjelik.sk\/index.php\/wp-json\/wp\/v2\/posts\/35246","targetHints":{"allow":["GET"]}}],"collection":[{"href":"https:\/\/www.e-anjelik.sk\/index.php\/wp-json\/wp\/v2\/posts"}],"about":[{"href":"https:\/\/www.e-anjelik.sk\/index.php\/wp-json\/wp\/v2\/types\/post"}],"author":[{"embeddable":true,"href":"https:\/\/www.e-anjelik.sk\/index.php\/wp-json\/wp\/v2\/users\/1"}],"replies":[{"embeddable":true,"href":"https:\/\/www.e-anjelik.sk\/index.php\/wp-json\/wp\/v2\/comments?post=35246"}],"version-history":[{"count":2,"href":"https:\/\/www.e-anjelik.sk\/index.php\/wp-json\/wp\/v2\/posts\/35246\/revisions"}],"predecessor-version":[{"id":35249,"href":"https:\/\/www.e-anjelik.sk\/index.php\/wp-json\/wp\/v2\/posts\/35246\/revisions\/35249"}],"wp:attachment":[{"href":"https:\/\/www.e-anjelik.sk\/index.php\/wp-json\/wp\/v2\/media?parent=35246"}],"wp:term":[{"taxonomy":"category","embeddable":true,"href":"https:\/\/www.e-anjelik.sk\/index.php\/wp-json\/wp\/v2\/categories?post=35246"},{"taxonomy":"post_tag","embeddable":true,"href":"https:\/\/www.e-anjelik.sk\/index.php\/wp-json\/wp\/v2\/tags?post=35246"}],"curies":[{"name":"wp","href":"https:\/\/api.w.org\/{rel}","templated":true}]}}