{"id":3525,"date":"2011-04-30T10:53:44","date_gmt":"2011-04-30T10:53:44","guid":{"rendered":"http:\/\/e-anjelik.sk\/?p=3525"},"modified":"2011-04-30T10:53:44","modified_gmt":"2011-04-30T10:53:44","slug":"ebf-uk-si-zvolila-noveho-dekana","status":"publish","type":"post","link":"https:\/\/www.e-anjelik.sk\/index.php\/2011\/04\/30\/ebf-uk-si-zvolila-noveho-dekana\/","title":{"rendered":"EBF UK si zvolila nov\u00e9ho dekana"},"content":{"rendered":"<p>28. apr&iacute;la 2011 sa na EBF UK v Bratislave konali vo\u013eby dekana fakulty. Akademick&yacute; sen&aacute;t EBF&nbsp;UK <strong>za dekana <\/strong>fakulty pre obdobie od 10. m&aacute;ja 2011 do 10. m&aacute;ja 2015 zvolil <strong>Mgr. \u013dubom&iacute;ra Batku,PhD<\/strong>. Nov&eacute;mu bratovi dekanovi ku zvoleniu srde\u010dne gratulujeme a prajeme v pr&aacute;ci dekana hojnos\u0165 Bo\u017eieho po\u017eehnania.<\/p>\n<p>Heslo d\u0148a v de\u0148 volieb :&quot;<em><strong> Hospodin bude chr&aacute;ni\u0165 tvoj odchod i pr&iacute;chod odteraz a\u017e naveky.&quot; \u017dalm 121,8<\/strong><\/em><\/p>\n","protected":false},"excerpt":{"rendered":"<p>28. apr&iacute;la 2011 sa na EBF UK v Bratislave konali vo\u013eby dekana fakulty. Akademick&yacute; sen&aacute;t EBF&nbsp;UK za dekana fakulty pre obdobie od 10. m&aacute;ja 2011 do 10. m&aacute;ja 2015 zvolil Mgr. \u013dubom&iacute;ra Batku,PhD. Nov&eacute;mu bratovi dekanovi ku zvoleniu srde\u010dne gratulujeme a prajeme v pr&aacute;ci dekana hojnos\u0165 Bo\u017eieho po\u017eehnania. Heslo d\u0148a v de\u0148 volieb :&quot; Hospodin &#8230; <a title=\"EBF UK si zvolila nov\u00e9ho dekana\" class=\"read-more\" href=\"https:\/\/www.e-anjelik.sk\/index.php\/2011\/04\/30\/ebf-uk-si-zvolila-noveho-dekana\/\" aria-label=\"Pre\u010d\u00edtajte si viac o EBF UK si zvolila nov\u00e9ho dekana\">\u010c\u00edta\u0165 viac<\/a><\/p>\n","protected":false},"author":22,"featured_media":0,"comment_status":"open","ping_status":"open","sticky":false,"template":"","format":"standard","meta":{"footnotes":""},"categories":[1],"tags":[201],"class_list":["post-3525","post","type-post","status-publish","format-standard","hentry","category-adventna-modlitba","tag-skoly"],"_links":{"self":[{"href":"https:\/\/www.e-anjelik.sk\/index.php\/wp-json\/wp\/v2\/posts\/3525","targetHints":{"allow":["GET"]}}],"collection":[{"href":"https:\/\/www.e-anjelik.sk\/index.php\/wp-json\/wp\/v2\/posts"}],"about":[{"href":"https:\/\/www.e-anjelik.sk\/index.php\/wp-json\/wp\/v2\/types\/post"}],"author":[{"embeddable":true,"href":"https:\/\/www.e-anjelik.sk\/index.php\/wp-json\/wp\/v2\/users\/22"}],"replies":[{"embeddable":true,"href":"https:\/\/www.e-anjelik.sk\/index.php\/wp-json\/wp\/v2\/comments?post=3525"}],"version-history":[{"count":0,"href":"https:\/\/www.e-anjelik.sk\/index.php\/wp-json\/wp\/v2\/posts\/3525\/revisions"}],"wp:attachment":[{"href":"https:\/\/www.e-anjelik.sk\/index.php\/wp-json\/wp\/v2\/media?parent=3525"}],"wp:term":[{"taxonomy":"category","embeddable":true,"href":"https:\/\/www.e-anjelik.sk\/index.php\/wp-json\/wp\/v2\/categories?post=3525"},{"taxonomy":"post_tag","embeddable":true,"href":"https:\/\/www.e-anjelik.sk\/index.php\/wp-json\/wp\/v2\/tags?post=3525"}],"curies":[{"name":"wp","href":"https:\/\/api.w.org\/{rel}","templated":true}]}}