{"id":35250,"date":"2021-12-26T00:01:00","date_gmt":"2021-12-25T23:01:00","guid":{"rendered":"https:\/\/e-anjelik.sk\/?p=35250"},"modified":"2024-07-05T12:12:40","modified_gmt":"2024-07-05T10:12:40","slug":"vidme-nebo-otvorene","status":"publish","type":"post","link":"https:\/\/www.e-anjelik.sk\/index.php\/2021\/12\/26\/vidme-nebo-otvorene\/","title":{"rendered":"Vi\u010fme nebo otvoren\u00e9"},"content":{"rendered":"\n<p><em>\u00cds\u0165 s Tebou, Kriste,<\/em><\/p>\n\n\n\n<p><em>i kr\u00ed\u017e nies\u0165 zna\u010d\u00ed<\/em><\/p>\n\n\n\n<p><em>a c\u00edti\u0165 rados\u0165<\/em><\/p>\n\n\n\n<p><em>i v slz\u00e1ch, pla\u010di\u2026<\/em><\/p>\n\n\n\n<p><em>Ach, Pane, popraj<\/em><\/p>\n\n\n\n<p><em>n\u00e1m taj ten pozna\u0165,<\/em><\/p>\n\n\n\n<p><em>v pokoji \u017ei\u0165 a&nbsp;<\/em><\/p>\n\n\n\n<p><em>radostne skona\u0165! Amen (M.R.)<\/em><\/p>\n\n\n\n<p><strong>Sk 7, 54 &#8211; 60:<\/strong><\/p>\n\n\n\n<p><strong><em>&nbsp;&nbsp; <\/em><\/strong><em>\u201cKe\u010f to po\u010duli, z\u00farili v srdci a \u0161kr\u00edpali zubami na neho. (55) Ale on, pln\u00fd Ducha Sv\u00e4t\u00e9ho, vzhliadol k nebes\u00e1m, videl sl\u00e1vu Bo\u017eiu a Je\u017ei\u0161a st\u00e1\u0165 na pravici Bo\u017eej, (56) i riekol: Ajh\u013ea vid\u00edm nebes\u00e1 otvoren\u00e9 a Syna \u010dloveka st\u00e1\u0165 na pravici Bo\u017eej. (57) Oni v\u0161ak skr\u00edkli mohutn\u00fdm hlasom, zapch\u00e1vaj\u00fac si u\u0161i: a potom sa jednomyse\u013ene oborili na neho. (58) Vyhnali ho z mesta a kame\u0148ovali. Svedkovia poodkladali si \u0161aty k noh\u00e1m ml\u00e1denca, menom Saula. (59) A kame\u0148ovali \u0160tefana, ktor\u00fd sa modlil: Pane, Je\u017ei\u0161i, pr\u00edjmi m\u00f4jho ducha! (60) Potom pok\u013eakol, zvolal siln\u00fdm hlasom: Pane, nepo\u010d\u00edtaj im tento hriech! A len \u010do dopovedal, usnul\u201d. Amen<\/em><\/p>\n\n\n\n<p>&nbsp;&nbsp; Mil\u00ed bratia a sestry v P\u00e1novi! &nbsp; &nbsp; &nbsp;<\/p>\n\n\n\n<p>&nbsp; &nbsp; \u010co by sme si mali odnies\u0165 ako najcennej\u0161ie a najvz\u00e1cnej\u0161ie obdarovanie Vianoc do bud\u00facich dn\u00ed a do bl\u00ed\u017eiaceho sa nov\u00e9ho roku? Odpove\u010f h\u013eadajme v slov\u00e1ch, v skutkoch a v \u017eivotnom postoji Bo\u017eieho svedka, <strong>diakona \u0160tefana<\/strong>, ktor\u00fd sa stal prv\u00fdm zn\u00e1mym mu\u010den\u00edkom kres\u0165anskej cirkvi.<\/p>\n\n\n\n<p>&nbsp; &nbsp; Prvou d\u00f4le\u017eitou vecou, ktor\u00fa \u0160tefan zd\u00f4raznil je t\u00e1, \u017ee <em>\u201e<\/em><strong><em>videl nebes\u00e1 otvoren\u00e9\u201c. <\/em><\/strong>Toto je ten moment, ktor\u00fd sp\u00e1ja spomienku na Jeho kame\u0148ovanie a mu\u010den\u00edcku smr\u0165 s Vianocami. \u0160tefan v nebezpe\u010denstve smrti h\u013eadal silu, pomoc a v\u00fdchodisko ako ka\u017ed\u00fd, koho \u017eivot je v\u00e1\u017ene ohrozen\u00fd. Vtedy v moci a sile Ducha Sv\u00e4t\u00e9ho, ktor\u00fd d\u00e1va do srdca \u010dloveka vieru,<em> \u201evzhliadol k nebes\u00e1m\u201d <\/em>a povedal: <em>\u201eVid\u00edm nebes\u00e1 otvoren\u00e9.\u201c&nbsp;<\/em> Vidie\u0165 \u201eotvoren\u00e9 nebes\u00e1\u201c by sme mali a zaiste aj m\u00f4\u017eeme aj my. Kr\u00e1sna viano\u010dn\u00e1 piese\u0148 o tom hovor\u00ed:&nbsp;<\/p>\n\n\n\n<p>&nbsp; &nbsp; &nbsp; &nbsp; &nbsp; &nbsp; &nbsp; &nbsp; &nbsp; &nbsp; &nbsp; &nbsp; &nbsp; \u201c<em>Nebo otvoren\u00e9, svetlo rozlieva sa,&nbsp;<\/em><\/p>\n\n\n\n<p><em>&nbsp; &nbsp; &nbsp; &nbsp; &nbsp; &nbsp; &nbsp; &nbsp; &nbsp; &nbsp; &nbsp; &nbsp; &nbsp; zlat\u00fdm pr\u00fadom do tmy, nesl\u00fdchan\u00e1 kr\u00e1sa.&nbsp;<\/em><\/p>\n\n\n\n<p><em>&nbsp; &nbsp; &nbsp; &nbsp; &nbsp; &nbsp; &nbsp; &nbsp; &nbsp; &nbsp; &nbsp; &nbsp; &nbsp; Sl\u00e1va moc, veleba, zneje, zun\u00ed vzduchom&nbsp;<\/em><\/p>\n\n\n\n<p><em>&nbsp;&nbsp; &nbsp; &nbsp; &nbsp; &nbsp; &nbsp; &nbsp; &nbsp; &nbsp; &nbsp; &nbsp; &nbsp; \u201eHaleluja\u201e z neba\u201d.&nbsp;<\/em><\/p>\n\n\n\n<p>&#8211; Nasleduj\u00faci ver\u0161 doklad\u00e1 to, \u010do sme op\u00e4\u0165 smeli po\u010du\u0165 na \u0160tedr\u00fd ve\u010der a na Bo\u017eie narodenie:&nbsp;<\/p>\n\n\n\n<p>&nbsp;&nbsp; &nbsp; &nbsp; &nbsp; &nbsp; &nbsp; &nbsp; &nbsp; &nbsp; &#8230;<em>\u201ctajuplne, sladko, Boh sa k \u013eudstvu skl\u00e1\u0148a,<\/em><\/p>\n\n\n\n<p><em>&nbsp; &nbsp; &nbsp; &nbsp; &nbsp; &nbsp; &nbsp; &nbsp; &nbsp; &nbsp; &nbsp; &nbsp; n\u00e1ru\u010die otv\u00e1ra, po\u010fte, vi\u010fte Die\u0165a,&nbsp;<\/em><\/p>\n\n\n\n<p><em>&nbsp; &nbsp; &nbsp; &nbsp; &nbsp; &nbsp; &nbsp; &nbsp; &nbsp; &nbsp; &nbsp; &nbsp; ktor\u00e9 n\u00e1m Boh d\u00e1va\u201c.<\/em><\/p>\n\n\n\n<p>&nbsp;&nbsp; &nbsp; Kto prijal zves\u0165 o otvorenom nebi a pr\u00edchode P\u00e1na Boha k n\u00e1m v Synovi, kto Je\u017ei\u0161a Krista prijal a dovolil mu <em>\u201enarodi\u0165 sa Mu v srdci\u201c<\/em>, ten sa s\u00e1m narod\u00ed pre nebo. Diakon \u0160tefan uveril v betlehemsk\u00e9 Die\u0165a, \u017ee je zas\u013e\u00faben\u00fdm Mesi\u00e1\u0161om, \u017ee je Spasite\u013eom, P\u00e1nom neba i zeme, ale aj P\u00e1nom \u017eivot a smrti. \u0160tefan \u017eil v pevnej istote viery, \u017ee v Je\u017ei\u0161ovi Kristovi otvoril P\u00e1n Boh svoje nebo, svoj \u017eivot, svoju sl\u00e1vu pre hrie\u0161nikov. Pre neho ako slu\u017eobn\u00edka Bo\u017eieho i slu\u017eobn\u00edka \u013eud\u00ed, ale i pre n\u00e1s, hrie\u0161nikov jemu podobn\u00fdch. P\u00e1n Boh otvoril nebo a ono zost\u00e1va otvoren\u00e9 st\u00e1le. Aj my smieme vojs\u0165 do neho, ak Je\u017ei\u0161a ako Spasite\u013ea a Vykupite\u013ea prij\u00edmame s rovnakou vierou.<\/p>\n\n\n\n<p>&nbsp; &nbsp; Je\u017ei\u0161 neo\u010dak\u00e1va tak\u00e9 mart\u00fdrium od ka\u017ed\u00e9ho z n\u00e1s, ak\u00e9 priniesol slu\u017eobn\u00edk jeruzalemsk\u00e9ho cirkevn\u00e9ho \u0160tefan. Neo\u010dak\u00e1va mu\u010den\u00edcku smr\u0165&nbsp; &nbsp; &nbsp; &nbsp; &nbsp;<\/p>\n\n\n\n<p>\u00a0v z\u00e1ujme Jeho cirkvi a slu\u017eby. Ale by\u0165 svedkom Kristov\u00fdm &#8211; (svedok = gr. martyros) m\u00e1 by\u0165 ur\u010dite ka\u017ed\u00fd z n\u00e1s. To je to prv\u00e9, \u010do si m\u00e1me z pre\u017eit\u00fdch Vianoc odnies\u0165 do \u010fal\u0161ieho \u017eivota. Ist\u00e9 je, \u017ee nielen na\u0161e rodiny, ale aj na\u0161a cirkev, n\u00e1\u0161 cirkevn\u00fd zbor potrebuje a o\u010dak\u00e1va tak\u00fdchto a podobn\u00fdch svedkov, \u010di\u017ee vyznava\u010dov a slu\u017eobn\u00edkov. Pritom ka\u017ed\u00fd kres\u0165an si m\u00e1 by\u0165 vedom\u00fd, \u017ee aj ke\u010f nemus\u00ed pre svoju vieru a vernos\u0165 obetova\u0165 priamo svoj \u017eivot, cesta nasledovania Krista P\u00e1na znamen\u00e1 kr\u00e1\u010da\u0165 <em>\u201c\u00fazkou cestou a tesnou br\u00e1nou\u201d.\u00a0<\/em><\/p>\n\n\n\n<p>&nbsp;&nbsp; &nbsp;<strong> To druh\u00e9,<\/strong> \u010do n\u00e1m odkazuje dne\u0161n\u00fd viano\u010dn\u00fd sviatok a dne\u0161n\u00e1 spomienka, je op\u00e4\u0165 vyjadren\u00e9 \u0160tefanov\u00fdm slovom. Je to spr\u00e1vne poznanie Je\u017ei\u0161a Krista. On o \u0148om hovor\u00ed ako o <strong>Synovi \u010dloveka<\/strong>. Takto hovor\u00ed a vyzn\u00e1va o Je\u017ei\u0161ovi Kristovi, <em>\u201cktor\u00fd sa po\u010dal z Ducha Sv\u00e4t\u00e9ho a narodil sa z M\u00e1rie panny\u201d<\/em>, ako to my vyjadrujeme v apo\u0161tolskom vierovyznan\u00ed. &nbsp;<\/p>\n\n\n\n<p>&nbsp;&nbsp; P\u00e1n Je\u017ei\u0161 s\u00e1m be\u017ene odmietal, najm\u00e4 pred \u017didmi, hovori\u0165 o sebe ako o Synovi Bo\u017eom. Nie \u017ee by to nebola pravda. Napokon, pozn\u00e1me Jeho odpove\u010f vtedy, ke\u010f bol pod pr\u00edsahou, pred \u017eidovsk\u00fdm ve\u013ek\u0148azom: <em>\u201cPovedz n\u00e1m, \u010di si ty Kristus, Syn Boha \u017eiv\u00e9ho?\u201d&nbsp;<\/em> &#8211; Vtedy ve\u013ek\u0148azovi odpovedal: <em>\u201cTy si povedal\u201d.<\/em> To znamen\u00e1: <em>Je to tak, ako si povedal!&nbsp;<\/em><\/p>\n\n\n\n<p><em>\u00a0\u00a0 <\/em>Len\u017ee \u017didia chceli a predstavovali si Mesi\u00e1\u0161a ako politick\u00e9ho a zemsk\u00e9ho vodcu a vyslobodite\u013ea. Ako obnovite\u013ea ve\u013ek\u00e9ho D\u00e1vidovho kr\u00e1\u013eovstva. Toto nazeranie musel Je\u017ei\u0161 odmietnu\u0165. Preto rad\u0161ej titul Syn Bo\u017e\u00ed nepou\u017e\u00edval, aby nepovzbudzoval myln\u00e9 predstavy \u017didov, ktor\u00e9 sa s t\u00fdmto titulom u nich sp\u00e1jali. Rad\u0161ej s\u00e1m o sebe hovoril ako o <strong>Synovi \u010dloveka<\/strong>. Neznamenalo to iba jednoduch\u00fa v\u00fdpove\u010f, \u017ee On je aj prav\u00fd \u010dlovek, ale znamenalo to, \u017ee sa predstavil svojmu \u013eudu titulom, ktor\u00fd ako prv\u00fd pou\u017eil o Mesi\u00e1\u0161ovi prorok <strong>Daniel.<\/strong> On hovoril o Tom, ktor\u00fd mal pr\u00eds\u0165 ako o \u201cSynovi \u010dloveka\u201d, ktor\u00fd bude p\u00e1nom vekov, v\u0161etk\u00fdch n\u00e1rodov, sudcom \u017eiv\u00fdch aj m\u0155tvych a kriesite\u013eom t\u00fdch, \u010do spia v prachu zeme.<\/p>\n\n\n\n<p>&nbsp;&nbsp; &nbsp; Toto je ur\u010dite in\u00fd obraz a predstava Mesi\u00e1\u0161a, ove\u013ea bli\u017e\u0161ia tomu, \u010do Je\u017ei\u0161 zvestoval, u\u010dil a hl\u00e1sal. \u0160tefan id\u00faci v \u00fastrety smrti t\u00fdmto vyznan\u00edm&nbsp; \u017didom pripomenul, \u017ee jeho \u017eivot nebude zni\u010den\u00fd, lebo je v ruk\u00e1ch Toho, ktor\u00fd kriesi m\u0155tvych. Pre n\u00e1s, dne\u0161n\u00fa cirkev a dne\u0161n\u00fdch kres\u0165anov je titul Syn \u010dloveka rovnako d\u00f4le\u017eit\u00e9 vyznanie, ako ke\u010f s Dr. M.Lutherom slovami Mal\u00e9ho katechizmu hovor\u00edme: <em>\u201cOn je prav\u00fd Boh a prav\u00fd \u010dlovek &#8211; a ako tak\u00fd je na\u0161\u00edm P\u00e1nom! <\/em>On sa raz postav\u00ed aj nad na\u0161\u00edm prachom.<\/p>\n\n\n\n<p>\u00a0 \u00a0 \u010ealej \u0160tefan o P\u00e1novi Je\u017ei\u0161ovi vyzn\u00e1val, \u017ee:<em>\u201c<\/em><strong><em>stoj\u00ed na pravici Bo\u017eej\u201d. <\/em><\/strong>Podobne hovorili v\u0161etci apo\u0161tolovia. Tak bol Je\u017ei\u0161 <em>\u201czvestovan\u00fd n\u00e1rodom\u201d<\/em> od po\u010diatku. V\u00fdraz <em>\u201cBo\u017eia pravica\u201d <\/em>znamen\u00e1, \u017ee Jeho moc a Jeho mocn\u00e1 ruka je toto\u017en\u00e1 s mocnou rukou Bo\u017eou, \u017ee je v moci a hodnosti rovn\u00fd s Otcom. Prv\u00ed kres\u0165ania hovorievali:<em> \u201dBoh m\u00e1 dve ruky, Syna a Ducha Sv\u00e4t\u00e9ho.<\/em><\/p>\n\n\n\n<p>\u00a0\u00a0 \u0160tefan ako svoj odkaz a testament ohlasuje, \u017ee Boh Otec dal P\u00e1novi Je\u017ei\u0161ovi do r\u00fak v\u0161etko &#8211; <strong>a tak aj s\u00fad <\/strong>nad n\u00e1rodmi i nad v\u0161etk\u00fdmi mocnos\u0165ami zla. To znamen\u00e1 aj s\u00fad nad jeho vrahmi a tr\u00fdznite\u013emi. Na druhej strane pripravil pr\u00edbytky ve\u010dn\u00e9 a sl\u00e1vne pre vyk\u00fapen\u00fdch. \u0160tefan sa preto neb\u00e1l \u013eud\u00ed, ani smrti. Vedel, \u017ee je v\u017edy v ruk\u00e1ch svojho Spasite\u013ea.\u00a0<\/p>\n\n\n\n<p>&nbsp; &nbsp; Mil\u00ed bratia a sestry v P\u00e1novi!<\/p>\n\n\n\n<p>&nbsp;&nbsp; Aj toto zbavenie sa strachu je d\u00f4le\u017eit\u00fd d\u00f4sledok Vianoc. P\u00e1n Je\u017ei\u0161 nepri\u0161iel preto, aby n\u00e1m pripravil nieko\u013eko chv\u00ed\u013e idylickej pohody v rodine, ale pre to, &#8211; \u201c<em>Aby sme \u017eivot mali a hojne mali.\u201d<\/em><\/p>\n\n\n\n<p>\u00a0\u00a0 Preto bolo v\u00fdznamnou vecou v \u017eivote \u0160tefana. \u017ee sa jeho srdce stalo\u00a0 \u201cjas\u013eami\u201d Je\u017ei\u0161a Krista. V posledn\u00fdch chv\u00ed\u013each svojho \u010dasn\u00e9ho \u017eivota mohol s plnou d\u00f4verou vyslovi\u0165 podobn\u00fa prosbu, ak\u00fa vyslovil Jeho P\u00e1n na kr\u00ed\u017ei, ke\u010f povedal: <em>\u201cOt\u010de, do Tvojich r\u00fak por\u00fa\u010dam svojho ducha\u201d. <\/em>Podobne \u0160tefan prosil v poslednej chv\u00edli: <em>\u201c<\/em><strong><em>Pane Je\u017ei\u0161i pr\u00edjmi m\u00f4jho ducha!\u201d <\/em><\/strong>V\u0161etko \u010d\u00edm bol, zveril do milostiv\u00fdch r\u00fak Kristov\u00fdch. Takto umiera\u0165 je ve\u013ekou vecou. Blahoslaven\u00ed sme, ak podobne Je\u017ei\u0161ovi ver\u00edme dnes a zverujeme Mu aj bud\u00face veci.\u00a0<\/p>\n\n\n\n<p>&nbsp; &nbsp; Nevieme ako budeme raz umiera\u0165 my, ale \u013eudov\u00e1 m\u00fadros\u0165 a sk\u00fasenos\u0165 hovor\u00ed: \u201c<em>Ako kto \u017eil, tak aj umiera\u201d.<\/em>.. \u0160tefanova vernos\u0165 bola aj v poslednej chv\u00edli dosved\u010den\u00e1 vpravde hrdinskou prosbou, ke\u010f sa dok\u00e1zal modli\u0165 aj za svojich nepriate\u013eov:<em>\u201cPane, nepo\u010d\u00edtaj im tento hriech<\/em>\u201d!<\/p>\n\n\n\n<p>&nbsp; &nbsp; Takto sa modli\u0165 dok\u00e1\u017ee len m\u00e1lokto. \u0160tefan dok\u00e1zal, \u017ee bol mu\u017eom viery, n\u00e1deje i mu\u017eom l\u00e1sky a tak prav\u00fdm nasledovn\u00edkom Krista P\u00e1na. Preto sa jeho smr\u0165 stala jeho naroden\u00edm v nebi, ako to prvotn\u00e1 cirkev verila o svojich mu\u010den\u00edkoch.<\/p>\n\n\n\n<p>&nbsp;&nbsp; &nbsp; Dnes chceme prija\u0165 op\u00e4\u0165 P\u00e1na aj my v Jeho slove evanjelia. S \u013e\u00fatos\u0165ou poznamen\u00e1vam, \u017ee tak nem\u00f4\u017eeme urobi\u0165 aj v slove vidite\u013enom &#8211; v daroch Jeho sv\u00e4tej Ve\u010dere. On s\u00e1m n\u00e1s toti\u017e poz\u00fdva k svojmu stolu a povzbudzuje: <em>\u201cVezmite a jedzte, toto je moje telo, ktor\u00e9 sa za v\u00e1s vyd\u00e1va\u201d\u2026<\/em>i slovami: \u201c<em>Pite z tohoto kalicha v\u0161etci\u201d\u2026.<\/em>Tento sp\u00f4sob preb\u00fdvania Je\u017ei\u0161a Krista s nami v slove a v sviatostiach je bezpe\u010dn\u00fd a ist\u00fd. Je d\u00f4vodom na\u0161ej v\u010faky a n\u00e1\u0161ho dobrore\u010denia nebesk\u00e9mu Otcovi.<\/p>\n\n\n\n<p>&nbsp; &nbsp; Bratia a sestry!<\/p>\n\n\n\n<p>&nbsp;&nbsp; Napokon sa pozrime letmo na \u0160tefanov\u00fdch <strong>nepriate\u013eov a vrahov.<\/strong><\/p>\n\n\n\n<p>Ich pr\u00edtomnos\u0165 v tesnej bl\u00edzkosti vern\u00fdch kres\u0165anov n\u00e1s upom\u00edna na to, \u017ee <strong>aj tak\u00fdto \u013eudia boli, s\u00fa a aj bud\u00fa. <\/strong>Zostan\u00fa aj v na\u0161ej bl\u00edzkosti i po t\u00fdchto Vianociach. Nie v\u0161etci uverili vtedy a podobne ani dnes. Spr\u00e1va o kame\u0148ovan\u00ed \u0160tefana kon\u010d\u00ed pozn\u00e1mkou evanjelistu Luk\u00e1\u0161a:<em> \u201cSaul schva\u013eoval, \u017ee ho zavra\u017edili\u201d. <\/em>Nesk\u00f4r ten ist\u00fd Saul, u\u017e ako apo\u0161tol Pavel zomrel rovnako hrdinskou mu\u010den\u00edckou smr\u0165ou v slu\u017ebe Je\u017ei\u0161a Krista a Jeho cirkvi. Je to d\u00f4kaz toho, \u017ee sa oplat\u00ed modli\u0165 aj za nepriate\u013eov, lebo <em>\u201cmnoho zm\u00f4\u017ee v \u00fa\u010dinkoch modlitba spravodliv\u00e9ho opravdov\u00e1\u201d!<\/em><\/p>\n\n\n\n<p>&nbsp;&nbsp; &nbsp; Mil\u00ed bratia a sestry,&nbsp;<\/p>\n\n\n\n<p>\u00a0\u00a0 \u00a0 aj ke\u010f sa viano\u010dn\u00e9 sviatky \u010doskoro skon\u010dia, boli a zost\u00e1vaj\u00fa na\u0161\u00edm obohaten\u00edm. Poznan\u00edm, \u017ee Bo\u017eia milos\u0165 &#8211; otvoren\u00e9 nebo nad nami zost\u00e1va. Trv\u00e1 n\u00e1dej vzkriesenia, sila modlitby a sila Kristovej l\u00e1sky, ktor\u00e1 prem\u00e1ha svet.\u00a0<\/p>\n\n\n\n<p>S viano\u010dn\u00fdm po\u017eehnan\u00edm smieme \u00eds\u0165 v \u00fastrety d\u0148om posviato\u010dn\u00fdm, i do dn\u00ed nov\u00e9ho roku P\u00e1novho.&nbsp; Amen.<\/p>\n\n\n\n<p>&nbsp; &nbsp; &nbsp; &nbsp; &nbsp; &nbsp; &nbsp; &nbsp; &nbsp; &nbsp; &nbsp; &nbsp; &nbsp; &nbsp; &nbsp; &nbsp; &nbsp; &nbsp; &nbsp; &nbsp; &nbsp; &nbsp; &nbsp; &nbsp; &nbsp; &nbsp; &nbsp; &nbsp; &nbsp; &nbsp; &nbsp; &nbsp; Mgr.\u013dubom\u00edr Batka st., ev.far\u00e1r<\/p>\n","protected":false},"excerpt":{"rendered":"<p>\u00cds\u0165 s Tebou, Kriste, i kr\u00ed\u017e nies\u0165 zna\u010d\u00ed a c\u00edti\u0165 rados\u0165 i v slz\u00e1ch, pla\u010di\u2026 Ach, Pane, popraj n\u00e1m taj ten pozna\u0165, v pokoji \u017ei\u0165 a&nbsp; radostne skona\u0165! Amen (M.R.) Sk 7, 54 &#8211; 60: &nbsp;&nbsp; \u201cKe\u010f to po\u010duli, z\u00farili v srdci a \u0161kr\u00edpali zubami na neho. (55) Ale on, pln\u00fd Ducha Sv\u00e4t\u00e9ho, vzhliadol k &#8230; <a title=\"Vi\u010fme nebo otvoren\u00e9\" class=\"read-more\" href=\"https:\/\/www.e-anjelik.sk\/index.php\/2021\/12\/26\/vidme-nebo-otvorene\/\" aria-label=\"Pre\u010d\u00edtajte si viac o Vi\u010fme nebo otvoren\u00e9\">\u010c\u00edta\u0165 viac<\/a><\/p>\n","protected":false},"author":1,"featured_media":0,"comment_status":"open","ping_status":"open","sticky":false,"template":"","format":"standard","meta":{"footnotes":""},"categories":[571,121,118,159],"tags":[],"class_list":["post-35250","post","type-post","status-publish","format-standard","hentry","category-2-sviatok-vianocny-mucenika-stefana","category-kazne","category-myjava","category-vianoce"],"_links":{"self":[{"href":"https:\/\/www.e-anjelik.sk\/index.php\/wp-json\/wp\/v2\/posts\/35250","targetHints":{"allow":["GET"]}}],"collection":[{"href":"https:\/\/www.e-anjelik.sk\/index.php\/wp-json\/wp\/v2\/posts"}],"about":[{"href":"https:\/\/www.e-anjelik.sk\/index.php\/wp-json\/wp\/v2\/types\/post"}],"author":[{"embeddable":true,"href":"https:\/\/www.e-anjelik.sk\/index.php\/wp-json\/wp\/v2\/users\/1"}],"replies":[{"embeddable":true,"href":"https:\/\/www.e-anjelik.sk\/index.php\/wp-json\/wp\/v2\/comments?post=35250"}],"version-history":[{"count":3,"href":"https:\/\/www.e-anjelik.sk\/index.php\/wp-json\/wp\/v2\/posts\/35250\/revisions"}],"predecessor-version":[{"id":37019,"href":"https:\/\/www.e-anjelik.sk\/index.php\/wp-json\/wp\/v2\/posts\/35250\/revisions\/37019"}],"wp:attachment":[{"href":"https:\/\/www.e-anjelik.sk\/index.php\/wp-json\/wp\/v2\/media?parent=35250"}],"wp:term":[{"taxonomy":"category","embeddable":true,"href":"https:\/\/www.e-anjelik.sk\/index.php\/wp-json\/wp\/v2\/categories?post=35250"},{"taxonomy":"post_tag","embeddable":true,"href":"https:\/\/www.e-anjelik.sk\/index.php\/wp-json\/wp\/v2\/tags?post=35250"}],"curies":[{"name":"wp","href":"https:\/\/api.w.org\/{rel}","templated":true}]}}