{"id":35254,"date":"2021-12-25T10:57:58","date_gmt":"2021-12-25T09:57:58","guid":{"rendered":"https:\/\/e-anjelik.sk\/?p=35254"},"modified":"2021-12-25T10:57:58","modified_gmt":"2021-12-25T09:57:58","slug":"sluzby-bozie-v-cz-myjava-pocas-sviatkov","status":"publish","type":"post","link":"https:\/\/www.e-anjelik.sk\/index.php\/2021\/12\/25\/sluzby-bozie-v-cz-myjava-pocas-sviatkov\/","title":{"rendered":"Slu\u017eby Bo\u017eie v CZ Myjava po\u010das sviatkov"},"content":{"rendered":"\n<p><\/p>\n\n\n\n<ul class=\"wp-block-list\"><li>na \u0160tedr\u00fd ve\u010der nebud\u00fa<\/li><li>na 1.sl\u00e1vnos\u0165 viano\u010dn\u00fa o 9.00 h &#8211;&nbsp; pre star\u0161\u00edch&nbsp; &nbsp; &nbsp; &nbsp; &nbsp; &nbsp;<\/li><\/ul>\n\n\n\n<p>&nbsp;&nbsp; &nbsp; &nbsp; &nbsp; &nbsp; &nbsp; &nbsp; &nbsp; &nbsp; &nbsp; &nbsp; &nbsp; &nbsp; &nbsp; &nbsp; &nbsp; &nbsp; &nbsp; &nbsp; &nbsp; o 10.30 h &#8211; pre mlad\u0161\u00edch<\/p>\n\n\n\n<ul class=\"wp-block-list\"><li>na 2.sl\u00e1vnos\u0165 vian.- \u0160tefana &#8211; o 9.00 h<\/li><li>Na z\u00e1vierku roku &#8211; nebud\u00fa<\/li><li>&nbsp;na Nov\u00fd rok &#8211; o 9.00 hod<\/li><\/ul>\n\n\n\n<p>&nbsp;&nbsp; &nbsp; \u00da\u010das\u0165 pre pand\u00e9miu &#8211; max.&nbsp; 30 \u00fa\u010dastn\u00edkov, v zmysle predpisov &#8211; o\u010dkovan\u00ed, alebo s prekonan\u00edm Kovidom (OP)&nbsp;&nbsp; &nbsp; &nbsp; Odpor\u00fa\u010dame preto na \u0160tedr\u00fd ve\u010der a po\u010das sviatkov vykona\u0165&nbsp;<strong>rodinn\u00e9 pobo\u017enosti:&nbsp;<\/strong>Napr.poriadok pri \u0161tedrove\u010dernom stole:-&nbsp;<em>&nbsp; dom\u00e1cich priv\u00edta s blahoprian\u00edm matka (otec)<\/em><\/p>\n\n\n\n<ul class=\"wp-block-list\"><li><em>viano\u010dn\u00e1 piese\u0148 z Evanj.spevn\u00edka<\/em><\/li><li><em>hom\u00edlia je prilo\u017een\u00e1\u201d (alebo \u010d\u00edtanie Evanjelia Luk\u00e1\u0161 2, 1-14)<\/em><\/li><li><em>Modlitby pr\u00edle\u017eitostn\u00e9 s\u00fa v Spevn\u00edku na str. 653<\/em><\/li><li><em>Viano\u010dn\u00e1 piese\u0148-zo Spevn\u00edka (\u010d\u00edsla:31-62, alebo:593-597)<\/em><\/li><\/ul>\n\n\n\n<p><em>\u017del\u00e1me v\u0161etk\u00fdm na\u0161im evanjelicko &#8211; kres\u0165ansk\u00fdm rodin\u00e1m po\u017eehnan\u00e9 a \u0161\u0165astn\u00e9 viano\u010dn\u00e9 sviatky, pre\u017eit\u00e9 v zdrav\u00ed\u00a0 a v pokoji!\u00a0 Amen\u00a0\u00a0 \u00a0 \u00a0 \u00a0 \u00a0\u00a0\u00a0 \u00a0 \u00a0 \u00a0 \u00a0 \u00a0 \u00a0 \u00a0 \u00a0 \u00a0 \u00a0\u00a0<\/em><strong><em>\u00a0 Prenosy\u00a0<\/em><\/strong><em>Slu\u017eieb Bo\u017e\u00edch<\/em> VIANOCE\u00a0 a\u00a0 NOV\u00dd ROK 21\/ 2022<br><strong>\u00a024.decembra 2021 &#8211; \u0160tedr\u00fd ve\u010der<\/strong>\u00a0\u00a0 \u00a0 \u00a0 \u00a0 16.00 R\u00e1dio Regina, P\u00fachov\u00a0\u00a0 \u00a0 \u00a0 \u00a0 17. 00\u00a0 TA 3, Pezinok\u00a0 \u00a0 <\/p>\n\n\n\n<p>25.decembra 2021 &#8211; Bo\u017eie narodenie\u00a0 \u00a0 \u00a0 \u00a0 \u00a0 Jednotka &#8211; Star\u00e1 Tur\u00e1\u00a0 \u00a0 <\/p>\n\n\n\n<p>26.decembra 2021 &#8211; II.sviatok viano\u010dn\u00fd, \u0160tefana\u00a0\u00a0 \u00a0 \u00a0 \u00a0 \u00a0 9.05\u00a0 R\u00e1dio Slovensko, \u0160ahy\u2014\u2014\u2014\u2014\u2014\u2014\u2014\u2014\u2014\u2014\u2014\u2014\u2014\u2014\u2014\u2014\u2014\u2014\u2014\u2014\u2014\u2014<\/p>\n\n\n\n<p>2.janu\u00e1ra 2022 &#8211; Nede\u013ea po Novom roku\u00a0\u00a0 \u00a0 \u00a0 \u00a0 \u00a0 9.00\u00a0 Dvojka, Ko\u0161ice<br><\/p>\n\n\n\n<p>K\u00e1zne a in\u00e9 n\u00e1b.\u010d\u00edtanie prin\u00e1\u0161a aj web.:<strong>\u00a0<a rel=\"noreferrer noopener\" href=\"http:\/\/www.evanjelik.sk\/\" target=\"_blank\">www.evanjelik.sk<\/a><\/strong><\/p>\n","protected":false},"excerpt":{"rendered":"<p>na \u0160tedr\u00fd ve\u010der nebud\u00fa na 1.sl\u00e1vnos\u0165 viano\u010dn\u00fa o 9.00 h &#8211;&nbsp; pre star\u0161\u00edch&nbsp; &nbsp; &nbsp; &nbsp; &nbsp; &nbsp; &nbsp;&nbsp; &nbsp; &nbsp; &nbsp; &nbsp; &nbsp; &nbsp; &nbsp; &nbsp; &nbsp; &nbsp; &nbsp; &nbsp; &nbsp; &nbsp; &nbsp; &nbsp; &nbsp; &nbsp; &nbsp; o 10.30 h &#8211; pre mlad\u0161\u00edch na 2.sl\u00e1vnos\u0165 vian.- \u0160tefana &#8211; o 9.00 h Na z\u00e1vierku roku &#8230; <a title=\"Slu\u017eby Bo\u017eie v CZ Myjava po\u010das sviatkov\" class=\"read-more\" href=\"https:\/\/www.e-anjelik.sk\/index.php\/2021\/12\/25\/sluzby-bozie-v-cz-myjava-pocas-sviatkov\/\" aria-label=\"Pre\u010d\u00edtajte si viac o Slu\u017eby Bo\u017eie v CZ Myjava po\u010das sviatkov\">\u010c\u00edta\u0165 viac<\/a><\/p>\n","protected":false},"author":1,"featured_media":0,"comment_status":"open","ping_status":"open","sticky":false,"template":"","format":"standard","meta":{"footnotes":""},"categories":[118],"tags":[],"class_list":["post-35254","post","type-post","status-publish","format-standard","hentry","category-myjava"],"_links":{"self":[{"href":"https:\/\/www.e-anjelik.sk\/index.php\/wp-json\/wp\/v2\/posts\/35254","targetHints":{"allow":["GET"]}}],"collection":[{"href":"https:\/\/www.e-anjelik.sk\/index.php\/wp-json\/wp\/v2\/posts"}],"about":[{"href":"https:\/\/www.e-anjelik.sk\/index.php\/wp-json\/wp\/v2\/types\/post"}],"author":[{"embeddable":true,"href":"https:\/\/www.e-anjelik.sk\/index.php\/wp-json\/wp\/v2\/users\/1"}],"replies":[{"embeddable":true,"href":"https:\/\/www.e-anjelik.sk\/index.php\/wp-json\/wp\/v2\/comments?post=35254"}],"version-history":[{"count":1,"href":"https:\/\/www.e-anjelik.sk\/index.php\/wp-json\/wp\/v2\/posts\/35254\/revisions"}],"predecessor-version":[{"id":35255,"href":"https:\/\/www.e-anjelik.sk\/index.php\/wp-json\/wp\/v2\/posts\/35254\/revisions\/35255"}],"wp:attachment":[{"href":"https:\/\/www.e-anjelik.sk\/index.php\/wp-json\/wp\/v2\/media?parent=35254"}],"wp:term":[{"taxonomy":"category","embeddable":true,"href":"https:\/\/www.e-anjelik.sk\/index.php\/wp-json\/wp\/v2\/categories?post=35254"},{"taxonomy":"post_tag","embeddable":true,"href":"https:\/\/www.e-anjelik.sk\/index.php\/wp-json\/wp\/v2\/tags?post=35254"}],"curies":[{"name":"wp","href":"https:\/\/api.w.org\/{rel}","templated":true}]}}