{"id":3526,"date":"2011-04-30T11:15:50","date_gmt":"2011-04-30T11:15:50","guid":{"rendered":"http:\/\/e-anjelik.sk\/?p=3526"},"modified":"2011-04-30T11:15:50","modified_gmt":"2011-04-30T11:15:50","slug":"evanjelicka-cirkev-v-madarsku-chce-prispiet-ku-znizeniu-statneho-dlhu","status":"publish","type":"post","link":"https:\/\/www.e-anjelik.sk\/index.php\/2011\/04\/30\/evanjelicka-cirkev-v-madarsku-chce-prispiet-ku-znizeniu-statneho-dlhu\/","title":{"rendered":"Evanjelick\u00e1 cirkev v Ma\u010farsku chce prispie\u0165 ku zn\u00ed\u017eeniu \u0161t\u00e1tneho dlhu"},"content":{"rendered":"<p>Je v&scaron;eobecne zn&aacute;me, \u017ee ekonomick&aacute; situ&aacute;cia v Ma\u010farsku je ve\u013emi zlo\u017eit&aacute;. Aby sa vysok&aacute; &scaron;t&aacute;tna zad\u013a\u017eenos\u0165 zni\u017eila , ob\u010dania i spolo\u010densk&eacute; organiz&aacute;cie sa hl&aacute;sia s pomocou pom&ocirc;c\u0165 vl&aacute;de zn&iacute;\u017ei\u0165 dlh. Pod\u013ea ozn&aacute;menia <a href=\"http:\/\/www.evangelikus.hu\">www.evangelikus.hu<\/a>&nbsp; celokrajinsk&eacute; presbyterstvo ECM sa chce zapoji\u0165 do tejto akcie a to tak, \u017ee z darov veriacich a vlastn&yacute;ch zdrojov zak&uacute;pi dve sanitky pre celo&scaron;t&aacute;tnu z&aacute;chran&uacute; slu\u017ebu. Hodnota daru je vo v&yacute;&scaron;ke 50 mili&oacute;nov ma\u010farsk&yacute;ch forintov, t.j. asi 189 tis&iacute;c &euro;.<\/p>\n","protected":false},"excerpt":{"rendered":"<p>Je v&scaron;eobecne zn&aacute;me, \u017ee ekonomick&aacute; situ&aacute;cia v Ma\u010farsku je ve\u013emi zlo\u017eit&aacute;. Aby sa vysok&aacute; &scaron;t&aacute;tna zad\u013a\u017eenos\u0165 zni\u017eila , ob\u010dania i spolo\u010densk&eacute; organiz&aacute;cie sa hl&aacute;sia s pomocou pom&ocirc;c\u0165 vl&aacute;de zn&iacute;\u017ei\u0165 dlh. Pod\u013ea ozn&aacute;menia www.evangelikus.hu&nbsp; celokrajinsk&eacute; presbyterstvo ECM sa chce zapoji\u0165 do tejto akcie a to tak, \u017ee z darov veriacich a vlastn&yacute;ch zdrojov zak&uacute;pi dve sanitky &#8230; <a title=\"Evanjelick\u00e1 cirkev v Ma\u010farsku chce prispie\u0165 ku zn\u00ed\u017eeniu \u0161t\u00e1tneho dlhu\" class=\"read-more\" href=\"https:\/\/www.e-anjelik.sk\/index.php\/2011\/04\/30\/evanjelicka-cirkev-v-madarsku-chce-prispiet-ku-znizeniu-statneho-dlhu\/\" aria-label=\"Pre\u010d\u00edtajte si viac o Evanjelick\u00e1 cirkev v Ma\u010farsku chce prispie\u0165 ku zn\u00ed\u017eeniu \u0161t\u00e1tneho dlhu\">\u010c\u00edta\u0165 viac<\/a><\/p>\n","protected":false},"author":22,"featured_media":0,"comment_status":"open","ping_status":"open","sticky":false,"template":"","format":"standard","meta":{"footnotes":""},"categories":[9,10],"tags":[],"class_list":["post-3526","post","type-post","status-publish","format-standard","hentry","category-europa","category-zo-sveta"],"_links":{"self":[{"href":"https:\/\/www.e-anjelik.sk\/index.php\/wp-json\/wp\/v2\/posts\/3526","targetHints":{"allow":["GET"]}}],"collection":[{"href":"https:\/\/www.e-anjelik.sk\/index.php\/wp-json\/wp\/v2\/posts"}],"about":[{"href":"https:\/\/www.e-anjelik.sk\/index.php\/wp-json\/wp\/v2\/types\/post"}],"author":[{"embeddable":true,"href":"https:\/\/www.e-anjelik.sk\/index.php\/wp-json\/wp\/v2\/users\/22"}],"replies":[{"embeddable":true,"href":"https:\/\/www.e-anjelik.sk\/index.php\/wp-json\/wp\/v2\/comments?post=3526"}],"version-history":[{"count":0,"href":"https:\/\/www.e-anjelik.sk\/index.php\/wp-json\/wp\/v2\/posts\/3526\/revisions"}],"wp:attachment":[{"href":"https:\/\/www.e-anjelik.sk\/index.php\/wp-json\/wp\/v2\/media?parent=3526"}],"wp:term":[{"taxonomy":"category","embeddable":true,"href":"https:\/\/www.e-anjelik.sk\/index.php\/wp-json\/wp\/v2\/categories?post=3526"},{"taxonomy":"post_tag","embeddable":true,"href":"https:\/\/www.e-anjelik.sk\/index.php\/wp-json\/wp\/v2\/tags?post=3526"}],"curies":[{"name":"wp","href":"https:\/\/api.w.org\/{rel}","templated":true}]}}