{"id":3528,"date":"2011-04-30T12:47:09","date_gmt":"2011-04-30T12:47:09","guid":{"rendered":"http:\/\/e-anjelik.sk\/?p=3528"},"modified":"2011-04-30T12:47:09","modified_gmt":"2011-04-30T12:47:09","slug":"novy-ev-kostol-v-meste-pila-polsko","status":"publish","type":"post","link":"https:\/\/www.e-anjelik.sk\/index.php\/2011\/04\/30\/novy-ev-kostol-v-meste-pila-polsko\/","title":{"rendered":"Nov\u00fd ev. kostol v meste Pila, Po\u013esko"},"content":{"rendered":"<p>Vo Ve\u013ekono\u010dn&yacute; pondelok 25. apr&iacute;la t.r. sa v 75 tis&iacute;covom meste Pila, v diec&eacute;ze Pomoransko-ve\u013ekopo\u013eskej konala sl&aacute;vnos\u0165 posviacky nov&eacute;ho ev. kostola. Kostol za\u010dali stava\u0165 v r. 2008. Posviacku Bo\u017eieho stanku vykonal biskup Evanjelickej cirkvi v Po\u013esku J. Samiec z Var&scaron;avy.Pr&iacute;tomn&iacute; boli aj in&iacute; biskupi, duchovn&iacute; ev. cirkvi i ekum&eacute;ny, z&aacute;stupcovia mesta i arm&aacute;dy,&nbsp; hostia partnersk&yacute;ch organiz&aacute;cii z Nemecka. 200 kresiel do chr&aacute;mu venoval ev. cirkevn&yacute; zbor z D&uuml;sseldorfu. Olt&aacute;r, kazate\u013esk&yacute; pult&nbsp; a krstite\u013enica s&uacute; vyroben&eacute; z \u010diernej&nbsp;a hnedej \u017euly. Obraz zdobiaci presbyt&eacute;rium predstavuje ukri\u017eovan&eacute;ho Krista a je nama\u013eovan&yacute; farebne na oce\u013eovej platni.&nbsp;V zadnej \u010dasti kostola sa nach&aacute;dzaj&uacute;: katechetick&aacute; mistnos\u0165, kancel&aacute;ria Diakonie a hudobn&aacute; s&aacute;la.Po sl&aacute;vnosti bolo ob\u010derstvenie a dva koncerty:Beaty Bednarzowej a skupiny N.O.C.<\/p>\n<p>(<a href=\"http:\/\/www.luteranie.pl\">www.luteranie.pl<\/a>)<\/p>\n","protected":false},"excerpt":{"rendered":"<p>Vo Ve\u013ekono\u010dn&yacute; pondelok 25. apr&iacute;la t.r. sa v 75 tis&iacute;covom meste Pila, v diec&eacute;ze Pomoransko-ve\u013ekopo\u013eskej konala sl&aacute;vnos\u0165 posviacky nov&eacute;ho ev. kostola. Kostol za\u010dali stava\u0165 v r. 2008. Posviacku Bo\u017eieho stanku vykonal biskup Evanjelickej cirkvi v Po\u013esku J. Samiec z Var&scaron;avy.Pr&iacute;tomn&iacute; boli aj in&iacute; biskupi, duchovn&iacute; ev. cirkvi i ekum&eacute;ny, z&aacute;stupcovia mesta i arm&aacute;dy,&nbsp; hostia partnersk&yacute;ch &#8230; <a title=\"Nov\u00fd ev. kostol v meste Pila, Po\u013esko\" class=\"read-more\" href=\"https:\/\/www.e-anjelik.sk\/index.php\/2011\/04\/30\/novy-ev-kostol-v-meste-pila-polsko\/\" aria-label=\"Pre\u010d\u00edtajte si viac o Nov\u00fd ev. kostol v meste Pila, Po\u013esko\">\u010c\u00edta\u0165 viac<\/a><\/p>\n","protected":false},"author":22,"featured_media":0,"comment_status":"open","ping_status":"open","sticky":false,"template":"","format":"standard","meta":{"footnotes":""},"categories":[1],"tags":[242],"class_list":["post-3528","post","type-post","status-publish","format-standard","hentry","category-adventna-modlitba","tag-slavnosti"],"_links":{"self":[{"href":"https:\/\/www.e-anjelik.sk\/index.php\/wp-json\/wp\/v2\/posts\/3528","targetHints":{"allow":["GET"]}}],"collection":[{"href":"https:\/\/www.e-anjelik.sk\/index.php\/wp-json\/wp\/v2\/posts"}],"about":[{"href":"https:\/\/www.e-anjelik.sk\/index.php\/wp-json\/wp\/v2\/types\/post"}],"author":[{"embeddable":true,"href":"https:\/\/www.e-anjelik.sk\/index.php\/wp-json\/wp\/v2\/users\/22"}],"replies":[{"embeddable":true,"href":"https:\/\/www.e-anjelik.sk\/index.php\/wp-json\/wp\/v2\/comments?post=3528"}],"version-history":[{"count":0,"href":"https:\/\/www.e-anjelik.sk\/index.php\/wp-json\/wp\/v2\/posts\/3528\/revisions"}],"wp:attachment":[{"href":"https:\/\/www.e-anjelik.sk\/index.php\/wp-json\/wp\/v2\/media?parent=3528"}],"wp:term":[{"taxonomy":"category","embeddable":true,"href":"https:\/\/www.e-anjelik.sk\/index.php\/wp-json\/wp\/v2\/categories?post=3528"},{"taxonomy":"post_tag","embeddable":true,"href":"https:\/\/www.e-anjelik.sk\/index.php\/wp-json\/wp\/v2\/tags?post=3528"}],"curies":[{"name":"wp","href":"https:\/\/api.w.org\/{rel}","templated":true}]}}